{"id":15532,"date":"2002-11-02T00:00:00","date_gmt":"2002-11-02T00:00:00","guid":{"rendered":""},"modified":"2002-11-02T00:00:00","modified_gmt":"2002-11-02T00:00:00","slug":"introduccion-de-la-dimension-ambiental-en-la-formacion-academica-de-los-especialistas-en-ciencias-economicas-y-contadores-estudio-epistemologico-y-aplicacion-practica-a-la-universidad-de-pinar-del-ra","status":"publish","type":"post","link":"https:\/\/www.deberes.net\/tesis\/ciencias-economicas\/introduccion-de-la-dimension-ambiental-en-la-formacion-academica-de-los-especialistas-en-ciencias-economicas-y-contadores-estudio-epistemologico-y-aplicacion-practica-a-la-universidad-de-pinar-del-ra\/","title":{"rendered":"Introducci\u00f3n de la dimensi\u00f3n ambiental en la formaci\u00f3n acad\u00e9mica de los especialistas en ciencias econ\u00f3micas y contadores: estudio epistemol\u00f3gico y aplicaci\u00f3n pr\u00e1ctica a la universidad de pinar del r\u00edo"},"content":{"rendered":"<h2>Tesis doctoral de <strong> Mayra Casas Vilardel <\/strong><\/h2>\n<p>Se analiza el nexo discutible de la econom\u00eda con el medio ambiental, a la vez que enjuicia el marcado antropocentrismo actual y la parcelaci\u00f3n y sesgo disciplinar imperante. Son abordados cuestiones referidas a la problem\u00e1tica ambiental dentro del pensamiento econ\u00f3mico cubano y el sistema de instrumentos econ\u00f3micos en aplicaci\u00f3n, reconociendo con car\u00e1cter cr\u00edtico sus limitaciones y la necesidad de superarlas.  se presentan las caracter\u00edsticas del proceso de formaci\u00f3n ambiental y su exigencia desde la \u00f3ptica universitaria cubana, apoyando en un diagn\u00f3stico realizado sobre el tema en todos los centros de educaci\u00f3n superior del pa\u00eds donde se cursan carreras econ\u00f3micas, lo cual permite determinar la situaci\u00f3n actual de tratamiento del tema, el nivel de sensibilidad, conocimiento e importancia concedida al mismo, as\u00ed como las limitaciones m\u00e1s significativas existentes en la actualidad, y las v\u00edas para superarlas aprovechando las posibilidades que brinda la disciplina principal integradora en esta direcci\u00f3n.  finalmente se presenta una propuesta de formaci\u00f3n trandisciplinar en la formaci\u00f3n de los economistas y contadores cubanos, a partir de potenciar el car\u00e1cter sist\u00e9mico, transversal y transdiciplinar de la disciplina principal integradora, lo cual ha resultado ventajoso para promover el tratamiento integral del tema y facilitar un proceso formativo tendente a la reconstrucci\u00f3n del pensamiento econ\u00f3mico ambiental existente.<\/p>\n<p>&nbsp;<\/p>\n<h3>Datos acad\u00e9micos de la tesis doctoral \u00ab<strong>Introducci\u00f3n de la dimensi\u00f3n ambiental en la formaci\u00f3n acad\u00e9mica de los especialistas en ciencias econ\u00f3micas y contadores: estudio epistemol\u00f3gico y aplicaci\u00f3n pr\u00e1ctica a la universidad de pinar del r\u00edo<\/strong>\u00ab<\/h3>\n<ul>\n<li><strong>T\u00edtulo de la tesis:<\/strong>\u00a0 Introducci\u00f3n de la dimensi\u00f3n ambiental en la formaci\u00f3n acad\u00e9mica de los especialistas en ciencias econ\u00f3micas y contadores: estudio epistemol\u00f3gico y aplicaci\u00f3n pr\u00e1ctica a la universidad de pinar del r\u00edo <\/li>\n<li><strong>Autor:<\/strong>\u00a0 Mayra Casas Vilardel <\/li>\n<li><strong>Universidad:<\/strong>\u00a0 Alicante<\/li>\n<li><strong>Fecha de lectura de la tesis:<\/strong>\u00a0 11\/02\/2002<\/li>\n<\/ul>\n<p>&nbsp;<\/p>\n<h3>Direcci\u00f3n y tribunal<\/h3>\n<ul>\n<li><strong>Director de la tesis<\/strong>\n<ul>\n<li>Moises Hidalgo  Moratal<\/li>\n<\/ul>\n<\/li>\n<li><strong>Tribunal<\/strong>\n<ul>\n<li>Presidente del tribunal:  Garrido v\u00e1zquez raul ernesto <\/li>\n<li>gabriel Manfugas pantoja (vocal)<\/li>\n<li>mariela Gonz\u00e1lez p\u00e9rez (vocal)<\/li>\n<li>Jorge Hurtado jorda (vocal)<\/li>\n<\/ul>\n<\/li>\n<\/ul>\n<p>&nbsp;<\/p>\n","protected":false},"excerpt":{"rendered":"<p>Tesis doctoral de Mayra Casas Vilardel Se analiza el nexo discutible de la econom\u00eda con el medio ambiental, a la [&hellip;]<\/p>\n","protected":false},"author":1,"featured_media":0,"comment_status":"open","ping_status":"open","sticky":false,"template":"","format":"standard","meta":{"site-sidebar-layout":"default","site-content-layout":"","ast-site-content-layout":"","site-content-style":"default","site-sidebar-style":"default","ast-global-header-display":"","ast-banner-title-visibility":"","ast-main-header-display":"","ast-hfb-above-header-display":"","ast-hfb-below-header-display":"","ast-hfb-mobile-header-display":"","site-post-title":"","ast-breadcrumbs-content":"","ast-featured-img":"","footer-sml-layout":"","theme-transparent-header-meta":"","adv-header-id-meta":"","stick-header-meta":"","header-above-stick-meta":"","header-main-stick-meta":"","header-below-stick-meta":"","astra-migrate-meta-layouts":"default","ast-page-background-enabled":"default","ast-page-background-meta":{"desktop":{"background-color":"var(--ast-global-color-4)","background-image":"","background-repeat":"repeat","background-position":"center center","background-size":"auto","background-attachment":"scroll","background-type":"","background-media":"","overlay-type":"","overlay-color":"","overlay-gradient":""},"tablet":{"background-color":"","background-image":"","background-repeat":"repeat","background-position":"center center","background-size":"auto","background-attachment":"scroll","background-type":"","background-media":"","overlay-type":"","overlay-color":"","overlay-gradient":""},"mobile":{"background-color":"","background-image":"","background-repeat":"repeat","background-position":"center center","background-size":"auto","background-attachment":"scroll","background-type":"","background-media":"","overlay-type":"","overlay-color":"","overlay-gradient":""}},"ast-content-background-meta":{"desktop":{"background-color":"var(--ast-global-color-5)","background-image":"","background-repeat":"repeat","background-position":"center center","background-size":"auto","background-attachment":"scroll","background-type":"","background-media":"","overlay-type":"","overlay-color":"","overlay-gradient":""},"tablet":{"background-color":"var(--ast-global-color-5)","background-image":"","background-repeat":"repeat","background-position":"center center","background-size":"auto","background-attachment":"scroll","background-type":"","background-media":"","overlay-type":"","overlay-color":"","overlay-gradient":""},"mobile":{"background-color":"var(--ast-global-color-5)","background-image":"","background-repeat":"repeat","background-position":"center center","background-size":"auto","background-attachment":"scroll","background-type":"","background-media":"","overlay-type":"","overlay-color":"","overlay-gradient":""}},"footnotes":""},"categories":[19166,82,3132,3131,9994],"tags":[49499,49498,40937,49500,49496,49497],"class_list":["post-15532","post","type-post","status-publish","format-standard","hentry","category-alicante","category-ciencias-economicas","category-economia-general","category-historia-del-pensamiento-economico","category-metodologia-economica","tag-gabriel-manfugas-pantoja","tag-garrido-vazquez-raul-ernesto","tag-jorge-hurtado-jorda","tag-mariela-gonzalez-perez","tag-mayra-casas-vilardel","tag-moises-hidalgo-moratal"],"_links":{"self":[{"href":"https:\/\/www.deberes.net\/tesis\/wp-json\/wp\/v2\/posts\/15532","targetHints":{"allow":["GET"]}}],"collection":[{"href":"https:\/\/www.deberes.net\/tesis\/wp-json\/wp\/v2\/posts"}],"about":[{"href":"https:\/\/www.deberes.net\/tesis\/wp-json\/wp\/v2\/types\/post"}],"author":[{"embeddable":true,"href":"https:\/\/www.deberes.net\/tesis\/wp-json\/wp\/v2\/users\/1"}],"replies":[{"embeddable":true,"href":"https:\/\/www.deberes.net\/tesis\/wp-json\/wp\/v2\/comments?post=15532"}],"version-history":[{"count":0,"href":"https:\/\/www.deberes.net\/tesis\/wp-json\/wp\/v2\/posts\/15532\/revisions"}],"wp:attachment":[{"href":"https:\/\/www.deberes.net\/tesis\/wp-json\/wp\/v2\/media?parent=15532"}],"wp:term":[{"taxonomy":"category","embeddable":true,"href":"https:\/\/www.deberes.net\/tesis\/wp-json\/wp\/v2\/categories?post=15532"},{"taxonomy":"post_tag","embeddable":true,"href":"https:\/\/www.deberes.net\/tesis\/wp-json\/wp\/v2\/tags?post=15532"}],"curies":[{"name":"wp","href":"https:\/\/api.w.org\/{rel}","templated":true}]}}