{"id":155330,"date":"2026-01-12T17:19:18","date_gmt":"2026-01-12T17:19:18","guid":{"rendered":"https:\/\/www.deberes.net\/tesis\/sin-categoria\/consideraciones-en-torno-a-la-recepcion-de-franz-kafka-en-espana\/"},"modified":"2026-01-12T17:19:18","modified_gmt":"2026-01-12T17:19:18","slug":"consideraciones-en-torno-a-la-recepcion-de-franz-kafka-en-espana","status":"publish","type":"post","link":"https:\/\/www.deberes.net\/tesis\/ciencias-de-las-artes-y-las-letras\/consideraciones-en-torno-a-la-recepcion-de-franz-kafka-en-espana\/","title":{"rendered":"Consideraciones en torno a la recepcion de franz kafka en espa\u00f1a"},"content":{"rendered":"<h2>Tesis doctoral de <strong>  Fernandez Huescar Eva M. <\/strong><\/h2>\n<p>En nuestro pais se ha escrito y se ha hablado mucho sobre kafka, aunque muy pocos han leido las obras de este autor. Cuando las interpretaciones sobre un autor y su obra se convierten en frecuentes, este hecho redunda en perjuicio del sentido profundo de la obra misma. Dentro de la vida y la cultura europea de principios de siglo, kafka ha dejado una huella imborrable, tanto por el valor permanente de su obra como por la repercusion que la misma tuvo en la historia de la literatura universal. El proceso de la recepcion de la obra de este autor en nuestro pais nos ha permitido comprobar que en un plazo muy breve de tiempo kafka se ha convertido en un autor clave en la historia de la literatura contemporanea espa\u00f1ola. Por este motivo es indudable que no se pueda entender la obra de nuestros literatos de los a\u00f1os 50 y 60 sin tener en cuenta la presencia de este autor. Espa\u00f1a ha sido el pais del mundo que mas tempranamente supo valorar y traducir los escritos de franz kafka. A pesar de esta temprana recepcion, durante casi un cuarto de siglo, por contraste, apenas se percibe en espa\u00f1a la presencia de kafka. El proposito de este trabajo ha sido pues se\u00f1alar una influencia que hasta el momento no habia sido estudiada ni reconocida.<\/p>\n<p>&nbsp;<\/p>\n<h3>Datos acad\u00e9micos de la tesis doctoral \u00ab<strong>Consideraciones en torno a la recepcion de franz kafka en espa\u00f1a<\/strong>\u00ab<\/h3>\n<ul>\n<li><strong>T\u00edtulo de la tesis:<\/strong>\u00a0 Consideraciones en torno a la recepcion de franz kafka en espa\u00f1a <\/li>\n<li><strong>Autor:<\/strong>\u00a0  Fernandez Huescar Eva M. <\/li>\n<li><strong>Universidad:<\/strong>\u00a0 Complutense de Madrid<\/li>\n<li><strong>Fecha de lectura de la tesis:<\/strong>\u00a0 01\/01\/1991<\/li>\n<\/ul>\n<p>&nbsp;<\/p>\n<h3>Direcci\u00f3n y tribunal<\/h3>\n<ul>\n<li><strong>Director de la tesis<\/strong>\n<ul>\n<li>Eustaquio Barjau Riu<\/li>\n<\/ul>\n<\/li>\n<li><strong>Tribunal<\/strong>\n<ul>\n<li>Presidente del tribunal:  Gonzalez Garcia Carrascal Jos\u00e9 A. <\/li>\n<li>Mar\u00eda  Luisa Siguan Boehmer (vocal)<\/li>\n<li>Luis Angel Acosta Gomez (vocal)<\/li>\n<li>Juan Conesa Sanchez (vocal)<\/li>\n<\/ul>\n<\/li>\n<\/ul>\n<p>&nbsp;<\/p>\n","protected":false},"excerpt":{"rendered":"<p>Tesis doctoral de Fernandez Huescar Eva M. En nuestro pais se ha escrito y se ha hablado mucho sobre kafka, [&hellip;]<\/p>\n","protected":false},"author":1,"featured_media":0,"comment_status":"open","ping_status":"open","sticky":false,"template":"","format":"standard","meta":{"site-sidebar-layout":"default","site-content-layout":"","ast-site-content-layout":"","site-content-style":"default","site-sidebar-style":"default","ast-global-header-display":"","ast-banner-title-visibility":"","ast-main-header-display":"","ast-hfb-above-header-display":"","ast-hfb-below-header-display":"","ast-hfb-mobile-header-display":"","site-post-title":"","ast-breadcrumbs-content":"","ast-featured-img":"","footer-sml-layout":"","theme-transparent-header-meta":"","adv-header-id-meta":"","stick-header-meta":"","header-above-stick-meta":"","header-main-stick-meta":"","header-below-stick-meta":"","astra-migrate-meta-layouts":"default","ast-page-background-enabled":"default","ast-page-background-meta":{"desktop":{"background-color":"var(--ast-global-color-4)","background-image":"","background-repeat":"repeat","background-position":"center center","background-size":"auto","background-attachment":"scroll","background-type":"","background-media":"","overlay-type":"","overlay-color":"","overlay-gradient":""},"tablet":{"background-color":"","background-image":"","background-repeat":"repeat","background-position":"center center","background-size":"auto","background-attachment":"scroll","background-type":"","background-media":"","overlay-type":"","overlay-color":"","overlay-gradient":""},"mobile":{"background-color":"","background-image":"","background-repeat":"repeat","background-position":"center center","background-size":"auto","background-attachment":"scroll","background-type":"","background-media":"","overlay-type":"","overlay-color":"","overlay-gradient":""}},"ast-content-background-meta":{"desktop":{"background-color":"var(--ast-global-color-5)","background-image":"","background-repeat":"repeat","background-position":"center center","background-size":"auto","background-attachment":"scroll","background-type":"","background-media":"","overlay-type":"","overlay-color":"","overlay-gradient":""},"tablet":{"background-color":"var(--ast-global-color-5)","background-image":"","background-repeat":"repeat","background-position":"center center","background-size":"auto","background-attachment":"scroll","background-type":"","background-media":"","overlay-type":"","overlay-color":"","overlay-gradient":""},"mobile":{"background-color":"var(--ast-global-color-5)","background-image":"","background-repeat":"repeat","background-position":"center center","background-size":"auto","background-attachment":"scroll","background-type":"","background-media":"","overlay-type":"","overlay-color":"","overlay-gradient":""}},"footnotes":""},"categories":[147,986,628],"tags":[20387,269403,269404,110097,6246,20370],"class_list":["post-155330","post","type-post","status-publish","format-standard","hentry","category-ciencias-de-las-artes-y-las-letras","category-complutense-de-madrid","category-teoria-analisis-y-critica-literarios","tag-eustaquio-barjau-riu","tag-fernandez-huescar-eva-m","tag-gonzalez-garcia-carrascal-jose-a","tag-juan-conesa-sanchez","tag-luis-angel-acosta-gomez","tag-maria-luisa-siguan-boehmer"],"_links":{"self":[{"href":"https:\/\/www.deberes.net\/tesis\/wp-json\/wp\/v2\/posts\/155330","targetHints":{"allow":["GET"]}}],"collection":[{"href":"https:\/\/www.deberes.net\/tesis\/wp-json\/wp\/v2\/posts"}],"about":[{"href":"https:\/\/www.deberes.net\/tesis\/wp-json\/wp\/v2\/types\/post"}],"author":[{"embeddable":true,"href":"https:\/\/www.deberes.net\/tesis\/wp-json\/wp\/v2\/users\/1"}],"replies":[{"embeddable":true,"href":"https:\/\/www.deberes.net\/tesis\/wp-json\/wp\/v2\/comments?post=155330"}],"version-history":[{"count":0,"href":"https:\/\/www.deberes.net\/tesis\/wp-json\/wp\/v2\/posts\/155330\/revisions"}],"wp:attachment":[{"href":"https:\/\/www.deberes.net\/tesis\/wp-json\/wp\/v2\/media?parent=155330"}],"wp:term":[{"taxonomy":"category","embeddable":true,"href":"https:\/\/www.deberes.net\/tesis\/wp-json\/wp\/v2\/categories?post=155330"},{"taxonomy":"post_tag","embeddable":true,"href":"https:\/\/www.deberes.net\/tesis\/wp-json\/wp\/v2\/tags?post=155330"}],"curies":[{"name":"wp","href":"https:\/\/api.w.org\/{rel}","templated":true}]}}