{"id":15540,"date":"2002-12-02T00:00:00","date_gmt":"2002-12-02T00:00:00","guid":{"rendered":"https:\/\/www.deberes.net\/tesis\/sin-categoria\/fibromialgia-y-lupus-eritematoso-sistemico-una-asociacion-con-implicaciones-cla%c2%adnicas-relevantes\/"},"modified":"2002-12-02T00:00:00","modified_gmt":"2002-12-02T00:00:00","slug":"fibromialgia-y-lupus-eritematoso-sistemico-una-asociacion-con-implicaciones-cla%c2%adnicas-relevantes","status":"publish","type":"post","link":"https:\/\/www.deberes.net\/tesis\/ciencias-medicas\/fibromialgia-y-lupus-eritematoso-sistemico-una-asociacion-con-implicaciones-cla%c2%adnicas-relevantes\/","title":{"rendered":"Fibromialgia y lupus eritematoso sist\u00e9mico: una asociaci\u00f3n con implicaciones cl\u00ednicas relevantes"},"content":{"rendered":"<h2>Tesis doctoral de <strong> Aquilino Lopez De La Osa Garcia <\/strong><\/h2>\n<p>Introducci\u00f3n  la fibromialgia (fm) es un proceso reum\u00e1tico cr\u00f3nico no inflamatorio que afecta a las partes blandas del aparato locomotor. Se caracteriza por dolor corporal difuso que se objetiva en la presencia de m\u00faltiples puntos dolorosos a la presi\u00f3n digital y que se exacerba con la actividad f\u00edsica, el fr\u00edo y la humedad. Con frecuencia se asocia a trastornos del sue\u00f1o, astenia, cefaleas, cambios en el h\u00e1bito intestinal y otros s\u00edntomas funcionales. la asociaci\u00f3n de fm al lupus eritematoso sist\u00e9mico (les) se ha descrito por varios autores pudiendo conducir a errores en la interpretaci\u00f3n de los s\u00edntomas y en el tratamiento de los enfermos l\u00fapicos dada la similitud en las manifestaciones generales y musculoesquel\u00e9ticas de ambas entidades.  objetivos  1,- conocer la preValencia en nuestra serie de pacientes con les.  2,- conocer la preValencia de depresi\u00f3n y ansiedad en la serie de pacientes con lupus y su relaci\u00f3n con la presencia de fm.  3,- conocer si elevados niveles de estr\u00e9s vital se asocian con la presencia de fm.  4,- determinar el impacto que la fm tiene en la calidad de vida de los pacientes con lupus.  5,- determinar si la presencia de fm se asoci\u00f3 a tratamientos m\u00e1s agresivos para el control de la enfermedad l\u00fapica.  pacientes y m\u00e9todo  se evaluaron 145 pacientes con el diagn\u00f3stico de les (presencia de 4 \u00f3 m\u00e1s criterios del acr) y 21 pacientes con lupus cut\u00e1neo (diagn\u00f3stico histol\u00f3gico). Se realizaron cuestionarios generales demogr\u00e1ficos, laborales, presencia de s\u00edntomas fibromi\u00e1lgicos, repercusi\u00f3n de estos s\u00edntomas sobre las actividades de la vida diaria, exploraci\u00f3n f\u00edsica de los puntos fibromi\u00e1lgicos, determinaci\u00f3n del umbral doloroso en puntos fibromi\u00e1lgicos y controles, datos cl\u00ednicos-evolutivos y de tratamiento referentes al lupus, calculo de la actividad l\u00fapica seg\u00fan la escala sledai y del \u00edndice de da\u00f1o corporal seg\u00fan la escala slicc, estudio de laboratorio y estu<\/p>\n<p>&nbsp;<\/p>\n<h3>Datos acad\u00e9micos de la tesis doctoral \u00ab<strong>Fibromialgia y lupus eritematoso sist\u00e9mico: una asociaci\u00f3n con implicaciones cl\u00ednicas relevantes<\/strong>\u00ab<\/h3>\n<ul>\n<li><strong>T\u00edtulo de la tesis:<\/strong>\u00a0 Fibromialgia y lupus eritematoso sist\u00e9mico: una asociaci\u00f3n con implicaciones cl\u00ednicas relevantes <\/li>\n<li><strong>Autor:<\/strong>\u00a0 Aquilino Lopez De La Osa Garcia <\/li>\n<li><strong>Universidad:<\/strong>\u00a0 Granada<\/li>\n<li><strong>Fecha de lectura de la tesis:<\/strong>\u00a0 12\/02\/2002<\/li>\n<\/ul>\n<p>&nbsp;<\/p>\n<h3>Direcci\u00f3n y tribunal<\/h3>\n<ul>\n<li><strong>Director de la tesis<\/strong>\n<ul>\n<li>Juan  Francisco Jimenez Alonso<\/li>\n<\/ul>\n<\/li>\n<li><strong>Tribunal<\/strong>\n<ul>\n<li>Presidente del tribunal: jose De la higuera torres-puchol <\/li>\n<li>julio S\u00e1nchez rom\u00e1n (vocal)<\/li>\n<li>Rafael Caliz caliz (vocal)<\/li>\n<li>Javier Gol madre (vocal)<\/li>\n<\/ul>\n<\/li>\n<\/ul>\n<p>&nbsp;<\/p>\n","protected":false},"excerpt":{"rendered":"<p>Tesis doctoral de Aquilino Lopez De La Osa Garcia Introducci\u00f3n la fibromialgia (fm) es un proceso reum\u00e1tico cr\u00f3nico no inflamatorio [&hellip;]<\/p>\n","protected":false},"author":1,"featured_media":0,"comment_status":"open","ping_status":"open","sticky":false,"template":"","format":"standard","meta":{"site-sidebar-layout":"default","site-content-layout":"","ast-site-content-layout":"","site-content-style":"default","site-sidebar-style":"default","ast-global-header-display":"","ast-banner-title-visibility":"","ast-main-header-display":"","ast-hfb-above-header-display":"","ast-hfb-below-header-display":"","ast-hfb-mobile-header-display":"","site-post-title":"","ast-breadcrumbs-content":"","ast-featured-img":"","footer-sml-layout":"","theme-transparent-header-meta":"","adv-header-id-meta":"","stick-header-meta":"","header-above-stick-meta":"","header-main-stick-meta":"","header-below-stick-meta":"","astra-migrate-meta-layouts":"default","ast-page-background-enabled":"default","ast-page-background-meta":{"desktop":{"background-color":"var(--ast-global-color-4)","background-image":"","background-repeat":"repeat","background-position":"center center","background-size":"auto","background-attachment":"scroll","background-type":"","background-media":"","overlay-type":"","overlay-color":"","overlay-gradient":""},"tablet":{"background-color":"","background-image":"","background-repeat":"repeat","background-position":"center center","background-size":"auto","background-attachment":"scroll","background-type":"","background-media":"","overlay-type":"","overlay-color":"","overlay-gradient":""},"mobile":{"background-color":"","background-image":"","background-repeat":"repeat","background-position":"center center","background-size":"auto","background-attachment":"scroll","background-type":"","background-media":"","overlay-type":"","overlay-color":"","overlay-gradient":""}},"ast-content-background-meta":{"desktop":{"background-color":"var(--ast-global-color-5)","background-image":"","background-repeat":"repeat","background-position":"center center","background-size":"auto","background-attachment":"scroll","background-type":"","background-media":"","overlay-type":"","overlay-color":"","overlay-gradient":""},"tablet":{"background-color":"var(--ast-global-color-5)","background-image":"","background-repeat":"repeat","background-position":"center center","background-size":"auto","background-attachment":"scroll","background-type":"","background-media":"","overlay-type":"","overlay-color":"","overlay-gradient":""},"mobile":{"background-color":"var(--ast-global-color-5)","background-image":"","background-repeat":"repeat","background-position":"center center","background-size":"auto","background-attachment":"scroll","background-type":"","background-media":"","overlay-type":"","overlay-color":"","overlay-gradient":""}},"footnotes":""},"categories":[9,139,877],"tags":[49525,49527,3915,2422,10862,49526],"class_list":["post-15540","post","type-post","status-publish","format-standard","hentry","category-ciencias-medicas","category-medicina-interna","category-reumatologia","tag-aquilino-lopez-de-la-osa-garcia","tag-javier-gol-madre","tag-jose-de-la-higuera-torres-puchol","tag-juan-francisco-jimenez-alonso","tag-julio-sanchez-roman","tag-rafael-caliz-caliz"],"_links":{"self":[{"href":"https:\/\/www.deberes.net\/tesis\/wp-json\/wp\/v2\/posts\/15540","targetHints":{"allow":["GET"]}}],"collection":[{"href":"https:\/\/www.deberes.net\/tesis\/wp-json\/wp\/v2\/posts"}],"about":[{"href":"https:\/\/www.deberes.net\/tesis\/wp-json\/wp\/v2\/types\/post"}],"author":[{"embeddable":true,"href":"https:\/\/www.deberes.net\/tesis\/wp-json\/wp\/v2\/users\/1"}],"replies":[{"embeddable":true,"href":"https:\/\/www.deberes.net\/tesis\/wp-json\/wp\/v2\/comments?post=15540"}],"version-history":[{"count":0,"href":"https:\/\/www.deberes.net\/tesis\/wp-json\/wp\/v2\/posts\/15540\/revisions"}],"wp:attachment":[{"href":"https:\/\/www.deberes.net\/tesis\/wp-json\/wp\/v2\/media?parent=15540"}],"wp:term":[{"taxonomy":"category","embeddable":true,"href":"https:\/\/www.deberes.net\/tesis\/wp-json\/wp\/v2\/categories?post=15540"},{"taxonomy":"post_tag","embeddable":true,"href":"https:\/\/www.deberes.net\/tesis\/wp-json\/wp\/v2\/tags?post=15540"}],"curies":[{"name":"wp","href":"https:\/\/api.w.org\/{rel}","templated":true}]}}