{"id":155504,"date":"2026-01-12T17:20:58","date_gmt":"2026-01-12T17:20:58","guid":{"rendered":"https:\/\/www.deberes.net\/tesis\/sin-categoria\/los-problemas-de-la-participacion-espanola-en-la-administracion-internacional-de-tanger\/"},"modified":"2026-01-12T17:20:58","modified_gmt":"2026-01-12T17:20:58","slug":"los-problemas-de-la-participacion-espanola-en-la-administracion-internacional-de-tanger","status":"publish","type":"post","link":"https:\/\/www.deberes.net\/tesis\/sociologia\/los-problemas-de-la-participacion-espanola-en-la-administracion-internacional-de-tanger\/","title":{"rendered":"Los problemas de la participacion espa\u00f1ola en la administracion internacional de tanger."},"content":{"rendered":"<h2>Tesis doctoral de <strong> Mar\u00eda Fuencisla Mar\u00edn Cast\u00e1n <\/strong><\/h2>\n<p>Estudio de la participacion de espa\u00f1a en la administracion internacional de tanger establecida por la convencion de paris de 1923 que incluye la negociacion del mismo desde la conferencia de Madrid de 1880 en prevision de la descomposicion del sultanato de marruecos donde se contempla la especificidad de la ciudad africana del estrecho.  abarca pues los cambios politicos internos en relacion con las transformaciones de la sociedad mundial desde el ambito de cooperacion de la zona internacional no exenta de conflictos durante la monarquia de alfonso xiii, la dictadura de primo de rivera, la segunda republica, la guerra civil, concluyendo con la condena del regimen del general franco por parte de las naciones unidas, que se extiende al ambito de tanger despues de la segunda guerra mundial.    La investigacion incorpora abundante documentacion inedita, especialmente aquella contenida en los archivos de la administracion internacional de tanger que solo se encuentran a disposicion del investigador desde 1988 en el archivo general de la administracion de alcala de henares.<\/p>\n<p>&nbsp;<\/p>\n<h3>Datos acad\u00e9micos de la tesis doctoral \u00ab<strong>Los problemas de la participacion espa\u00f1ola en la administracion internacional de tanger.<\/strong>\u00ab<\/h3>\n<ul>\n<li><strong>T\u00edtulo de la tesis:<\/strong>\u00a0 Los problemas de la participacion espa\u00f1ola en la administracion internacional de tanger. <\/li>\n<li><strong>Autor:<\/strong>\u00a0 Mar\u00eda Fuencisla Mar\u00edn Cast\u00e1n <\/li>\n<li><strong>Universidad:<\/strong>\u00a0 Complutense de Madrid<\/li>\n<li><strong>Fecha de lectura de la tesis:<\/strong>\u00a0 01\/01\/1991<\/li>\n<\/ul>\n<p>&nbsp;<\/p>\n<h3>Direcci\u00f3n y tribunal<\/h3>\n<ul>\n<li><strong>Director de la tesis<\/strong>\n<ul>\n<li>Rafael Calduch Cervera<\/li>\n<\/ul>\n<\/li>\n<li><strong>Tribunal<\/strong>\n<ul>\n<li>Presidente del tribunal: Antonio Truyol Serra <\/li>\n<li>Gustavo Palomares Lerma (vocal)<\/li>\n<li>Miguel Diez Barrado Castor (vocal)<\/li>\n<li>Manuel Varela Parache (vocal)<\/li>\n<\/ul>\n<\/li>\n<\/ul>\n<p>&nbsp;<\/p>\n","protected":false},"excerpt":{"rendered":"<p>Tesis doctoral de Mar\u00eda Fuencisla Mar\u00edn Cast\u00e1n Estudio de la participacion de espa\u00f1a en la administracion internacional de tanger establecida [&hellip;]<\/p>\n","protected":false},"author":1,"featured_media":0,"comment_status":"open","ping_status":"open","sticky":false,"template":"","format":"standard","meta":{"site-sidebar-layout":"default","site-content-layout":"","ast-site-content-layout":"","site-content-style":"default","site-sidebar-style":"default","ast-global-header-display":"","ast-banner-title-visibility":"","ast-main-header-display":"","ast-hfb-above-header-display":"","ast-hfb-below-header-display":"","ast-hfb-mobile-header-display":"","site-post-title":"","ast-breadcrumbs-content":"","ast-featured-img":"","footer-sml-layout":"","theme-transparent-header-meta":"","adv-header-id-meta":"","stick-header-meta":"","header-above-stick-meta":"","header-main-stick-meta":"","header-below-stick-meta":"","astra-migrate-meta-layouts":"default","ast-page-background-enabled":"default","ast-page-background-meta":{"desktop":{"background-color":"var(--ast-global-color-4)","background-image":"","background-repeat":"repeat","background-position":"center center","background-size":"auto","background-attachment":"scroll","background-type":"","background-media":"","overlay-type":"","overlay-color":"","overlay-gradient":""},"tablet":{"background-color":"","background-image":"","background-repeat":"repeat","background-position":"center center","background-size":"auto","background-attachment":"scroll","background-type":"","background-media":"","overlay-type":"","overlay-color":"","overlay-gradient":""},"mobile":{"background-color":"","background-image":"","background-repeat":"repeat","background-position":"center center","background-size":"auto","background-attachment":"scroll","background-type":"","background-media":"","overlay-type":"","overlay-color":"","overlay-gradient":""}},"ast-content-background-meta":{"desktop":{"background-color":"var(--ast-global-color-5)","background-image":"","background-repeat":"repeat","background-position":"center center","background-size":"auto","background-attachment":"scroll","background-type":"","background-media":"","overlay-type":"","overlay-color":"","overlay-gradient":""},"tablet":{"background-color":"var(--ast-global-color-5)","background-image":"","background-repeat":"repeat","background-position":"center center","background-size":"auto","background-attachment":"scroll","background-type":"","background-media":"","overlay-type":"","overlay-color":"","overlay-gradient":""},"mobile":{"background-color":"var(--ast-global-color-5)","background-image":"","background-repeat":"repeat","background-position":"center center","background-size":"auto","background-attachment":"scroll","background-type":"","background-media":"","overlay-type":"","overlay-color":"","overlay-gradient":""}},"footnotes":""},"categories":[838,986,5826,14653,4073,269],"tags":[4618,5828,750,76971,11449,4887],"class_list":["post-155504","post","type-post","status-publish","format-standard","hentry","category-ciencia-politica","category-complutense-de-madrid","category-problemas-de-las-relaciones-internacionales","category-problemas-internacionales","category-relaciones-internacionales","category-sociologia","tag-antonio-truyol-serra","tag-gustavo-palomares-lerma","tag-manuel-varela-parache","tag-maria-fuencisla-marin-castan","tag-miguel-diez-barrado-castor","tag-rafael-calduch-cervera"],"_links":{"self":[{"href":"https:\/\/www.deberes.net\/tesis\/wp-json\/wp\/v2\/posts\/155504","targetHints":{"allow":["GET"]}}],"collection":[{"href":"https:\/\/www.deberes.net\/tesis\/wp-json\/wp\/v2\/posts"}],"about":[{"href":"https:\/\/www.deberes.net\/tesis\/wp-json\/wp\/v2\/types\/post"}],"author":[{"embeddable":true,"href":"https:\/\/www.deberes.net\/tesis\/wp-json\/wp\/v2\/users\/1"}],"replies":[{"embeddable":true,"href":"https:\/\/www.deberes.net\/tesis\/wp-json\/wp\/v2\/comments?post=155504"}],"version-history":[{"count":0,"href":"https:\/\/www.deberes.net\/tesis\/wp-json\/wp\/v2\/posts\/155504\/revisions"}],"wp:attachment":[{"href":"https:\/\/www.deberes.net\/tesis\/wp-json\/wp\/v2\/media?parent=155504"}],"wp:term":[{"taxonomy":"category","embeddable":true,"href":"https:\/\/www.deberes.net\/tesis\/wp-json\/wp\/v2\/categories?post=155504"},{"taxonomy":"post_tag","embeddable":true,"href":"https:\/\/www.deberes.net\/tesis\/wp-json\/wp\/v2\/tags?post=155504"}],"curies":[{"name":"wp","href":"https:\/\/api.w.org\/{rel}","templated":true}]}}