{"id":155619,"date":"2026-01-12T17:21:57","date_gmt":"2026-01-12T17:21:57","guid":{"rendered":"https:\/\/www.deberes.net\/tesis\/sin-categoria\/las-solidaridades-lexicas-del-espanol\/"},"modified":"2026-01-12T17:21:57","modified_gmt":"2026-01-12T17:21:57","slug":"las-solidaridades-lexicas-del-espanol","status":"publish","type":"post","link":"https:\/\/www.deberes.net\/tesis\/linguistica\/las-solidaridades-lexicas-del-espanol\/","title":{"rendered":"Las solidaridades lexicas del espa\u00f1ol"},"content":{"rendered":"<h2>Tesis doctoral de <strong> Paloma Pernas Izquierdo <\/strong><\/h2>\n<p>Las solidaridades lexicas son relaciones semanticas entre palabras que se manifiestan en restricciones combinatorias. Un estructuralista, e. Coseriu, fue quien delimito el fenomeno y lo clasifico segun diferentes criterios. El director de esta tesis ha demostrado la frecuencia de estas relaciones en nuestro vocabulario y ha revelado una casuistica mas rica y compleja que la catalogada por coseriu. Nuestro trabajo ha consistido en la aplicacion sistematica de los conceptos y perspectivas lexematicos que conciernen a las solidaridades lexicas para comprobar su operatividad, conocer la extension real del fenomeno en nuestro lexico, ahondar en la comprension del mismo y proporcionar datos que contribuyan a una reformulacion mas ajustada de las definiciones lexicograficas de las palabras afectadas. Se divide en dos partes: a) recopilacion del corpus a partir de dos diccionarios acreditados (drae y due) y ordenacion y clasificacion del mismo segun los tres criterios propuestos por coseriu: b) averiguaciones acerca del estatus linguistico de este tipo de colocacion lexica, basadas en el analisis del material reunido y de las opiniones de algunos teoricos. Asi hemos establecido el fundamento semico -distintivo- de la relacion solidaria y las propiedades que separan al rasgo solidario de otros semas: junto a la necesidad de expresion en la frase, la falta de correlato nocional y referencial y, por tanto, completa arbitrariedad. Hemos demostrado la contradiccion interna que suponia una de las clasificaciones de coseriu (que separaba los rasgos solidarios conmutables de los no distintivos), la relativa utilidad del criterio de la amplitud del rasgo solidario (los ejemplos que se ajustan a ella forman una parte reducida del corpus total) y, por ultimo, en cuanto a la clasificacion en solidaridades propiamente lexicas y solidaridades semanticas, aunque seguros de su pertinencia, hemos se\u00f1alado los problemas con que tropieza su aplicacion.<\/p>\n<p>&nbsp;<\/p>\n<h3>Datos acad\u00e9micos de la tesis doctoral \u00ab<strong>Las solidaridades lexicas del espa\u00f1ol<\/strong>\u00ab<\/h3>\n<ul>\n<li><strong>T\u00edtulo de la tesis:<\/strong>\u00a0 Las solidaridades lexicas del espa\u00f1ol <\/li>\n<li><strong>Autor:<\/strong>\u00a0 Paloma Pernas Izquierdo <\/li>\n<li><strong>Universidad:<\/strong>\u00a0 Complutense de Madrid<\/li>\n<li><strong>Fecha de lectura de la tesis:<\/strong>\u00a0 01\/01\/1991<\/li>\n<\/ul>\n<p>&nbsp;<\/p>\n<h3>Direcci\u00f3n y tribunal<\/h3>\n<ul>\n<li><strong>Director de la tesis<\/strong>\n<ul>\n<li>Gregorio Salvador Caja<\/li>\n<\/ul>\n<\/li>\n<li><strong>Tribunal<\/strong>\n<ul>\n<li>Presidente del tribunal: Ignacio Bosque Mu\u00f1oz <\/li>\n<li>Angel Chiclana Cardona (vocal)<\/li>\n<li>Eugenio Mar\u00eda Bustos Gisbert (vocal)<\/li>\n<li>Salvador Guti\u00e9rrez Ord\u00f3\u00f1ez (vocal)<\/li>\n<\/ul>\n<\/li>\n<\/ul>\n<p>&nbsp;<\/p>\n","protected":false},"excerpt":{"rendered":"<p>Tesis doctoral de Paloma Pernas Izquierdo Las solidaridades lexicas son relaciones semanticas entre palabras que se manifiestan en restricciones combinatorias. [&hellip;]<\/p>\n","protected":false},"author":1,"featured_media":0,"comment_status":"open","ping_status":"open","sticky":false,"template":"","format":"standard","meta":{"site-sidebar-layout":"default","site-content-layout":"","ast-site-content-layout":"","site-content-style":"default","site-sidebar-style":"default","ast-global-header-display":"","ast-banner-title-visibility":"","ast-main-header-display":"","ast-hfb-above-header-display":"","ast-hfb-below-header-display":"","ast-hfb-mobile-header-display":"","site-post-title":"","ast-breadcrumbs-content":"","ast-featured-img":"","footer-sml-layout":"","theme-transparent-header-meta":"","adv-header-id-meta":"","stick-header-meta":"","header-above-stick-meta":"","header-main-stick-meta":"","header-below-stick-meta":"","astra-migrate-meta-layouts":"default","ast-page-background-enabled":"default","ast-page-background-meta":{"desktop":{"background-color":"var(--ast-global-color-4)","background-image":"","background-repeat":"repeat","background-position":"center center","background-size":"auto","background-attachment":"scroll","background-type":"","background-media":"","overlay-type":"","overlay-color":"","overlay-gradient":""},"tablet":{"background-color":"","background-image":"","background-repeat":"repeat","background-position":"center center","background-size":"auto","background-attachment":"scroll","background-type":"","background-media":"","overlay-type":"","overlay-color":"","overlay-gradient":""},"mobile":{"background-color":"","background-image":"","background-repeat":"repeat","background-position":"center center","background-size":"auto","background-attachment":"scroll","background-type":"","background-media":"","overlay-type":"","overlay-color":"","overlay-gradient":""}},"ast-content-background-meta":{"desktop":{"background-color":"var(--ast-global-color-5)","background-image":"","background-repeat":"repeat","background-position":"center center","background-size":"auto","background-attachment":"scroll","background-type":"","background-media":"","overlay-type":"","overlay-color":"","overlay-gradient":""},"tablet":{"background-color":"var(--ast-global-color-5)","background-image":"","background-repeat":"repeat","background-position":"center center","background-size":"auto","background-attachment":"scroll","background-type":"","background-media":"","overlay-type":"","overlay-color":"","overlay-gradient":""},"mobile":{"background-color":"var(--ast-global-color-5)","background-image":"","background-repeat":"repeat","background-position":"center center","background-size":"auto","background-attachment":"scroll","background-type":"","background-media":"","overlay-type":"","overlay-color":"","overlay-gradient":""}},"footnotes":""},"categories":[986,61,59,62,886],"tags":[24482,6435,5203,2543,269747,3018],"class_list":["post-155619","post","type-post","status-publish","format-standard","hentry","category-complutense-de-madrid","category-lexicologia","category-linguistica","category-linguistica-sincronica","category-semantica","tag-angel-chiclana-cardona","tag-eugenio-maria-bustos-gisbert","tag-gregorio-salvador-caja","tag-ignacio-bosque-munoz","tag-paloma-pernas-izquierdo","tag-salvador-gutierrez-ordonez"],"_links":{"self":[{"href":"https:\/\/www.deberes.net\/tesis\/wp-json\/wp\/v2\/posts\/155619","targetHints":{"allow":["GET"]}}],"collection":[{"href":"https:\/\/www.deberes.net\/tesis\/wp-json\/wp\/v2\/posts"}],"about":[{"href":"https:\/\/www.deberes.net\/tesis\/wp-json\/wp\/v2\/types\/post"}],"author":[{"embeddable":true,"href":"https:\/\/www.deberes.net\/tesis\/wp-json\/wp\/v2\/users\/1"}],"replies":[{"embeddable":true,"href":"https:\/\/www.deberes.net\/tesis\/wp-json\/wp\/v2\/comments?post=155619"}],"version-history":[{"count":0,"href":"https:\/\/www.deberes.net\/tesis\/wp-json\/wp\/v2\/posts\/155619\/revisions"}],"wp:attachment":[{"href":"https:\/\/www.deberes.net\/tesis\/wp-json\/wp\/v2\/media?parent=155619"}],"wp:term":[{"taxonomy":"category","embeddable":true,"href":"https:\/\/www.deberes.net\/tesis\/wp-json\/wp\/v2\/categories?post=155619"},{"taxonomy":"post_tag","embeddable":true,"href":"https:\/\/www.deberes.net\/tesis\/wp-json\/wp\/v2\/tags?post=155619"}],"curies":[{"name":"wp","href":"https:\/\/api.w.org\/{rel}","templated":true}]}}