{"id":15567,"date":"2018-03-09T09:02:47","date_gmt":"2018-03-09T09:02:47","guid":{"rendered":"https:\/\/www.deberes.net\/tesis\/sin-categoria\/transicion-demografica-y-social-en-rapa-nui-isla-de-pascua\/"},"modified":"2018-03-09T09:02:47","modified_gmt":"2018-03-09T09:02:47","slug":"transicion-demografica-y-social-en-rapa-nui-isla-de-pascua","status":"publish","type":"post","link":"https:\/\/www.deberes.net\/tesis\/antropologia\/transicion-demografica-y-social-en-rapa-nui-isla-de-pascua\/","title":{"rendered":"Transicion demografica y social en rapa nui (isla de pascua)"},"content":{"rendered":"<h2>Tesis doctoral de <strong>  Santa Coloma Costea M. Eugenia <\/strong><\/h2>\n<p>Al igual que muchas otras sociedades, la poblaci\u00f3n radanui ha visto c\u00f3mo su modo de vida y cultura se han alterado como consecuencia de un proceso de aculturaci\u00f3n, resultado del contacto con otras culturas, en este caso, la chilena. A lo largo de esta investigaci\u00f3n, se tratar\u00e1 de buscar respuestas a porqu\u00e9, cu\u00e1ndo y como de este cambio.  el objetivo de esta tesis es comprobar el modelo de transici\u00f3n demogr\u00e1fica de caldwell en la poblaci\u00f3n rapanui. Para ello se tratar\u00e1 de resolver diversas cuestiones y son las siguientes:  1. Estudiar la estructura demografica de la poblaci\u00f3n rapanui y su evoluci\u00f3n a lo largo del siglo xx, primer paso para analizar el cambio que se produce en su sociedad.  2. Transformaci\u00f3n del matrimonio en la sociedad rapanui, como indicador del estado de desarrollo de una poblaci\u00f3n en la modernidad.  3. Evoluci\u00f3n de los niveles de fecundidad en la poblaci\u00f3n rapanui y c\u00f3mo se ha visto influida por el proceso de cambio que tiene lugar en su sociedad, dando lugar a una variaci\u00f3n en la formaci\u00f3n de familias como respuesta a factores sociales, culturales y economicos.  los resultados obtenidos indican que la poblaci\u00f3n rapanui sigue el modelo de transici\u00f3n demogr\u00e1fica de caldwell.<\/p>\n<p>&nbsp;<\/p>\n<h3>Datos acad\u00e9micos de la tesis doctoral \u00ab<strong>Transicion demografica y social en rapa nui (isla de pascua)<\/strong>\u00ab<\/h3>\n<ul>\n<li><strong>T\u00edtulo de la tesis:<\/strong>\u00a0 Transicion demografica y social en rapa nui (isla de pascua) <\/li>\n<li><strong>Autor:<\/strong>\u00a0  Santa Coloma Costea M. Eugenia <\/li>\n<li><strong>Universidad:<\/strong>\u00a0 Barcelona<\/li>\n<li><strong>Fecha de lectura de la tesis:<\/strong>\u00a0 14\/02\/2002<\/li>\n<\/ul>\n<p>&nbsp;<\/p>\n<h3>Direcci\u00f3n y tribunal<\/h3>\n<ul>\n<li><strong>Director de la tesis<\/strong>\n<ul>\n<li>Grant Mocall<\/li>\n<\/ul>\n<\/li>\n<li><strong>Tribunal<\/strong>\n<ul>\n<li>Presidente del tribunal: contreras Jesus <\/li>\n<li>verena Stolcke (vocal)<\/li>\n<li>roige Xavier (vocal)<\/li>\n<li>devolder Daniel (vocal)<\/li>\n<\/ul>\n<\/li>\n<\/ul>\n<p>&nbsp;<\/p>\n","protected":false},"excerpt":{"rendered":"<p>Tesis doctoral de Santa Coloma Costea M. Eugenia Al igual que muchas otras sociedades, la poblaci\u00f3n radanui ha visto c\u00f3mo [&hellip;]<\/p>\n","protected":false},"author":1,"featured_media":0,"comment_status":"open","ping_status":"open","sticky":false,"template":"","format":"standard","meta":{"site-sidebar-layout":"default","site-content-layout":"","ast-site-content-layout":"","site-content-style":"default","site-sidebar-style":"default","ast-global-header-display":"","ast-banner-title-visibility":"","ast-main-header-display":"","ast-hfb-above-header-display":"","ast-hfb-below-header-display":"","ast-hfb-mobile-header-display":"","site-post-title":"","ast-breadcrumbs-content":"","ast-featured-img":"","footer-sml-layout":"","theme-transparent-header-meta":"","adv-header-id-meta":"","stick-header-meta":"","header-above-stick-meta":"","header-main-stick-meta":"","header-below-stick-meta":"","astra-migrate-meta-layouts":"default","ast-page-background-enabled":"default","ast-page-background-meta":{"desktop":{"background-color":"var(--ast-global-color-4)","background-image":"","background-repeat":"repeat","background-position":"center center","background-size":"auto","background-attachment":"scroll","background-type":"","background-media":"","overlay-type":"","overlay-color":"","overlay-gradient":""},"tablet":{"background-color":"","background-image":"","background-repeat":"repeat","background-position":"center center","background-size":"auto","background-attachment":"scroll","background-type":"","background-media":"","overlay-type":"","overlay-color":"","overlay-gradient":""},"mobile":{"background-color":"","background-image":"","background-repeat":"repeat","background-position":"center center","background-size":"auto","background-attachment":"scroll","background-type":"","background-media":"","overlay-type":"","overlay-color":"","overlay-gradient":""}},"ast-content-background-meta":{"desktop":{"background-color":"var(--ast-global-color-5)","background-image":"","background-repeat":"repeat","background-position":"center center","background-size":"auto","background-attachment":"scroll","background-type":"","background-media":"","overlay-type":"","overlay-color":"","overlay-gradient":""},"tablet":{"background-color":"var(--ast-global-color-5)","background-image":"","background-repeat":"repeat","background-position":"center center","background-size":"auto","background-attachment":"scroll","background-type":"","background-media":"","overlay-type":"","overlay-color":"","overlay-gradient":""},"mobile":{"background-color":"var(--ast-global-color-5)","background-image":"","background-repeat":"repeat","background-position":"center center","background-size":"auto","background-attachment":"scroll","background-type":"","background-media":"","overlay-type":"","overlay-color":"","overlay-gradient":""}},"footnotes":""},"categories":[681,2720,951,4696,1066,21402,3994,17190,48718],"tags":[49601,49604,49600,49603,49599,49602],"class_list":["post-15567","post","type-post","status-publish","format-standard","hentry","category-antropologia","category-antropologia-social","category-barcelona","category-caracteristicas-de-la-poblacion","category-demografia","category-estructuras-generales-demograficas","category-filiacion-familia-y-parentesco","category-tamano-de-la-poblacion-y-evolucion-demografica","category-transicion-demografica","tag-contreras-jesus","tag-devolder-daniel","tag-grant-mocall","tag-roige-xavier","tag-santa-coloma-costea-m-eugenia","tag-verena-stolcke"],"_links":{"self":[{"href":"https:\/\/www.deberes.net\/tesis\/wp-json\/wp\/v2\/posts\/15567","targetHints":{"allow":["GET"]}}],"collection":[{"href":"https:\/\/www.deberes.net\/tesis\/wp-json\/wp\/v2\/posts"}],"about":[{"href":"https:\/\/www.deberes.net\/tesis\/wp-json\/wp\/v2\/types\/post"}],"author":[{"embeddable":true,"href":"https:\/\/www.deberes.net\/tesis\/wp-json\/wp\/v2\/users\/1"}],"replies":[{"embeddable":true,"href":"https:\/\/www.deberes.net\/tesis\/wp-json\/wp\/v2\/comments?post=15567"}],"version-history":[{"count":0,"href":"https:\/\/www.deberes.net\/tesis\/wp-json\/wp\/v2\/posts\/15567\/revisions"}],"wp:attachment":[{"href":"https:\/\/www.deberes.net\/tesis\/wp-json\/wp\/v2\/media?parent=15567"}],"wp:term":[{"taxonomy":"category","embeddable":true,"href":"https:\/\/www.deberes.net\/tesis\/wp-json\/wp\/v2\/categories?post=15567"},{"taxonomy":"post_tag","embeddable":true,"href":"https:\/\/www.deberes.net\/tesis\/wp-json\/wp\/v2\/tags?post=15567"}],"curies":[{"name":"wp","href":"https:\/\/api.w.org\/{rel}","templated":true}]}}