{"id":155746,"date":"2026-01-12T17:23:01","date_gmt":"2026-01-12T17:23:01","guid":{"rendered":"https:\/\/www.deberes.net\/tesis\/sin-categoria\/el-raisuni-aliado-y-enemigo-de-espana\/"},"modified":"2026-01-12T17:23:01","modified_gmt":"2026-01-12T17:23:01","slug":"el-raisuni-aliado-y-enemigo-de-espana","status":"publish","type":"post","link":"https:\/\/www.deberes.net\/tesis\/historia\/el-raisuni-aliado-y-enemigo-de-espana\/","title":{"rendered":"El raisuni, aliado y enemigo de espa\u00f1a"},"content":{"rendered":"<h2>Tesis doctoral de <strong>  Tessainer Tomasich Carlos Federico <\/strong><\/h2>\n<p>La figura del cherif muley ahmed el raisuni, resulta de vital importancia para el estudio de los ultimos a\u00f1os de la independencia marroqui y el inicio del protectorado por parte de espa\u00f1a. Partiendo de la fecha de su nacimiento y de su primera infancia, el trabajo hace especial hincapie en la actuacion de el raisuni bajo la presencia espa\u00f1ola. Convencido de que los dias de libertad para su pais estaban contados, prefirio pactar con espa\u00f1a, en la creencia de que era lo suficientemente debil como para consentir que en la zona norte marroqui (yebala) el siguiese ejerciendo un gobierno autonomo que lo creia necesario para salvaguardar una independencia de hecho de toda la region. Se analizan en este trabajo sus borrascosas relaciones con espa\u00f1a y el fracaso de las mismas; sus relaciones con alemania durante la i guerra mundial y su negativa a aliarse con abd el krim frente a espa\u00f1a, en la conviccion de que no luchaba por su pais.  en definitiva, lo que su figura represento en la lucha de los marroquies frente al colonialismo.<\/p>\n<p>&nbsp;<\/p>\n<h3>Datos acad\u00e9micos de la tesis doctoral \u00ab<strong>El raisuni, aliado y enemigo de espa\u00f1a<\/strong>\u00ab<\/h3>\n<ul>\n<li><strong>T\u00edtulo de la tesis:<\/strong>\u00a0 El raisuni, aliado y enemigo de espa\u00f1a <\/li>\n<li><strong>Autor:<\/strong>\u00a0  Tessainer Tomasich Carlos Federico <\/li>\n<li><strong>Universidad:<\/strong>\u00a0 Complutense de Madrid<\/li>\n<li><strong>Fecha de lectura de la tesis:<\/strong>\u00a0 01\/01\/1991<\/li>\n<\/ul>\n<p>&nbsp;<\/p>\n<h3>Direcci\u00f3n y tribunal<\/h3>\n<ul>\n<li><strong>Director de la tesis<\/strong>\n<ul>\n<li>Jos\u00e9 Urbano Martinez Carreras<\/li>\n<\/ul>\n<\/li>\n<li><strong>Tribunal<\/strong>\n<ul>\n<li>Presidente del tribunal: Antonio Fernandez Garcia <\/li>\n<li>Bautista Vilar Juan (vocal)<\/li>\n<li>Pedro Martinez Montavez (vocal)<\/li>\n<li>Bernab\u00e9 L\u00f3pez Garc\u00eda (vocal)<\/li>\n<\/ul>\n<\/li>\n<\/ul>\n<p>&nbsp;<\/p>\n","protected":false},"excerpt":{"rendered":"<p>Tesis doctoral de Tessainer Tomasich Carlos Federico La figura del cherif muley ahmed el raisuni, resulta de vital importancia para [&hellip;]<\/p>\n","protected":false},"author":1,"featured_media":0,"comment_status":"open","ping_status":"open","sticky":false,"template":"","format":"standard","meta":{"site-sidebar-layout":"default","site-content-layout":"","ast-site-content-layout":"","site-content-style":"default","site-sidebar-style":"default","ast-global-header-display":"","ast-banner-title-visibility":"","ast-main-header-display":"","ast-hfb-above-header-display":"","ast-hfb-below-header-display":"","ast-hfb-mobile-header-display":"","site-post-title":"","ast-breadcrumbs-content":"","ast-featured-img":"","footer-sml-layout":"","theme-transparent-header-meta":"","adv-header-id-meta":"","stick-header-meta":"","header-above-stick-meta":"","header-main-stick-meta":"","header-below-stick-meta":"","astra-migrate-meta-layouts":"default","ast-page-background-enabled":"default","ast-page-background-meta":{"desktop":{"background-color":"var(--ast-global-color-4)","background-image":"","background-repeat":"repeat","background-position":"center center","background-size":"auto","background-attachment":"scroll","background-type":"","background-media":"","overlay-type":"","overlay-color":"","overlay-gradient":""},"tablet":{"background-color":"","background-image":"","background-repeat":"repeat","background-position":"center center","background-size":"auto","background-attachment":"scroll","background-type":"","background-media":"","overlay-type":"","overlay-color":"","overlay-gradient":""},"mobile":{"background-color":"","background-image":"","background-repeat":"repeat","background-position":"center center","background-size":"auto","background-attachment":"scroll","background-type":"","background-media":"","overlay-type":"","overlay-color":"","overlay-gradient":""}},"ast-content-background-meta":{"desktop":{"background-color":"var(--ast-global-color-5)","background-image":"","background-repeat":"repeat","background-position":"center center","background-size":"auto","background-attachment":"scroll","background-type":"","background-media":"","overlay-type":"","overlay-color":"","overlay-gradient":""},"tablet":{"background-color":"var(--ast-global-color-5)","background-image":"","background-repeat":"repeat","background-position":"center center","background-size":"auto","background-attachment":"scroll","background-type":"","background-media":"","overlay-type":"","overlay-color":"","overlay-gradient":""},"mobile":{"background-color":"var(--ast-global-color-5)","background-image":"","background-repeat":"repeat","background-position":"center center","background-size":"auto","background-attachment":"scroll","background-type":"","background-media":"","overlay-type":"","overlay-color":"","overlay-gradient":""}},"footnotes":""},"categories":[954,986,104],"tags":[5185,250641,5650,4705,3890,269886],"class_list":["post-155746","post","type-post","status-publish","format-standard","hentry","category-biografias","category-complutense-de-madrid","category-historia","tag-antonio-fernandez-garcia","tag-bautista-vilar-juan","tag-bernabe-lopez-garcia","tag-jose-urbano-Martinez-carreras","tag-pedro-Martinez-montavez","tag-tessainer-tomasich-carlos-federico"],"_links":{"self":[{"href":"https:\/\/www.deberes.net\/tesis\/wp-json\/wp\/v2\/posts\/155746","targetHints":{"allow":["GET"]}}],"collection":[{"href":"https:\/\/www.deberes.net\/tesis\/wp-json\/wp\/v2\/posts"}],"about":[{"href":"https:\/\/www.deberes.net\/tesis\/wp-json\/wp\/v2\/types\/post"}],"author":[{"embeddable":true,"href":"https:\/\/www.deberes.net\/tesis\/wp-json\/wp\/v2\/users\/1"}],"replies":[{"embeddable":true,"href":"https:\/\/www.deberes.net\/tesis\/wp-json\/wp\/v2\/comments?post=155746"}],"version-history":[{"count":0,"href":"https:\/\/www.deberes.net\/tesis\/wp-json\/wp\/v2\/posts\/155746\/revisions"}],"wp:attachment":[{"href":"https:\/\/www.deberes.net\/tesis\/wp-json\/wp\/v2\/media?parent=155746"}],"wp:term":[{"taxonomy":"category","embeddable":true,"href":"https:\/\/www.deberes.net\/tesis\/wp-json\/wp\/v2\/categories?post=155746"},{"taxonomy":"post_tag","embeddable":true,"href":"https:\/\/www.deberes.net\/tesis\/wp-json\/wp\/v2\/tags?post=155746"}],"curies":[{"name":"wp","href":"https:\/\/api.w.org\/{rel}","templated":true}]}}