{"id":15590,"date":"2018-03-09T09:02:49","date_gmt":"2018-03-09T09:02:49","guid":{"rendered":"https:\/\/www.deberes.net\/tesis\/sin-categoria\/factores-de-riesgo-y-personalidad-premorbida-en-la-enfermedad-de-alzheimer\/"},"modified":"2018-03-09T09:02:49","modified_gmt":"2018-03-09T09:02:49","slug":"factores-de-riesgo-y-personalidad-premorbida-en-la-enfermedad-de-alzheimer","status":"publish","type":"post","link":"https:\/\/www.deberes.net\/tesis\/ciencias-medicas\/factores-de-riesgo-y-personalidad-premorbida-en-la-enfermedad-de-alzheimer\/","title":{"rendered":"Factores de riesgo y personalidad prem\u00f3rbida en la enfermedad de alzheimer"},"content":{"rendered":"<h2>Tesis doctoral de <strong> Jos\u00e9 Luis Conde Sala <\/strong><\/h2>\n<p>Los objetivos de la investigaci\u00f3n fueron: explorar los factores de riesgo no-biol\u00f3gicos para las demencias, plantear probables perfiles de riesgo bio &#8211; psico &#8211; sociales de forma espec\u00edfica para la enfermedad de alzheimer y sugerir elementos de prevenci\u00f3n para un posible desarrollo de pol\u00edticas de salud p\u00fablica. La hip\u00f3tesis espec\u00edfica, en relaci\u00f3n con la enfermedad de alzheimer, era: una personalidad prem\u00f3rbida fr\u00e1gil, con dificultades para afrontar los eventos vitales del final de la mediana edad\/vejez y que ha mantenido una relaci\u00f3n de dependencia con personas de su entorno familiar y social. La metodolog\u00eda fue la de una investigaci\u00f3n emp\u00edrica con un contraste entre grupos de casos (108 enfermos con demencia) y grupos de control (49 personas mayores sin demencia). Tanto a los casos como a los controles se les administr\u00f3 un cuestionario elaborado espec\u00edficamente para la ocasi\u00f3n y se identificaron las diferencias significativas del contraste de resultados.  los resultados m\u00e1s significativos relacionados con los probables factores de riesgo para la enfermedad de alzheimer fueron:  aspectos biol\u00f3gicos; antecedentes maternos de demencia, muertes precoces del padre debidas a otras causas: accidente\/guerra; trastornos circulatorios propios; dolores de cabeza propios.  aspectos ps\u00edquicos; mayor n\u00c2\u00ba de trastornos ps\u00edquicos familiares graves; mayor ansiedad\/menor depresi\u00f3n; mayor respuesta psicosom\u00e1tica.  aspectos familiares; mayor n\u00famero de muertes precoces del padre; estilo educativo m\u00e1s dominante del padre.  educaci\u00f3n y trabajo; menor nivel educativo; menos cualificaci\u00f3n en el trabajo.  eventos vitales; mayor problem\u00e1tica familiar.  personalidad. D\u00e9ficit: factor i (energ\u00eda): evitaci\u00f3n, dependencia general y de relaci\u00f3n, inseguridad e inhibici\u00f3n; factor ii (alfabilidad); introversi\u00f3n y retraimiento; factor iv (estabilidad emocional): afectaci\u00f3n, pesimismo e impulsividad; factor v (apertura mental): in<\/p>\n<p>&nbsp;<\/p>\n<h3>Datos acad\u00e9micos de la tesis doctoral \u00ab<strong>Factores de riesgo y personalidad prem\u00f3rbida en la enfermedad de alzheimer<\/strong>\u00ab<\/h3>\n<ul>\n<li><strong>T\u00edtulo de la tesis:<\/strong>\u00a0 Factores de riesgo y personalidad prem\u00f3rbida en la enfermedad de alzheimer <\/li>\n<li><strong>Autor:<\/strong>\u00a0 Jos\u00e9 Luis Conde Sala <\/li>\n<li><strong>Universidad:<\/strong>\u00a0 Barcelona<\/li>\n<li><strong>Fecha de lectura de la tesis:<\/strong>\u00a0 15\/02\/2002<\/li>\n<\/ul>\n<p>&nbsp;<\/p>\n<h3>Direcci\u00f3n y tribunal<\/h3>\n<ul>\n<li><strong>Director de la tesis<\/strong>\n<ul>\n<li>Antoni Talarn Caparr\u00f3s<\/li>\n<\/ul>\n<\/li>\n<li><strong>Tribunal<\/strong>\n<ul>\n<li>Presidente del tribunal: Miguel Siguan soler <\/li>\n<li> Martinez lage Jos\u00e9 Manuel (vocal)<\/li>\n<li>Mar\u00eda teresa Anguera argilaga (vocal)<\/li>\n<li>nuria Silvestre benach (vocal)<\/li>\n<\/ul>\n<\/li>\n<\/ul>\n<p>&nbsp;<\/p>\n","protected":false},"excerpt":{"rendered":"<p>Tesis doctoral de Jos\u00e9 Luis Conde Sala Los objetivos de la investigaci\u00f3n fueron: explorar los factores de riesgo no-biol\u00f3gicos para [&hellip;]<\/p>\n","protected":false},"author":1,"featured_media":0,"comment_status":"open","ping_status":"open","sticky":false,"template":"","format":"standard","meta":{"site-sidebar-layout":"default","site-content-layout":"","ast-site-content-layout":"","site-content-style":"default","site-sidebar-style":"default","ast-global-header-display":"","ast-banner-title-visibility":"","ast-main-header-display":"","ast-hfb-above-header-display":"","ast-hfb-below-header-display":"","ast-hfb-mobile-header-display":"","site-post-title":"","ast-breadcrumbs-content":"","ast-featured-img":"","footer-sml-layout":"","theme-transparent-header-meta":"","adv-header-id-meta":"","stick-header-meta":"","header-above-stick-meta":"","header-main-stick-meta":"","header-below-stick-meta":"","astra-migrate-meta-layouts":"default","ast-page-background-enabled":"default","ast-page-background-meta":{"desktop":{"background-color":"var(--ast-global-color-4)","background-image":"","background-repeat":"repeat","background-position":"center center","background-size":"auto","background-attachment":"scroll","background-type":"","background-media":"","overlay-type":"","overlay-color":"","overlay-gradient":""},"tablet":{"background-color":"","background-image":"","background-repeat":"repeat","background-position":"center center","background-size":"auto","background-attachment":"scroll","background-type":"","background-media":"","overlay-type":"","overlay-color":"","overlay-gradient":""},"mobile":{"background-color":"","background-image":"","background-repeat":"repeat","background-position":"center center","background-size":"auto","background-attachment":"scroll","background-type":"","background-media":"","overlay-type":"","overlay-color":"","overlay-gradient":""}},"ast-content-background-meta":{"desktop":{"background-color":"var(--ast-global-color-5)","background-image":"","background-repeat":"repeat","background-position":"center center","background-size":"auto","background-attachment":"scroll","background-type":"","background-media":"","overlay-type":"","overlay-color":"","overlay-gradient":""},"tablet":{"background-color":"var(--ast-global-color-5)","background-image":"","background-repeat":"repeat","background-position":"center center","background-size":"auto","background-attachment":"scroll","background-type":"","background-media":"","overlay-type":"","overlay-color":"","overlay-gradient":""},"mobile":{"background-color":"var(--ast-global-color-5)","background-image":"","background-repeat":"repeat","background-position":"center center","background-size":"auto","background-attachment":"scroll","background-type":"","background-media":"","overlay-type":"","overlay-color":"","overlay-gradient":""}},"footnotes":""},"categories":[951,155,9,1086,8607,6893,6894,324,5774,5773],"tags":[49665,49664,1179,3054,319,13741],"class_list":["post-15590","post","type-post","status-publish","format-standard","hentry","category-barcelona","category-ciencias-clinicas","category-ciencias-medicas","category-epidemiologia","category-geriatria","category-medida-de-la-personalidad","category-personalidad","category-psicologia","category-psicologia-geriatrica","category-senectud","tag-antoni-talarn-caparros","tag-jose-luis-conde-sala","tag-maria-teresa-anguera-argilaga","tag-Martinez-lage-jose-manuel","tag-miguel-siguan-soler","tag-nuria-silvestre-benach"],"_links":{"self":[{"href":"https:\/\/www.deberes.net\/tesis\/wp-json\/wp\/v2\/posts\/15590","targetHints":{"allow":["GET"]}}],"collection":[{"href":"https:\/\/www.deberes.net\/tesis\/wp-json\/wp\/v2\/posts"}],"about":[{"href":"https:\/\/www.deberes.net\/tesis\/wp-json\/wp\/v2\/types\/post"}],"author":[{"embeddable":true,"href":"https:\/\/www.deberes.net\/tesis\/wp-json\/wp\/v2\/users\/1"}],"replies":[{"embeddable":true,"href":"https:\/\/www.deberes.net\/tesis\/wp-json\/wp\/v2\/comments?post=15590"}],"version-history":[{"count":0,"href":"https:\/\/www.deberes.net\/tesis\/wp-json\/wp\/v2\/posts\/15590\/revisions"}],"wp:attachment":[{"href":"https:\/\/www.deberes.net\/tesis\/wp-json\/wp\/v2\/media?parent=15590"}],"wp:term":[{"taxonomy":"category","embeddable":true,"href":"https:\/\/www.deberes.net\/tesis\/wp-json\/wp\/v2\/categories?post=15590"},{"taxonomy":"post_tag","embeddable":true,"href":"https:\/\/www.deberes.net\/tesis\/wp-json\/wp\/v2\/tags?post=15590"}],"curies":[{"name":"wp","href":"https:\/\/api.w.org\/{rel}","templated":true}]}}