{"id":155935,"date":"2026-01-12T17:24:37","date_gmt":"2026-01-12T17:24:37","guid":{"rendered":"https:\/\/www.deberes.net\/tesis\/sin-categoria\/el-desarrollo-fonoarticulatorio-del-habla-infantil-un-estudio-descriptivo-en-ninos-almerienses-de-1-a-5-anos\/"},"modified":"2026-01-12T17:24:37","modified_gmt":"2026-01-12T17:24:37","slug":"el-desarrollo-fonoarticulatorio-del-habla-infantil-un-estudio-descriptivo-en-ninos-almerienses-de-1-a-5-anos","status":"publish","type":"post","link":"https:\/\/www.deberes.net\/tesis\/linguistica\/el-desarrollo-fonoarticulatorio-del-habla-infantil-un-estudio-descriptivo-en-ninos-almerienses-de-1-a-5-anos\/","title":{"rendered":"El desarrollo fonoarticulatorio del habla infantil. un estudio descriptivo en ni\u00f1os almerienses de 1 a 5 a\u00f1os."},"content":{"rendered":"<h2>Tesis doctoral de <strong> Francisco Miras Mart\u00ednez <\/strong><\/h2>\n<p>Se estudia la adquisicion fonologica del espa\u00f1ol en 50 ni\u00f1os de la provincia de almeria, comprendidos en cinco grupos de edades: 10 ni\u00f1os de cada edad (5 varones y 5 mujeres) de 1 a 5 a\u00f1os. La primera parte de la tesis esta dedicada a las bases linguisticas y psicologicas de la adquisicion del sistema fonologico (asf). Especialmente, se hace referencia a los modelos explicativos de las pautas que la determinan.  la segunda parte de la tesis esta dedicada al estudio empirico donde se expone la metodolog\u00eda seguida y el analisis de los datos. Se estudia global y segmentalmente la forma infantil en referencia a la palabra del modelo adulto. Se realiza un estudio de los procesos de control y de simplificacion de cada uno de los fonemas del espa\u00f1ol.  se interpretan los resultados en el marco de la perspectiva piagetiana y en las conclusiones se apunta una clasificacion de etapas en el desarrollo fonoarticulatorio del habla infantil.<\/p>\n<p>&nbsp;<\/p>\n<h3>Datos acad\u00e9micos de la tesis doctoral \u00ab<strong>El desarrollo fonoarticulatorio del habla infantil. un estudio descriptivo en ni\u00f1os almerienses de 1 a 5 a\u00f1os.<\/strong>\u00ab<\/h3>\n<ul>\n<li><strong>T\u00edtulo de la tesis:<\/strong>\u00a0 El desarrollo fonoarticulatorio del habla infantil. un estudio descriptivo en ni\u00f1os almerienses de 1 a 5 a\u00f1os. <\/li>\n<li><strong>Autor:<\/strong>\u00a0 Francisco Miras Mart\u00ednez <\/li>\n<li><strong>Universidad:<\/strong>\u00a0 Murcia<\/li>\n<li><strong>Fecha de lectura de la tesis:<\/strong>\u00a0 01\/01\/1991<\/li>\n<\/ul>\n<p>&nbsp;<\/p>\n<h3>Direcci\u00f3n y tribunal<\/h3>\n<ul>\n<li><strong>Director de la tesis<\/strong>\n<ul>\n<li>Jos\u00e9 Antonio Carranza Carnicero<\/li>\n<\/ul>\n<\/li>\n<li><strong>Tribunal<\/strong>\n<ul>\n<li>Presidente del tribunal: Emilia Serra Desfilis <\/li>\n<li>Ram\u00f3n Almela P\u00e9rez (vocal)<\/li>\n<li> Soler Perez Jos\u00e9 Manuel (vocal)<\/li>\n<li>Santiago Torres Monreal (vocal)<\/li>\n<\/ul>\n<\/li>\n<\/ul>\n<p>&nbsp;<\/p>\n","protected":false},"excerpt":{"rendered":"<p>Tesis doctoral de Francisco Miras Mart\u00ednez Se estudia la adquisicion fonologica del espa\u00f1ol en 50 ni\u00f1os de la provincia de [&hellip;]<\/p>\n","protected":false},"author":1,"featured_media":0,"comment_status":"open","ping_status":"open","sticky":false,"template":"","format":"standard","meta":{"site-sidebar-layout":"default","site-content-layout":"","ast-site-content-layout":"","site-content-style":"default","site-sidebar-style":"default","ast-global-header-display":"","ast-banner-title-visibility":"","ast-main-header-display":"","ast-hfb-above-header-display":"","ast-hfb-below-header-display":"","ast-hfb-mobile-header-display":"","site-post-title":"","ast-breadcrumbs-content":"","ast-featured-img":"","footer-sml-layout":"","theme-transparent-header-meta":"","adv-header-id-meta":"","stick-header-meta":"","header-above-stick-meta":"","header-main-stick-meta":"","header-below-stick-meta":"","astra-migrate-meta-layouts":"default","ast-page-background-enabled":"default","ast-page-background-meta":{"desktop":{"background-color":"var(--ast-global-color-4)","background-image":"","background-repeat":"repeat","background-position":"center center","background-size":"auto","background-attachment":"scroll","background-type":"","background-media":"","overlay-type":"","overlay-color":"","overlay-gradient":""},"tablet":{"background-color":"","background-image":"","background-repeat":"repeat","background-position":"center center","background-size":"auto","background-attachment":"scroll","background-type":"","background-media":"","overlay-type":"","overlay-color":"","overlay-gradient":""},"mobile":{"background-color":"","background-image":"","background-repeat":"repeat","background-position":"center center","background-size":"auto","background-attachment":"scroll","background-type":"","background-media":"","overlay-type":"","overlay-color":"","overlay-gradient":""}},"ast-content-background-meta":{"desktop":{"background-color":"var(--ast-global-color-5)","background-image":"","background-repeat":"repeat","background-position":"center center","background-size":"auto","background-attachment":"scroll","background-type":"","background-media":"","overlay-type":"","overlay-color":"","overlay-gradient":""},"tablet":{"background-color":"var(--ast-global-color-5)","background-image":"","background-repeat":"repeat","background-position":"center center","background-size":"auto","background-attachment":"scroll","background-type":"","background-media":"","overlay-type":"","overlay-color":"","overlay-gradient":""},"mobile":{"background-color":"var(--ast-global-color-5)","background-image":"","background-repeat":"repeat","background-position":"center center","background-size":"auto","background-attachment":"scroll","background-type":"","background-media":"","overlay-type":"","overlay-color":"","overlay-gradient":""}},"footnotes":""},"categories":[5557,59,60,8235,324,970,2758],"tags":[12196,21713,8757,52517,70488,72034],"class_list":["post-155935","post","type-post","status-publish","format-standard","hentry","category-lenguaje-infantil","category-linguistica","category-linguistica-aplicada","category-murcia","category-psicologia","category-psicologia-del-nino-y-del-adolescente","category-psicologia-evolutiva","tag-emilia-serra-desfilis","tag-francisco-miras-Martinez","tag-jose-antonio-carranza-carnicero","tag-ramon-almela-perez","tag-santiago-torres-monreal","tag-soler-perez-jose-manuel"],"_links":{"self":[{"href":"https:\/\/www.deberes.net\/tesis\/wp-json\/wp\/v2\/posts\/155935","targetHints":{"allow":["GET"]}}],"collection":[{"href":"https:\/\/www.deberes.net\/tesis\/wp-json\/wp\/v2\/posts"}],"about":[{"href":"https:\/\/www.deberes.net\/tesis\/wp-json\/wp\/v2\/types\/post"}],"author":[{"embeddable":true,"href":"https:\/\/www.deberes.net\/tesis\/wp-json\/wp\/v2\/users\/1"}],"replies":[{"embeddable":true,"href":"https:\/\/www.deberes.net\/tesis\/wp-json\/wp\/v2\/comments?post=155935"}],"version-history":[{"count":0,"href":"https:\/\/www.deberes.net\/tesis\/wp-json\/wp\/v2\/posts\/155935\/revisions"}],"wp:attachment":[{"href":"https:\/\/www.deberes.net\/tesis\/wp-json\/wp\/v2\/media?parent=155935"}],"wp:term":[{"taxonomy":"category","embeddable":true,"href":"https:\/\/www.deberes.net\/tesis\/wp-json\/wp\/v2\/categories?post=155935"},{"taxonomy":"post_tag","embeddable":true,"href":"https:\/\/www.deberes.net\/tesis\/wp-json\/wp\/v2\/tags?post=155935"}],"curies":[{"name":"wp","href":"https:\/\/api.w.org\/{rel}","templated":true}]}}