{"id":15596,"date":"2018-03-09T09:02:50","date_gmt":"2018-03-09T09:02:50","guid":{"rendered":"https:\/\/www.deberes.net\/tesis\/sin-categoria\/bases-historicas-de-la-idea-de-racismo-las-percepciones-de-la-diversidad-humana-y-sus-perspectivas\/"},"modified":"2018-03-09T09:02:50","modified_gmt":"2018-03-09T09:02:50","slug":"bases-historicas-de-la-idea-de-racismo-las-percepciones-de-la-diversidad-humana-y-sus-perspectivas","status":"publish","type":"post","link":"https:\/\/www.deberes.net\/tesis\/filosofia\/bases-historicas-de-la-idea-de-racismo-las-percepciones-de-la-diversidad-humana-y-sus-perspectivas\/","title":{"rendered":"Bases hist\u00f3ricas de la idea de racismo. las percepciones de la diversidad humana y sus perspectivas."},"content":{"rendered":"<h2>Tesis doctoral de <strong> Jos\u00e9 Alfonso Garc\u00eda Mart\u00ednez <\/strong><\/h2>\n<p>La tesis apunta las dificultades de adentrarse en la g\u00e9nesis de la formaci\u00f3n de las ideas racistas, sus puntos fuertes y sus debilidades no s\u00f3lo por sus implicaciones cient\u00edficas, sino tambi\u00e9n por sus dimensiones ideol\u00f3gicas. por ello se plantea responder a dos consideraciones fundamentales. En primer lugar, la historicidad del pensamiento reacista, es decir, mostrar que el racismono es un componente estable ni permanente de las relaciones entre los grupos humanos, sino que se manifiesta a partir de unos determinados procesos socio-hist\u00f3ricos. Aunque su capacidad de adaptaci\u00f3n, desde su aparici\u00f3n, es realmente importante, y de ah\u00ed supersistencia como fen\u00f3meno social. En segundo lugar, que el pensamiento racista, entendido como un d\u00e9ficit social, puede ser contrarrestado, al menos parcialmente, a partir de un contra-pensamiento que, al poner de relieve los intrincados procesos que lo sostienen, genere nuevas formas de percepci\u00f3n y actuaci\u00f3n sociales a partir de uno de los principales instrumentos socializadores de que se ha dotado nuestra sociedad, es decir, los procesos educativos.  un pensamiento alternativo que se rebela contra la inexorabilidad de las clasificaciones raciales y, m\u00e1s a\u00fan, de sus consecuencias para la vida de miles de millones de seres humanos. Desde un punto de vista filos\u00f3fico, toda clasificaci\u00f3n implica simult\u00e1neamente efectuar agrupaciones que los seres humanos realizamos sobre nosostros mismos, cuando, por ejemplo, alguien se define como perteneciente a una \u00abetnia\u00bb o a una \u00abraza\u00bb determinada. entonces se tiene la tentaci\u00f3n de definir esas categor\u00edas clasificatorias (sean o no aceptables) por el conjunto de rasgos que comparten los miembros del grupo humano as\u00ed calificado, sin ninguna otras referencia externa. pero, enseguida nos percatamos de que todos esos rasgos no tienen la misma extensi\u00f3n ni se le concede la misma importancia en t\u00e9rminos de delimitaci\u00f3n clasificatoria, y de que la idea mi<\/p>\n<p>&nbsp;<\/p>\n<h3>Datos acad\u00e9micos de la tesis doctoral \u00ab<strong>Bases hist\u00f3ricas de la idea de racismo. las percepciones de la diversidad humana y sus perspectivas.<\/strong>\u00ab<\/h3>\n<ul>\n<li><strong>T\u00edtulo de la tesis:<\/strong>\u00a0 Bases hist\u00f3ricas de la idea de racismo. las percepciones de la diversidad humana y sus perspectivas. <\/li>\n<li><strong>Autor:<\/strong>\u00a0 Jos\u00e9 Alfonso Garc\u00eda Mart\u00ednez <\/li>\n<li><strong>Universidad:<\/strong>\u00a0 Murcia<\/li>\n<li><strong>Fecha de lectura de la tesis:<\/strong>\u00a0 15\/02\/2002<\/li>\n<\/ul>\n<p>&nbsp;<\/p>\n<h3>Direcci\u00f3n y tribunal<\/h3>\n<ul>\n<li><strong>Director de la tesis<\/strong>\n<ul>\n<li>Eduardo Bello Reguera<\/li>\n<\/ul>\n<\/li>\n<li><strong>Tribunal<\/strong>\n<ul>\n<li>Presidente del tribunal:  De lucas mart\u00edn javier <\/li>\n<li>\u00e1ngel Prior olmos (vocal)<\/li>\n<li>\u00e1ngel Rodr\u00edguez gonz\u00e1lez (vocal)<\/li>\n<li> Bueno abad Jos\u00e9 ram\u00f3n (vocal)<\/li>\n<\/ul>\n<\/li>\n<\/ul>\n<p>&nbsp;<\/p>\n","protected":false},"excerpt":{"rendered":"<p>Tesis doctoral de Jos\u00e9 Alfonso Garc\u00eda Mart\u00ednez La tesis apunta las dificultades de adentrarse en la g\u00e9nesis de la formaci\u00f3n [&hellip;]<\/p>\n","protected":false},"author":1,"featured_media":0,"comment_status":"open","ping_status":"open","sticky":false,"template":"","format":"standard","meta":{"site-sidebar-layout":"default","site-content-layout":"","ast-site-content-layout":"","site-content-style":"default","site-sidebar-style":"default","ast-global-header-display":"","ast-banner-title-visibility":"","ast-main-header-display":"","ast-hfb-above-header-display":"","ast-hfb-below-header-display":"","ast-hfb-mobile-header-display":"","site-post-title":"","ast-breadcrumbs-content":"","ast-featured-img":"","footer-sml-layout":"","theme-transparent-header-meta":"","adv-header-id-meta":"","stick-header-meta":"","header-above-stick-meta":"","header-main-stick-meta":"","header-below-stick-meta":"","astra-migrate-meta-layouts":"default","ast-page-background-enabled":"default","ast-page-background-meta":{"desktop":{"background-color":"var(--ast-global-color-4)","background-image":"","background-repeat":"repeat","background-position":"center center","background-size":"auto","background-attachment":"scroll","background-type":"","background-media":"","overlay-type":"","overlay-color":"","overlay-gradient":""},"tablet":{"background-color":"","background-image":"","background-repeat":"repeat","background-position":"center center","background-size":"auto","background-attachment":"scroll","background-type":"","background-media":"","overlay-type":"","overlay-color":"","overlay-gradient":""},"mobile":{"background-color":"","background-image":"","background-repeat":"repeat","background-position":"center center","background-size":"auto","background-attachment":"scroll","background-type":"","background-media":"","overlay-type":"","overlay-color":"","overlay-gradient":""}},"ast-content-background-meta":{"desktop":{"background-color":"var(--ast-global-color-5)","background-image":"","background-repeat":"repeat","background-position":"center center","background-size":"auto","background-attachment":"scroll","background-type":"","background-media":"","overlay-type":"","overlay-color":"","overlay-gradient":""},"tablet":{"background-color":"var(--ast-global-color-5)","background-image":"","background-repeat":"repeat","background-position":"center center","background-size":"auto","background-attachment":"scroll","background-type":"","background-media":"","overlay-type":"","overlay-color":"","overlay-gradient":""},"mobile":{"background-color":"var(--ast-global-color-5)","background-image":"","background-repeat":"repeat","background-position":"center center","background-size":"auto","background-attachment":"scroll","background-type":"","background-media":"","overlay-type":"","overlay-color":"","overlay-gradient":""}},"footnotes":""},"categories":[8646,17875,40872,165,1076,8501,5250,1058,1078,8235,990],"tags":[49675,2632,49676,26916,8537,49674],"class_list":["post-15596","post","type-post","status-publish","format-standard","hentry","category-etica","category-etica-de-grupo","category-etica-transnacional","category-filosofia","category-filosofia-de-la-ciencia","category-filosofia-de-la-cultura","category-filosofia-de-las-ciencias-sociales","category-filosofia-moderna","category-filosofia-social","category-murcia","category-sistemas-filosoficos","tag-angel-prior-olmos","tag-angel-rodriguez-gonzalez","tag-bueno-abad-jose-ramon","tag-de-lucas-martin-javier","tag-eduardo-bello-reguera","tag-jose-alfonso-garcia-Martinez"],"_links":{"self":[{"href":"https:\/\/www.deberes.net\/tesis\/wp-json\/wp\/v2\/posts\/15596","targetHints":{"allow":["GET"]}}],"collection":[{"href":"https:\/\/www.deberes.net\/tesis\/wp-json\/wp\/v2\/posts"}],"about":[{"href":"https:\/\/www.deberes.net\/tesis\/wp-json\/wp\/v2\/types\/post"}],"author":[{"embeddable":true,"href":"https:\/\/www.deberes.net\/tesis\/wp-json\/wp\/v2\/users\/1"}],"replies":[{"embeddable":true,"href":"https:\/\/www.deberes.net\/tesis\/wp-json\/wp\/v2\/comments?post=15596"}],"version-history":[{"count":0,"href":"https:\/\/www.deberes.net\/tesis\/wp-json\/wp\/v2\/posts\/15596\/revisions"}],"wp:attachment":[{"href":"https:\/\/www.deberes.net\/tesis\/wp-json\/wp\/v2\/media?parent=15596"}],"wp:term":[{"taxonomy":"category","embeddable":true,"href":"https:\/\/www.deberes.net\/tesis\/wp-json\/wp\/v2\/categories?post=15596"},{"taxonomy":"post_tag","embeddable":true,"href":"https:\/\/www.deberes.net\/tesis\/wp-json\/wp\/v2\/tags?post=15596"}],"curies":[{"name":"wp","href":"https:\/\/api.w.org\/{rel}","templated":true}]}}