{"id":155992,"date":"2026-01-12T17:25:03","date_gmt":"2026-01-12T17:25:03","guid":{"rendered":"https:\/\/www.deberes.net\/tesis\/sin-categoria\/distribucion-de-los-nutrientes-inorganicos-en-el-cantabrico-central-efecto-de-las-masas-de-agua-y-de-la-actividad-biologica\/"},"modified":"2026-01-12T17:25:03","modified_gmt":"2026-01-12T17:25:03","slug":"distribucion-de-los-nutrientes-inorganicos-en-el-cantabrico-central-efecto-de-las-masas-de-agua-y-de-la-actividad-biologica","status":"publish","type":"post","link":"https:\/\/www.deberes.net\/tesis\/ciencias-de-la-tierra-y-del-espacio\/distribucion-de-los-nutrientes-inorganicos-en-el-cantabrico-central-efecto-de-las-masas-de-agua-y-de-la-actividad-biologica\/","title":{"rendered":"Distribucion de los nutrientes inorganicos en el cantabrico central: efecto de las masas de agua y de la actividad biologica"},"content":{"rendered":"<h2>Tesis doctoral de <strong>  Botas Fernandez Jos\u00e9 Alfonso <\/strong><\/h2>\n<p>El objetivo del estudio fue determinar la distribucion estacional de los nutrientes inorganicos en el cantabrico central, relacionandola con la variacion de las caracteristicas fisicas de las masas de agua y la actividad biologica. Se realizaron 9 campa\u00f1as en 1987 y una en 1989 entre las verticales de gijon y ribadeo, midiendose las siguientes variables: temperatura, salinidad ph, oxigeno, nitrato, nitrito, fosfato, silicato, clorifila-a, produccion y densidad de celulas del fitoplancton.  los resultados mas sobresalientes son los siguientes:  en verano, cuando las corrientes superficiales se dirigen al oeste, se encuentra agua central del golfo de vizcaya, que muestra gran uniformidad en el campo termohalino. El resto del a\u00f1o las corrientes se dirigen hacia el este, presentando el agua central caracteristicas parecidas al acan.  el ciclo termico se genera, fundamentalmente, por la radiacion neta a traves de la superficie. Sin embargo, la adveccion vertical de agua fria cerca de la costa en verano y la adveccion lateral de agua mas caliente y salina durante la primavera y oto\u00f1o, alcanzan especial importancia. El primer fenomeno se relaciona con un afloramiento costero, cuyo efecto es aumentar las concentraciones de nutrientes en superficie y, por tanto, la produccion primaria. El segundo fenomeno, descrito como intrusiones salinas, es responsable de la aparicion en esta zona de agua procedente del oeste de la peninsula iberica. En este agua predominan los procesos regenerativos con gasto de oxigeno. Sus concentraciones de nutrientes son bajas, se\u00f1alando su origen superficial.  el consumo de nutrientes se detecta ya a principios de marzo, acompa\u00f1ado de los maximos valores de clorofila-a, produccion y oxigeno del a\u00f1o. En mayo se desarrolla una termoclina que divide la columna de agua en dos capas:  una superior en la que el consumo biologico agota los nutrientes y una inferior rica en nutrientes en la que la produccion p<\/p>\n<p>&nbsp;<\/p>\n<h3>Datos acad\u00e9micos de la tesis doctoral \u00ab<strong>Distribucion de los nutrientes inorganicos en el cantabrico central: efecto de las masas de agua y de la actividad biologica<\/strong>\u00ab<\/h3>\n<ul>\n<li><strong>T\u00edtulo de la tesis:<\/strong>\u00a0 Distribucion de los nutrientes inorganicos en el cantabrico central: efecto de las masas de agua y de la actividad biologica <\/li>\n<li><strong>Autor:<\/strong>\u00a0  Botas Fernandez Jos\u00e9 Alfonso <\/li>\n<li><strong>Universidad:<\/strong>\u00a0 Oviedo<\/li>\n<li><strong>Fecha de lectura de la tesis:<\/strong>\u00a0 01\/01\/1991<\/li>\n<\/ul>\n<p>&nbsp;<\/p>\n<h3>Direcci\u00f3n y tribunal<\/h3>\n<ul>\n<li><strong>Director de la tesis<\/strong>\n<ul>\n<li>Ricardo Anad\u00f3n \u00e1lvarez<\/li>\n<\/ul>\n<\/li>\n<li><strong>Tribunal<\/strong>\n<ul>\n<li>Presidente del tribunal: Fernando Fraga Rodriguez <\/li>\n<li>Herminio Sastre Andr\u00e9s (vocal)<\/li>\n<li>Jorge Flos Bassols (vocal)<\/li>\n<li>Celia Marrase Pe\u00f1a (vocal)<\/li>\n<\/ul>\n<\/li>\n<\/ul>\n<p>&nbsp;<\/p>\n","protected":false},"excerpt":{"rendered":"<p>Tesis doctoral de Botas Fernandez Jos\u00e9 Alfonso El objetivo del estudio fue determinar la distribucion estacional de los nutrientes inorganicos [&hellip;]<\/p>\n","protected":false},"author":1,"featured_media":0,"comment_status":"open","ping_status":"open","sticky":false,"template":"","format":"standard","meta":{"site-sidebar-layout":"default","site-content-layout":"","ast-site-content-layout":"","site-content-style":"default","site-sidebar-style":"default","ast-global-header-display":"","ast-banner-title-visibility":"","ast-main-header-display":"","ast-hfb-above-header-display":"","ast-hfb-below-header-display":"","ast-hfb-mobile-header-display":"","site-post-title":"","ast-breadcrumbs-content":"","ast-featured-img":"","footer-sml-layout":"","theme-transparent-header-meta":"","adv-header-id-meta":"","stick-header-meta":"","header-above-stick-meta":"","header-main-stick-meta":"","header-below-stick-meta":"","astra-migrate-meta-layouts":"default","ast-page-background-enabled":"default","ast-page-background-meta":{"desktop":{"background-color":"var(--ast-global-color-4)","background-image":"","background-repeat":"repeat","background-position":"center center","background-size":"auto","background-attachment":"scroll","background-type":"","background-media":"","overlay-type":"","overlay-color":"","overlay-gradient":""},"tablet":{"background-color":"","background-image":"","background-repeat":"repeat","background-position":"center center","background-size":"auto","background-attachment":"scroll","background-type":"","background-media":"","overlay-type":"","overlay-color":"","overlay-gradient":""},"mobile":{"background-color":"","background-image":"","background-repeat":"repeat","background-position":"center center","background-size":"auto","background-attachment":"scroll","background-type":"","background-media":"","overlay-type":"","overlay-color":"","overlay-gradient":""}},"ast-content-background-meta":{"desktop":{"background-color":"var(--ast-global-color-5)","background-image":"","background-repeat":"repeat","background-position":"center center","background-size":"auto","background-attachment":"scroll","background-type":"","background-media":"","overlay-type":"","overlay-color":"","overlay-gradient":""},"tablet":{"background-color":"var(--ast-global-color-5)","background-image":"","background-repeat":"repeat","background-position":"center center","background-size":"auto","background-attachment":"scroll","background-type":"","background-media":"","overlay-type":"","overlay-color":"","overlay-gradient":""},"mobile":{"background-color":"var(--ast-global-color-5)","background-image":"","background-repeat":"repeat","background-position":"center center","background-size":"auto","background-attachment":"scroll","background-type":"","background-media":"","overlay-type":"","overlay-color":"","overlay-gradient":""}},"footnotes":""},"categories":[27,228,13195,1563,8846],"tags":[270093,87555,21531,8982,19898,25467],"class_list":["post-155992","post","type-post","status-publish","format-standard","hentry","category-ciencias-de-la-tierra-y-del-espacio","category-oceanografia","category-oceanografia-biologica","category-oceanografia-quimica","category-oviedo","tag-botas-fernandez-jose-alfonso","tag-celia-marrase-pena","tag-fernando-fraga-rodriguez","tag-herminio-sastre-andres","tag-jorge-flos-bassols","tag-ricardo-anadon-alvarez"],"_links":{"self":[{"href":"https:\/\/www.deberes.net\/tesis\/wp-json\/wp\/v2\/posts\/155992","targetHints":{"allow":["GET"]}}],"collection":[{"href":"https:\/\/www.deberes.net\/tesis\/wp-json\/wp\/v2\/posts"}],"about":[{"href":"https:\/\/www.deberes.net\/tesis\/wp-json\/wp\/v2\/types\/post"}],"author":[{"embeddable":true,"href":"https:\/\/www.deberes.net\/tesis\/wp-json\/wp\/v2\/users\/1"}],"replies":[{"embeddable":true,"href":"https:\/\/www.deberes.net\/tesis\/wp-json\/wp\/v2\/comments?post=155992"}],"version-history":[{"count":0,"href":"https:\/\/www.deberes.net\/tesis\/wp-json\/wp\/v2\/posts\/155992\/revisions"}],"wp:attachment":[{"href":"https:\/\/www.deberes.net\/tesis\/wp-json\/wp\/v2\/media?parent=155992"}],"wp:term":[{"taxonomy":"category","embeddable":true,"href":"https:\/\/www.deberes.net\/tesis\/wp-json\/wp\/v2\/categories?post=155992"},{"taxonomy":"post_tag","embeddable":true,"href":"https:\/\/www.deberes.net\/tesis\/wp-json\/wp\/v2\/tags?post=155992"}],"curies":[{"name":"wp","href":"https:\/\/api.w.org\/{rel}","templated":true}]}}