{"id":156195,"date":"2026-01-12T17:27:09","date_gmt":"2026-01-12T17:27:09","guid":{"rendered":"https:\/\/www.deberes.net\/tesis\/sin-categoria\/ideas-linguisticas-de-hervas-y-panduro\/"},"modified":"2026-01-12T17:27:09","modified_gmt":"2026-01-12T17:27:09","slug":"ideas-linguisticas-de-hervas-y-panduro","status":"publish","type":"post","link":"https:\/\/www.deberes.net\/tesis\/linguistica\/ideas-linguisticas-de-hervas-y-panduro\/","title":{"rendered":"Ideas linguisticas de hervas y panduro."},"content":{"rendered":"<h2>Tesis doctoral de <strong>  Canto Pallares Jos\u00e9 Del <\/strong><\/h2>\n<p>Hervas es quiza el ejemplo mas representativo del transito de la linguistica \u00abprecientifica\u00bb a la linguistica comparativa del siglo xix. Su obra resume y sintetiza muchas de las preocupaciones del siglo xviii sobre el lenguaje y las lenguas y contribuye a preparar el medio cultural en el que habran de surgir los estudios de bopp, grimm, etc.<\/p>\n<p>&nbsp;<\/p>\n<h3>Datos acad\u00e9micos de la tesis doctoral \u00ab<strong>Ideas linguisticas de hervas y panduro.<\/strong>\u00ab<\/h3>\n<ul>\n<li><strong>T\u00edtulo de la tesis:<\/strong>\u00a0 Ideas linguisticas de hervas y panduro. <\/li>\n<li><strong>Autor:<\/strong>\u00a0  Canto Pallares Jos\u00e9 Del <\/li>\n<li><strong>Universidad:<\/strong>\u00a0 Salamanca<\/li>\n<li><strong>Fecha de lectura de la tesis:<\/strong>\u00a0 01\/01\/1991<\/li>\n<\/ul>\n<p>&nbsp;<\/p>\n<h3>Direcci\u00f3n y tribunal<\/h3>\n<ul>\n<li><strong>Director de la tesis<\/strong>\n<ul>\n<li>Jos\u00e9 Luis Pensado Tome<\/li>\n<\/ul>\n<\/li>\n<li><strong>Tribunal<\/strong>\n<ul>\n<li>Presidente del tribunal: Jos\u00e9 Antonio Pascual Rodr\u00edguez <\/li>\n<li> Herrera Hernandez Mar\u00eda  Teresa (vocal)<\/li>\n<li>Jos\u00e9 Jes\u00fas G\u00f3mez Asencio (vocal)<\/li>\n<li>Vicente Becares Botas (vocal)<\/li>\n<\/ul>\n<\/li>\n<\/ul>\n<p>&nbsp;<\/p>\n","protected":false},"excerpt":{"rendered":"<p>Tesis doctoral de Canto Pallares Jos\u00e9 Del Hervas es quiza el ejemplo mas representativo del transito de la linguistica \u00abprecientifica\u00bb [&hellip;]<\/p>\n","protected":false},"author":1,"featured_media":0,"comment_status":"open","ping_status":"open","sticky":false,"template":"","format":"standard","meta":{"site-sidebar-layout":"default","site-content-layout":"","ast-site-content-layout":"","site-content-style":"default","site-sidebar-style":"default","ast-global-header-display":"","ast-banner-title-visibility":"","ast-main-header-display":"","ast-hfb-above-header-display":"","ast-hfb-below-header-display":"","ast-hfb-mobile-header-display":"","site-post-title":"","ast-breadcrumbs-content":"","ast-featured-img":"","footer-sml-layout":"","theme-transparent-header-meta":"","adv-header-id-meta":"","stick-header-meta":"","header-above-stick-meta":"","header-main-stick-meta":"","header-below-stick-meta":"","astra-migrate-meta-layouts":"default","ast-page-background-enabled":"default","ast-page-background-meta":{"desktop":{"background-color":"var(--ast-global-color-4)","background-image":"","background-repeat":"repeat","background-position":"center center","background-size":"auto","background-attachment":"scroll","background-type":"","background-media":"","overlay-type":"","overlay-color":"","overlay-gradient":""},"tablet":{"background-color":"","background-image":"","background-repeat":"repeat","background-position":"center center","background-size":"auto","background-attachment":"scroll","background-type":"","background-media":"","overlay-type":"","overlay-color":"","overlay-gradient":""},"mobile":{"background-color":"","background-image":"","background-repeat":"repeat","background-position":"center center","background-size":"auto","background-attachment":"scroll","background-type":"","background-media":"","overlay-type":"","overlay-color":"","overlay-gradient":""}},"ast-content-background-meta":{"desktop":{"background-color":"var(--ast-global-color-5)","background-image":"","background-repeat":"repeat","background-position":"center center","background-size":"auto","background-attachment":"scroll","background-type":"","background-media":"","overlay-type":"","overlay-color":"","overlay-gradient":""},"tablet":{"background-color":"var(--ast-global-color-5)","background-image":"","background-repeat":"repeat","background-position":"center center","background-size":"auto","background-attachment":"scroll","background-type":"","background-media":"","overlay-type":"","overlay-color":"","overlay-gradient":""},"mobile":{"background-color":"var(--ast-global-color-5)","background-image":"","background-repeat":"repeat","background-position":"center center","background-size":"auto","background-attachment":"scroll","background-type":"","background-media":"","overlay-type":"","overlay-color":"","overlay-gradient":""}},"footnotes":""},"categories":[147,59,9386,628,3016],"tags":[270304,270305,4454,36498,611,41278],"class_list":["post-156195","post","type-post","status-publish","format-standard","hentry","category-ciencias-de-las-artes-y-las-letras","category-linguistica","category-salamanca","category-teoria-analisis-y-critica-literarios","category-teoria-linguistica","tag-canto-pallares-jose-del","tag-herrera-hernandez-maria-teresa","tag-jose-antonio-pascual-rodriguez","tag-jose-jesus-gomez-asencio","tag-jose-luis-pensado-tome","tag-vicente-becares-botas"],"_links":{"self":[{"href":"https:\/\/www.deberes.net\/tesis\/wp-json\/wp\/v2\/posts\/156195","targetHints":{"allow":["GET"]}}],"collection":[{"href":"https:\/\/www.deberes.net\/tesis\/wp-json\/wp\/v2\/posts"}],"about":[{"href":"https:\/\/www.deberes.net\/tesis\/wp-json\/wp\/v2\/types\/post"}],"author":[{"embeddable":true,"href":"https:\/\/www.deberes.net\/tesis\/wp-json\/wp\/v2\/users\/1"}],"replies":[{"embeddable":true,"href":"https:\/\/www.deberes.net\/tesis\/wp-json\/wp\/v2\/comments?post=156195"}],"version-history":[{"count":0,"href":"https:\/\/www.deberes.net\/tesis\/wp-json\/wp\/v2\/posts\/156195\/revisions"}],"wp:attachment":[{"href":"https:\/\/www.deberes.net\/tesis\/wp-json\/wp\/v2\/media?parent=156195"}],"wp:term":[{"taxonomy":"category","embeddable":true,"href":"https:\/\/www.deberes.net\/tesis\/wp-json\/wp\/v2\/categories?post=156195"},{"taxonomy":"post_tag","embeddable":true,"href":"https:\/\/www.deberes.net\/tesis\/wp-json\/wp\/v2\/tags?post=156195"}],"curies":[{"name":"wp","href":"https:\/\/api.w.org\/{rel}","templated":true}]}}