{"id":15621,"date":"2018-03-09T09:02:52","date_gmt":"2018-03-09T09:02:52","guid":{"rendered":"https:\/\/www.deberes.net\/tesis\/sin-categoria\/els-determinants-de-la-localitzacio-industrial-i-residencial-una-aplicacio-als-municipis-catalans\/"},"modified":"2018-03-09T09:02:52","modified_gmt":"2018-03-09T09:02:52","slug":"els-determinants-de-la-localitzacio-industrial-i-residencial-una-aplicacio-als-municipis-catalans","status":"publish","type":"post","link":"https:\/\/www.deberes.net\/tesis\/ciencias-economicas\/els-determinants-de-la-localitzacio-industrial-i-residencial-una-aplicacio-als-municipis-catalans\/","title":{"rendered":"Els determinants de la localitzaci\u00f3 industrial i residencial: una aplicaci\u00f3 als municipis catalans"},"content":{"rendered":"<h2>Tesis doctoral de <strong> Josep Mar\u00eda Arauzo Carod <\/strong><\/h2>\n<p>&nbsp;<\/p>\n<h3>Datos acad\u00e9micos de la tesis doctoral \u00ab<strong>Els determinants de la localitzaci\u00f3 industrial i residencial: una aplicaci\u00f3 als municipis catalans<\/strong>\u00ab<\/h3>\n<ul>\n<li><strong>T\u00edtulo de la tesis:<\/strong>\u00a0 Els determinants de la localitzaci\u00f3 industrial i residencial: una aplicaci\u00f3 als municipis catalans <\/li>\n<li><strong>Autor:<\/strong>\u00a0 Josep Mar\u00eda Arauzo Carod <\/li>\n<li><strong>Universidad:<\/strong>\u00a0 Rovira i virgili<\/li>\n<li><strong>Fecha de lectura de la tesis:<\/strong>\u00a0 15\/02\/2002<\/li>\n<\/ul>\n<p>&nbsp;<\/p>\n<h3>Direcci\u00f3n y tribunal<\/h3>\n<ul>\n<li><strong>Director de la tesis<\/strong>\n<ul>\n<li>Agust\u00ed Segarra Blasco<\/li>\n<\/ul>\n<\/li>\n<li><strong>Tribunal<\/strong>\n<ul>\n<li>Presidente del tribunal: mart\u00ed Parellada sabata <\/li>\n<li>vicent Soler marco (vocal)<\/li>\n<li>Mar\u00eda  teresa Costa campi (vocal)<\/li>\n<li>Mar\u00eda Callej\u00f3n forniells (vocal)<\/li>\n<\/ul>\n<\/li>\n<\/ul>\n<p>&nbsp;<\/p>\n","protected":false},"excerpt":{"rendered":"<p>Tesis doctoral de Josep Mar\u00eda Arauzo Carod &nbsp; Datos acad\u00e9micos de la tesis doctoral \u00abEls determinants de la localitzaci\u00f3 industrial [&hellip;]<\/p>\n","protected":false},"author":1,"featured_media":0,"comment_status":"open","ping_status":"open","sticky":false,"template":"","format":"standard","meta":{"site-sidebar-layout":"default","site-content-layout":"","ast-site-content-layout":"","site-content-style":"default","site-sidebar-style":"default","ast-global-header-display":"","ast-banner-title-visibility":"","ast-main-header-display":"","ast-hfb-above-header-display":"","ast-hfb-below-header-display":"","ast-hfb-mobile-header-display":"","site-post-title":"","ast-breadcrumbs-content":"","ast-featured-img":"","footer-sml-layout":"","theme-transparent-header-meta":"","adv-header-id-meta":"","stick-header-meta":"","header-above-stick-meta":"","header-main-stick-meta":"","header-below-stick-meta":"","astra-migrate-meta-layouts":"default","ast-page-background-enabled":"default","ast-page-background-meta":{"desktop":{"background-color":"var(--ast-global-color-4)","background-image":"","background-repeat":"repeat","background-position":"center center","background-size":"auto","background-attachment":"scroll","background-type":"","background-media":"","overlay-type":"","overlay-color":"","overlay-gradient":""},"tablet":{"background-color":"","background-image":"","background-repeat":"repeat","background-position":"center center","background-size":"auto","background-attachment":"scroll","background-type":"","background-media":"","overlay-type":"","overlay-color":"","overlay-gradient":""},"mobile":{"background-color":"","background-image":"","background-repeat":"repeat","background-position":"center center","background-size":"auto","background-attachment":"scroll","background-type":"","background-media":"","overlay-type":"","overlay-color":"","overlay-gradient":""}},"ast-content-background-meta":{"desktop":{"background-color":"var(--ast-global-color-5)","background-image":"","background-repeat":"repeat","background-position":"center center","background-size":"auto","background-attachment":"scroll","background-type":"","background-media":"","overlay-type":"","overlay-color":"","overlay-gradient":""},"tablet":{"background-color":"var(--ast-global-color-5)","background-image":"","background-repeat":"repeat","background-position":"center center","background-size":"auto","background-attachment":"scroll","background-type":"","background-media":"","overlay-type":"","overlay-color":"","overlay-gradient":""},"mobile":{"background-color":"var(--ast-global-color-5)","background-image":"","background-repeat":"repeat","background-position":"center center","background-size":"auto","background-attachment":"scroll","background-type":"","background-media":"","overlay-type":"","overlay-color":"","overlay-gradient":""}},"footnotes":""},"categories":[82,1301,2825,1302,18759],"tags":[49739,49738,49741,19092,13428,49740],"class_list":["post-15621","post","type-post","status-publish","format-standard","hentry","category-ciencias-economicas","category-estudios-industriales","category-organizacion-industrial-y-sector-publico","category-organizacion-y-gestion-de-empresas","category-rovira-i-virgili","tag-agusti-segarra-blasco","tag-josep-maria-arauzo-carod","tag-maria-callejon-forniells","tag-maria-teresa-costa-campi","tag-marti-parellada-sabata","tag-vicent-soler-marco"],"_links":{"self":[{"href":"https:\/\/www.deberes.net\/tesis\/wp-json\/wp\/v2\/posts\/15621","targetHints":{"allow":["GET"]}}],"collection":[{"href":"https:\/\/www.deberes.net\/tesis\/wp-json\/wp\/v2\/posts"}],"about":[{"href":"https:\/\/www.deberes.net\/tesis\/wp-json\/wp\/v2\/types\/post"}],"author":[{"embeddable":true,"href":"https:\/\/www.deberes.net\/tesis\/wp-json\/wp\/v2\/users\/1"}],"replies":[{"embeddable":true,"href":"https:\/\/www.deberes.net\/tesis\/wp-json\/wp\/v2\/comments?post=15621"}],"version-history":[{"count":0,"href":"https:\/\/www.deberes.net\/tesis\/wp-json\/wp\/v2\/posts\/15621\/revisions"}],"wp:attachment":[{"href":"https:\/\/www.deberes.net\/tesis\/wp-json\/wp\/v2\/media?parent=15621"}],"wp:term":[{"taxonomy":"category","embeddable":true,"href":"https:\/\/www.deberes.net\/tesis\/wp-json\/wp\/v2\/categories?post=15621"},{"taxonomy":"post_tag","embeddable":true,"href":"https:\/\/www.deberes.net\/tesis\/wp-json\/wp\/v2\/tags?post=15621"}],"curies":[{"name":"wp","href":"https:\/\/api.w.org\/{rel}","templated":true}]}}