{"id":156242,"date":"2026-01-12T17:27:30","date_gmt":"2026-01-12T17:27:30","guid":{"rendered":"https:\/\/www.deberes.net\/tesis\/sin-categoria\/la-flora-oral-anaerobia-y-su-repercusion-en-la-patologia-bucal\/"},"modified":"2026-01-12T17:27:30","modified_gmt":"2026-01-12T17:27:30","slug":"la-flora-oral-anaerobia-y-su-repercusion-en-la-patologia-bucal","status":"publish","type":"post","link":"https:\/\/www.deberes.net\/tesis\/ciencias-medicas\/la-flora-oral-anaerobia-y-su-repercusion-en-la-patologia-bucal\/","title":{"rendered":"La flora oral anaerobia y su repercusion en la patolog\u00eda bucal."},"content":{"rendered":"<h2>Tesis doctoral de <strong> Isaias Montes Martinez <\/strong><\/h2>\n<p>La enfermedad periodontal es un proceso inflamatoria destructivo cuya etiopatogenia aun esta por aclarar. El principal factor etiologico es la proliferacion de determinados microorganismos en la bolsa periodonta. De estas bacterias son los bacteroides pigmentados los principales agentes etiologicos.  se ha hecho un estudio sobre la colonizacion de estos microorganismos en las edades en las que acontecen los principales cambios de la estructura dental: 3,7,15, 30 a\u00f1os. Asi como su importancia en enfermos con enfermedad periodontal avanzada.  para el dianostico se ha utilizado elmedio de wilkins-chalgren con fosfomicina y se ha comparado con medios no selectivos. La especie con mas frecuencia aislada es p. Intermedia con diferencias estadisticas significativas sobre las personas sanas. Los bacteroides pigmentados se aislan con mas frecuencia a medida que aumenta la edad y sobre todo con la enfermedad. P.  gingivalis fue aislado en el 80&#8243;\u00bb de los enfermos. El medio con fosfomicina resulto muy util para el aislamiento de estos microorganismos con una eficacia similar a los medios no selectivos.<\/p>\n<p>&nbsp;<\/p>\n<h3>Datos acad\u00e9micos de la tesis doctoral \u00ab<strong>La flora oral anaerobia y su repercusion en la patolog\u00eda bucal.<\/strong>\u00ab<\/h3>\n<ul>\n<li><strong>T\u00edtulo de la tesis:<\/strong>\u00a0 La flora oral anaerobia y su repercusion en la patolog\u00eda bucal. <\/li>\n<li><strong>Autor:<\/strong>\u00a0 Isaias Montes Martinez <\/li>\n<li><strong>Universidad:<\/strong>\u00a0 Salamanca<\/li>\n<li><strong>Fecha de lectura de la tesis:<\/strong>\u00a0 01\/01\/1991<\/li>\n<\/ul>\n<p>&nbsp;<\/p>\n<h3>Direcci\u00f3n y tribunal<\/h3>\n<ul>\n<li><strong>Director de la tesis<\/strong>\n<ul>\n<li> Garcia Rodriguez Jos\u00e9 A.<\/li>\n<\/ul>\n<\/li>\n<li><strong>Tribunal<\/strong>\n<ul>\n<li>Presidente del tribunal: Mar\u00eda  Del Carmen S\u00e1enz Gonz\u00e1lez <\/li>\n<li>Juan  Jos\u00e9 Picazo De La Garza (vocal)<\/li>\n<li>Jos\u00e9 Prieto Prieto (vocal)<\/li>\n<li> Seirul-lo De Vargas Francisco J. (vocal)<\/li>\n<\/ul>\n<\/li>\n<\/ul>\n<p>&nbsp;<\/p>\n","protected":false},"excerpt":{"rendered":"<p>Tesis doctoral de Isaias Montes Martinez La enfermedad periodontal es un proceso inflamatoria destructivo cuya etiopatogenia aun esta por aclarar. [&hellip;]<\/p>\n","protected":false},"author":1,"featured_media":0,"comment_status":"open","ping_status":"open","sticky":false,"template":"","format":"standard","meta":{"site-sidebar-layout":"default","site-content-layout":"","ast-site-content-layout":"","site-content-style":"default","site-sidebar-style":"default","ast-global-header-display":"","ast-banner-title-visibility":"","ast-main-header-display":"","ast-hfb-above-header-display":"","ast-hfb-below-header-display":"","ast-hfb-mobile-header-display":"","site-post-title":"","ast-breadcrumbs-content":"","ast-featured-img":"","footer-sml-layout":"","theme-transparent-header-meta":"","adv-header-id-meta":"","stick-header-meta":"","header-above-stick-meta":"","header-main-stick-meta":"","header-below-stick-meta":"","astra-migrate-meta-layouts":"default","ast-page-background-enabled":"default","ast-page-background-meta":{"desktop":{"background-color":"var(--ast-global-color-4)","background-image":"","background-repeat":"repeat","background-position":"center center","background-size":"auto","background-attachment":"scroll","background-type":"","background-media":"","overlay-type":"","overlay-color":"","overlay-gradient":""},"tablet":{"background-color":"","background-image":"","background-repeat":"repeat","background-position":"center center","background-size":"auto","background-attachment":"scroll","background-type":"","background-media":"","overlay-type":"","overlay-color":"","overlay-gradient":""},"mobile":{"background-color":"","background-image":"","background-repeat":"repeat","background-position":"center center","background-size":"auto","background-attachment":"scroll","background-type":"","background-media":"","overlay-type":"","overlay-color":"","overlay-gradient":""}},"ast-content-background-meta":{"desktop":{"background-color":"var(--ast-global-color-5)","background-image":"","background-repeat":"repeat","background-position":"center center","background-size":"auto","background-attachment":"scroll","background-type":"","background-media":"","overlay-type":"","overlay-color":"","overlay-gradient":""},"tablet":{"background-color":"var(--ast-global-color-5)","background-image":"","background-repeat":"repeat","background-position":"center center","background-size":"auto","background-attachment":"scroll","background-type":"","background-media":"","overlay-type":"","overlay-color":"","overlay-gradient":""},"mobile":{"background-color":"var(--ast-global-color-5)","background-image":"","background-repeat":"repeat","background-position":"center center","background-size":"auto","background-attachment":"scroll","background-type":"","background-media":"","overlay-type":"","overlay-color":"","overlay-gradient":""}},"footnotes":""},"categories":[35,9,141,140,278,9386],"tags":[603,270351,3474,3475,8318,270352],"class_list":["post-156242","post","type-post","status-publish","format-standard","hentry","category-ciencias-de-la-vida","category-ciencias-medicas","category-cirugia","category-estomatologia-y-ortodoncia","category-microbiologia","category-salamanca","tag-garcia-rodriguez-jose-a","tag-isaias-montes-Martinez","tag-jose-prieto-prieto","tag-juan-jose-picazo-de-la-garza","tag-maria-del-carmen-saenz-gonzalez","tag-seirul-lo-de-vargas-francisco-j"],"_links":{"self":[{"href":"https:\/\/www.deberes.net\/tesis\/wp-json\/wp\/v2\/posts\/156242","targetHints":{"allow":["GET"]}}],"collection":[{"href":"https:\/\/www.deberes.net\/tesis\/wp-json\/wp\/v2\/posts"}],"about":[{"href":"https:\/\/www.deberes.net\/tesis\/wp-json\/wp\/v2\/types\/post"}],"author":[{"embeddable":true,"href":"https:\/\/www.deberes.net\/tesis\/wp-json\/wp\/v2\/users\/1"}],"replies":[{"embeddable":true,"href":"https:\/\/www.deberes.net\/tesis\/wp-json\/wp\/v2\/comments?post=156242"}],"version-history":[{"count":0,"href":"https:\/\/www.deberes.net\/tesis\/wp-json\/wp\/v2\/posts\/156242\/revisions"}],"wp:attachment":[{"href":"https:\/\/www.deberes.net\/tesis\/wp-json\/wp\/v2\/media?parent=156242"}],"wp:term":[{"taxonomy":"category","embeddable":true,"href":"https:\/\/www.deberes.net\/tesis\/wp-json\/wp\/v2\/categories?post=156242"},{"taxonomy":"post_tag","embeddable":true,"href":"https:\/\/www.deberes.net\/tesis\/wp-json\/wp\/v2\/tags?post=156242"}],"curies":[{"name":"wp","href":"https:\/\/api.w.org\/{rel}","templated":true}]}}