{"id":156275,"date":"2026-01-12T17:27:55","date_gmt":"2026-01-12T17:27:55","guid":{"rendered":"https:\/\/www.deberes.net\/tesis\/sin-categoria\/salamanca-en-el-siglo-xviii-aspectos-urbanisticos\/"},"modified":"2026-01-12T17:27:55","modified_gmt":"2026-01-12T17:27:55","slug":"salamanca-en-el-siglo-xviii-aspectos-urbanisticos","status":"publish","type":"post","link":"https:\/\/www.deberes.net\/tesis\/historia\/salamanca-en-el-siglo-xviii-aspectos-urbanisticos\/","title":{"rendered":"Salamanca en el siglo xviii: aspectos urbanisticos."},"content":{"rendered":"<h2>Tesis doctoral de <strong>  Ruperez Almajano M. Nieves <\/strong><\/h2>\n<p>En esta investigacion se aborda el desarrollo urbano de salamanca desde comienzos del siglo xviii hasta la guerra de la independencia. Esta estructurada en cuatro grandes apartados -emplazamiento y comunicaciones, estructura e infraestructura, la dimension arquitectonica y la legislacion en materia de urbanismo y construccion-, subdivididos a su vez en varios capitulos que suponen, como punto de partida, la consideracion de que la ciudad no es una estructura cerrada, sino una realidad abierta, dotada de elementos que permanecen y otros que evolucionan. Se ha aplicado una metodolog\u00eda que permitiese constatar esta evolucion.  el estudio se apoya fundamentalmente en fuentes manuscritas procedentes de diversos archivos. Segun los resultados obtenidos, salamanca presenta en el siglo xviii una estructura urbana heredada de epocas pasadas en la que, si bien no se introducen modificaciones sustanciales, si se aprecian cambios puntuales, destacando especialmente la configuracion barroca de la plaza mayor. Se ponen las bases de lo que seran las futuras zonas verdes y paseos hasta nuestros dias y se inician importantes medidas de infraestructura. En el aspecto constructivo el siglo xviii conoce una intensificacion de la actividad arquitectonica, especialmente de tipo monumental, que impone en la ciudad una fisonomia que compite con la plateresca.<\/p>\n<p>&nbsp;<\/p>\n<h3>Datos acad\u00e9micos de la tesis doctoral \u00ab<strong>Salamanca en el siglo xviii: aspectos urbanisticos.<\/strong>\u00ab<\/h3>\n<ul>\n<li><strong>T\u00edtulo de la tesis:<\/strong>\u00a0 Salamanca en el siglo xviii: aspectos urbanisticos. <\/li>\n<li><strong>Autor:<\/strong>\u00a0  Ruperez Almajano M. Nieves <\/li>\n<li><strong>Universidad:<\/strong>\u00a0 Salamanca<\/li>\n<li><strong>Fecha de lectura de la tesis:<\/strong>\u00a0 01\/01\/1991<\/li>\n<\/ul>\n<p>&nbsp;<\/p>\n<h3>Direcci\u00f3n y tribunal<\/h3>\n<ul>\n<li><strong>Director de la tesis<\/strong>\n<ul>\n<li>Jes\u00fas Mar\u00eda Caama\u00f1o Martinez<\/li>\n<\/ul>\n<\/li>\n<li><strong>Tribunal<\/strong>\n<ul>\n<li>Presidente del tribunal:  Martin Gonzalez Juan  Jose <\/li>\n<li> Piquero Lopez  Mar\u00eda  Angeles (vocal)<\/li>\n<li>Mar\u00eda Antonia Virgili Blanquet (vocal)<\/li>\n<li>Margarita Ruiz Maldonado (vocal)<\/li>\n<\/ul>\n<\/li>\n<\/ul>\n<p>&nbsp;<\/p>\n","protected":false},"excerpt":{"rendered":"<p>Tesis doctoral de Ruperez Almajano M. Nieves En esta investigacion se aborda el desarrollo urbano de salamanca desde comienzos del [&hellip;]<\/p>\n","protected":false},"author":1,"featured_media":0,"comment_status":"open","ping_status":"open","sticky":false,"template":"","format":"standard","meta":{"site-sidebar-layout":"default","site-content-layout":"","ast-site-content-layout":"","site-content-style":"default","site-sidebar-style":"default","ast-global-header-display":"","ast-banner-title-visibility":"","ast-main-header-display":"","ast-hfb-above-header-display":"","ast-hfb-below-header-display":"","ast-hfb-mobile-header-display":"","site-post-title":"","ast-breadcrumbs-content":"","ast-featured-img":"","footer-sml-layout":"","theme-transparent-header-meta":"","adv-header-id-meta":"","stick-header-meta":"","header-above-stick-meta":"","header-main-stick-meta":"","header-below-stick-meta":"","astra-migrate-meta-layouts":"default","ast-page-background-enabled":"default","ast-page-background-meta":{"desktop":{"background-color":"var(--ast-global-color-4)","background-image":"","background-repeat":"repeat","background-position":"center center","background-size":"auto","background-attachment":"scroll","background-type":"","background-media":"","overlay-type":"","overlay-color":"","overlay-gradient":""},"tablet":{"background-color":"","background-image":"","background-repeat":"repeat","background-position":"center center","background-size":"auto","background-attachment":"scroll","background-type":"","background-media":"","overlay-type":"","overlay-color":"","overlay-gradient":""},"mobile":{"background-color":"","background-image":"","background-repeat":"repeat","background-position":"center center","background-size":"auto","background-attachment":"scroll","background-type":"","background-media":"","overlay-type":"","overlay-color":"","overlay-gradient":""}},"ast-content-background-meta":{"desktop":{"background-color":"var(--ast-global-color-5)","background-image":"","background-repeat":"repeat","background-position":"center center","background-size":"auto","background-attachment":"scroll","background-type":"","background-media":"","overlay-type":"","overlay-color":"","overlay-gradient":""},"tablet":{"background-color":"var(--ast-global-color-5)","background-image":"","background-repeat":"repeat","background-position":"center center","background-size":"auto","background-attachment":"scroll","background-type":"","background-media":"","overlay-type":"","overlay-color":"","overlay-gradient":""},"mobile":{"background-color":"var(--ast-global-color-5)","background-image":"","background-repeat":"repeat","background-position":"center center","background-size":"auto","background-attachment":"scroll","background-type":"","background-media":"","overlay-type":"","overlay-color":"","overlay-gradient":""}},"footnotes":""},"categories":[4509,147,104,1014,222,9386,5371],"tags":[2984,34924,9723,12567,113748,270385],"class_list":["post-156275","post","type-post","status-publish","format-standard","hentry","category-arquitectura","category-ciencias-de-las-artes-y-las-letras","category-historia","category-historia-del-arte","category-historias-especializadas","category-salamanca","category-urbanismo","tag-jesus-maria-caamano-Martinez","tag-margarita-ruiz-maldonado","tag-maria-antonia-virgili-blanquet","tag-martin-gonzalez-juan-jose","tag-piquero-lopez-maria-angeles","tag-ruperez-almajano-m-nieves"],"_links":{"self":[{"href":"https:\/\/www.deberes.net\/tesis\/wp-json\/wp\/v2\/posts\/156275","targetHints":{"allow":["GET"]}}],"collection":[{"href":"https:\/\/www.deberes.net\/tesis\/wp-json\/wp\/v2\/posts"}],"about":[{"href":"https:\/\/www.deberes.net\/tesis\/wp-json\/wp\/v2\/types\/post"}],"author":[{"embeddable":true,"href":"https:\/\/www.deberes.net\/tesis\/wp-json\/wp\/v2\/users\/1"}],"replies":[{"embeddable":true,"href":"https:\/\/www.deberes.net\/tesis\/wp-json\/wp\/v2\/comments?post=156275"}],"version-history":[{"count":0,"href":"https:\/\/www.deberes.net\/tesis\/wp-json\/wp\/v2\/posts\/156275\/revisions"}],"wp:attachment":[{"href":"https:\/\/www.deberes.net\/tesis\/wp-json\/wp\/v2\/media?parent=156275"}],"wp:term":[{"taxonomy":"category","embeddable":true,"href":"https:\/\/www.deberes.net\/tesis\/wp-json\/wp\/v2\/categories?post=156275"},{"taxonomy":"post_tag","embeddable":true,"href":"https:\/\/www.deberes.net\/tesis\/wp-json\/wp\/v2\/tags?post=156275"}],"curies":[{"name":"wp","href":"https:\/\/api.w.org\/{rel}","templated":true}]}}