{"id":156335,"date":"2026-01-12T17:28:26","date_gmt":"2026-01-12T17:28:26","guid":{"rendered":"https:\/\/www.deberes.net\/tesis\/sin-categoria\/autopercepcion-y-evaluacion-del-profesorado-segun-los-diferentes-niveles-de-ensenanza\/"},"modified":"2026-01-12T17:28:26","modified_gmt":"2026-01-12T17:28:26","slug":"autopercepcion-y-evaluacion-del-profesorado-segun-los-diferentes-niveles-de-ensenanza","status":"publish","type":"post","link":"https:\/\/www.deberes.net\/tesis\/psicologia\/autopercepcion-y-evaluacion-del-profesorado-segun-los-diferentes-niveles-de-ensenanza\/","title":{"rendered":"\u00abautopercepcion y evaluacion del profesorado, segun los diferentes niveles de ense\u00f1anza\u00bb"},"content":{"rendered":"<h2>Tesis doctoral de <strong> F\u00e9lix Guill\u00e9n Garc\u00eda <\/strong><\/h2>\n<p>Se analizan las funciones docentes del profesor segun criterio autoperceptivo y criterio de los alumnos en distintos niveles de la ense\u00f1anza (ciclo medio y superior de la egb y eemm), al tiempo que se comparan ambas percepciones. En una primera investigacion, se trabaja con una amplisima muestra de 4432 alumnos y de 160 profesores a los que se les aplica un cuestionario de evaluacion de actitudes y estilo del profesor. En la segunda investigacion, 573 alumnos contestaron de forma \u00ababierta\u00bb sobre la que \u00abmas me gusta y valoro\u00bb y lo que \u00abmas me fastidia y disgusta\u00bb de sus profesores. Las autovaloraciones de los profesores, siendo generalmente positivas, estan condicionadas por el nivel en que desarrollan su labor: los del ciclo superior realizan valoraciones mas bajas, mientras que los del ciclo medio establecen mas matizaciones. Por lo que respecta a los alumnos, si bien la percepcion de sus profesores es bastante positiva, tienden a hacer mas comentarios positivos de sus profesores en los niveles inferiores, enfatizando los aspectos ludicos de las clases. En los niveles superiores tienden a valorar los aspectos de competencia y habilidades docentes.<\/p>\n<p>&nbsp;<\/p>\n<h3>Datos acad\u00e9micos de la tesis doctoral \u00ab<strong>\u00abautopercepcion y evaluacion del profesorado, segun los diferentes niveles de ense\u00f1anza\u00bb<\/strong>\u00ab<\/h3>\n<ul>\n<li><strong>T\u00edtulo de la tesis:<\/strong>\u00a0 \u00abautopercepcion y evaluacion del profesorado, segun los diferentes niveles de ense\u00f1anza\u00bb <\/li>\n<li><strong>Autor:<\/strong>\u00a0 F\u00e9lix Guill\u00e9n Garc\u00eda <\/li>\n<li><strong>Universidad:<\/strong>\u00a0 La laguna<\/li>\n<li><strong>Fecha de lectura de la tesis:<\/strong>\u00a0 01\/01\/1991<\/li>\n<\/ul>\n<p>&nbsp;<\/p>\n<h3>Direcci\u00f3n y tribunal<\/h3>\n<ul>\n<li><strong>Director de la tesis<\/strong>\n<ul>\n<li>Pedro Hernandez Hernandez<\/li>\n<\/ul>\n<\/li>\n<li><strong>Tribunal<\/strong>\n<ul>\n<li>Presidente del tribunal: Mario De Miguel D\u00edaz <\/li>\n<li>Gonzalo Marrero Rodr\u00edguez (vocal)<\/li>\n<li>Jaume Cruz Feliu (vocal)<\/li>\n<li>Luis Garcia Garcia (vocal)<\/li>\n<\/ul>\n<\/li>\n<\/ul>\n<p>&nbsp;<\/p>\n","protected":false},"excerpt":{"rendered":"<p>Tesis doctoral de F\u00e9lix Guill\u00e9n Garc\u00eda Se analizan las funciones docentes del profesor segun criterio autoperceptivo y criterio de los [&hellip;]<\/p>\n","protected":false},"author":1,"featured_media":0,"comment_status":"open","ping_status":"open","sticky":false,"template":"","format":"standard","meta":{"site-sidebar-layout":"default","site-content-layout":"","ast-site-content-layout":"","site-content-style":"default","site-sidebar-style":"default","ast-global-header-display":"","ast-banner-title-visibility":"","ast-main-header-display":"","ast-hfb-above-header-display":"","ast-hfb-below-header-display":"","ast-hfb-mobile-header-display":"","site-post-title":"","ast-breadcrumbs-content":"","ast-featured-img":"","footer-sml-layout":"","theme-transparent-header-meta":"","adv-header-id-meta":"","stick-header-meta":"","header-above-stick-meta":"","header-main-stick-meta":"","header-below-stick-meta":"","astra-migrate-meta-layouts":"default","ast-page-background-enabled":"default","ast-page-background-meta":{"desktop":{"background-color":"var(--ast-global-color-4)","background-image":"","background-repeat":"repeat","background-position":"center center","background-size":"auto","background-attachment":"scroll","background-type":"","background-media":"","overlay-type":"","overlay-color":"","overlay-gradient":""},"tablet":{"background-color":"","background-image":"","background-repeat":"repeat","background-position":"center center","background-size":"auto","background-attachment":"scroll","background-type":"","background-media":"","overlay-type":"","overlay-color":"","overlay-gradient":""},"mobile":{"background-color":"","background-image":"","background-repeat":"repeat","background-position":"center center","background-size":"auto","background-attachment":"scroll","background-type":"","background-media":"","overlay-type":"","overlay-color":"","overlay-gradient":""}},"ast-content-background-meta":{"desktop":{"background-color":"var(--ast-global-color-5)","background-image":"","background-repeat":"repeat","background-position":"center center","background-size":"auto","background-attachment":"scroll","background-type":"","background-media":"","overlay-type":"","overlay-color":"","overlay-gradient":""},"tablet":{"background-color":"var(--ast-global-color-5)","background-image":"","background-repeat":"repeat","background-position":"center center","background-size":"auto","background-attachment":"scroll","background-type":"","background-media":"","overlay-type":"","overlay-color":"","overlay-gradient":""},"mobile":{"background-color":"var(--ast-global-color-5)","background-image":"","background-repeat":"repeat","background-position":"center center","background-size":"auto","background-attachment":"scroll","background-type":"","background-media":"","overlay-type":"","overlay-color":"","overlay-gradient":""}},"footnotes":""},"categories":[1140,9915,1141,1288,324,5174],"tags":[59106,26145,17232,10342,11634,10241],"class_list":["post-156335","post","type-post","status-publish","format-standard","hentry","category-formacion-y-empleo-de-profesores","category-la-laguna","category-pedagogia","category-preparacion-de-profesores","category-psicologia","category-psicopedagogia","tag-felix-guillen-garcia","tag-gonzalo-marrero-rodriguez","tag-jaume-cruz-feliu","tag-luis-garcia-garcia","tag-mario-de-miguel-diaz","tag-pedro-hernandez-hernandez"],"_links":{"self":[{"href":"https:\/\/www.deberes.net\/tesis\/wp-json\/wp\/v2\/posts\/156335","targetHints":{"allow":["GET"]}}],"collection":[{"href":"https:\/\/www.deberes.net\/tesis\/wp-json\/wp\/v2\/posts"}],"about":[{"href":"https:\/\/www.deberes.net\/tesis\/wp-json\/wp\/v2\/types\/post"}],"author":[{"embeddable":true,"href":"https:\/\/www.deberes.net\/tesis\/wp-json\/wp\/v2\/users\/1"}],"replies":[{"embeddable":true,"href":"https:\/\/www.deberes.net\/tesis\/wp-json\/wp\/v2\/comments?post=156335"}],"version-history":[{"count":0,"href":"https:\/\/www.deberes.net\/tesis\/wp-json\/wp\/v2\/posts\/156335\/revisions"}],"wp:attachment":[{"href":"https:\/\/www.deberes.net\/tesis\/wp-json\/wp\/v2\/media?parent=156335"}],"wp:term":[{"taxonomy":"category","embeddable":true,"href":"https:\/\/www.deberes.net\/tesis\/wp-json\/wp\/v2\/categories?post=156335"},{"taxonomy":"post_tag","embeddable":true,"href":"https:\/\/www.deberes.net\/tesis\/wp-json\/wp\/v2\/tags?post=156335"}],"curies":[{"name":"wp","href":"https:\/\/api.w.org\/{rel}","templated":true}]}}