{"id":156367,"date":"2026-01-12T17:28:42","date_gmt":"2026-01-12T17:28:42","guid":{"rendered":"https:\/\/www.deberes.net\/tesis\/sin-categoria\/la-teoria-del-derecho-de-giovanni-tarello\/"},"modified":"2026-01-12T17:28:42","modified_gmt":"2026-01-12T17:28:42","slug":"la-teoria-del-derecho-de-giovanni-tarello","status":"publish","type":"post","link":"https:\/\/www.deberes.net\/tesis\/ciencias-juridicas-y-derecho\/la-teoria-del-derecho-de-giovanni-tarello\/","title":{"rendered":"La teoria del derecho de giovanni tarello."},"content":{"rendered":"<h2>Tesis doctoral de <strong> Inmaculada Silva Palacios <\/strong><\/h2>\n<p>En la tesis se describe y sistematiza el pensamiento de giovanni tarello, poniendo especial atencion en sus aportaciones al proceso de discusion acontecido en italia durante la segunda mitad de este siglo, del que surgirian importantes contribuciones al cambio paradigmatico a las concepciones del derecho hoy en boga.  en el trabajo se exponen, por tanto, las contribuciones de tarello en los campos de:  1) la filosofia del derecho: la filosofia del derecho como area independiente de la filosofia general; propuesta de supresion de \u00abpositivismo juridico\u00bb; la norma juridica como producto de la interpretacion; critica del concepto hartiano de \u00abobligacion\u00bb; analisis del contenido ideologico de \u00abordenamiento juridico\u00bb; teoria pragmatica de la interpretacion judicial; el concepto de \u00abderecho positivo\u00bb.  2) la sociolog\u00eda juridica (la sociolog\u00eda juridica como area de conocimiento propia de los juristas y no de los sociologos).          3) axiolog\u00eda juridica (relacion y diferenciacion entre los discursos etico y juridico; poder y consenso).  4) historia de la cultura juridica.  5) consideraciones sobre la organizacion juridica.  6) aportaciones a la dogmatica juridica (reflexiones en torno a los conceptos de \u00abpropiedad\u00bb y contribuciones al derecho sindical).       La autora considera plausible sostener que, a pesar de la pluralidad tematica aprobada por tarello, existe un elemento persistente en su pensamiento: la busqueda de los presupuestos ideologicos que subyacen y, en algun sentido condicionan, el discurso de los juristas, tanto teorico como practico.<\/p>\n<p>&nbsp;<\/p>\n<h3>Datos acad\u00e9micos de la tesis doctoral \u00ab<strong>La teoria del derecho de giovanni tarello.<\/strong>\u00ab<\/h3>\n<ul>\n<li><strong>T\u00edtulo de la tesis:<\/strong>\u00a0 La teoria del derecho de giovanni tarello. <\/li>\n<li><strong>Autor:<\/strong>\u00a0 Inmaculada Silva Palacios <\/li>\n<li><strong>Universidad:<\/strong>\u00a0 La laguna<\/li>\n<li><strong>Fecha de lectura de la tesis:<\/strong>\u00a0 01\/01\/1991<\/li>\n<\/ul>\n<p>&nbsp;<\/p>\n<h3>Direcci\u00f3n y tribunal<\/h3>\n<ul>\n<li><strong>Director de la tesis<\/strong>\n<ul>\n<li>Ignacio Ara Pinilla<\/li>\n<\/ul>\n<\/li>\n<li><strong>Tribunal<\/strong>\n<ul>\n<li>Presidente del tribunal:  Garcia San Miguel Luis <\/li>\n<li>Massimo La Torre (vocal)<\/li>\n<li>Gregorio Robles Marchon (vocal)<\/li>\n<li>Mar\u00eda  Jos\u00e9 Fari\u00f1as Dulce (vocal)<\/li>\n<\/ul>\n<\/li>\n<\/ul>\n<p>&nbsp;<\/p>\n","protected":false},"excerpt":{"rendered":"<p>Tesis doctoral de Inmaculada Silva Palacios En la tesis se describe y sistematiza el pensamiento de giovanni tarello, poniendo especial [&hellip;]<\/p>\n","protected":false},"author":1,"featured_media":0,"comment_status":"open","ping_status":"open","sticky":false,"template":"","format":"standard","meta":{"site-sidebar-layout":"default","site-content-layout":"","ast-site-content-layout":"","site-content-style":"default","site-sidebar-style":"default","ast-global-header-display":"","ast-banner-title-visibility":"","ast-main-header-display":"","ast-hfb-above-header-display":"","ast-hfb-below-header-display":"","ast-hfb-mobile-header-display":"","site-post-title":"","ast-breadcrumbs-content":"","ast-featured-img":"","footer-sml-layout":"","theme-transparent-header-meta":"","adv-header-id-meta":"","stick-header-meta":"","header-above-stick-meta":"","header-main-stick-meta":"","header-below-stick-meta":"","astra-migrate-meta-layouts":"default","ast-page-background-enabled":"default","ast-page-background-meta":{"desktop":{"background-color":"var(--ast-global-color-4)","background-image":"","background-repeat":"repeat","background-position":"center center","background-size":"auto","background-attachment":"scroll","background-type":"","background-media":"","overlay-type":"","overlay-color":"","overlay-gradient":""},"tablet":{"background-color":"","background-image":"","background-repeat":"repeat","background-position":"center center","background-size":"auto","background-attachment":"scroll","background-type":"","background-media":"","overlay-type":"","overlay-color":"","overlay-gradient":""},"mobile":{"background-color":"","background-image":"","background-repeat":"repeat","background-position":"center center","background-size":"auto","background-attachment":"scroll","background-type":"","background-media":"","overlay-type":"","overlay-color":"","overlay-gradient":""}},"ast-content-background-meta":{"desktop":{"background-color":"var(--ast-global-color-5)","background-image":"","background-repeat":"repeat","background-position":"center center","background-size":"auto","background-attachment":"scroll","background-type":"","background-media":"","overlay-type":"","overlay-color":"","overlay-gradient":""},"tablet":{"background-color":"var(--ast-global-color-5)","background-image":"","background-repeat":"repeat","background-position":"center center","background-size":"auto","background-attachment":"scroll","background-type":"","background-media":"","overlay-type":"","overlay-color":"","overlay-gradient":""},"mobile":{"background-color":"var(--ast-global-color-5)","background-image":"","background-repeat":"repeat","background-position":"center center","background-size":"auto","background-attachment":"scroll","background-type":"","background-media":"","overlay-type":"","overlay-color":"","overlay-gradient":""}},"footnotes":""},"categories":[612,11777,9915,3193],"tags":[10355,270464,10354,129306,56033,127465],"class_list":["post-156367","post","type-post","status-publish","format-standard","hentry","category-ciencias-juridicas-y-derecho","category-filosofia-del-derecho","category-la-laguna","category-teoria-y-metodos-generales-del-derecho","tag-garcia-san-miguel-luis","tag-gregorio-robles-marchon","tag-ignacio-ara-pinilla","tag-inmaculada-silva-palacios","tag-maria-jose-farinas-dulce","tag-massimo-la-torre"],"_links":{"self":[{"href":"https:\/\/www.deberes.net\/tesis\/wp-json\/wp\/v2\/posts\/156367","targetHints":{"allow":["GET"]}}],"collection":[{"href":"https:\/\/www.deberes.net\/tesis\/wp-json\/wp\/v2\/posts"}],"about":[{"href":"https:\/\/www.deberes.net\/tesis\/wp-json\/wp\/v2\/types\/post"}],"author":[{"embeddable":true,"href":"https:\/\/www.deberes.net\/tesis\/wp-json\/wp\/v2\/users\/1"}],"replies":[{"embeddable":true,"href":"https:\/\/www.deberes.net\/tesis\/wp-json\/wp\/v2\/comments?post=156367"}],"version-history":[{"count":0,"href":"https:\/\/www.deberes.net\/tesis\/wp-json\/wp\/v2\/posts\/156367\/revisions"}],"wp:attachment":[{"href":"https:\/\/www.deberes.net\/tesis\/wp-json\/wp\/v2\/media?parent=156367"}],"wp:term":[{"taxonomy":"category","embeddable":true,"href":"https:\/\/www.deberes.net\/tesis\/wp-json\/wp\/v2\/categories?post=156367"},{"taxonomy":"post_tag","embeddable":true,"href":"https:\/\/www.deberes.net\/tesis\/wp-json\/wp\/v2\/tags?post=156367"}],"curies":[{"name":"wp","href":"https:\/\/api.w.org\/{rel}","templated":true}]}}