{"id":156584,"date":"2026-01-12T17:30:47","date_gmt":"2026-01-12T17:30:47","guid":{"rendered":"https:\/\/www.deberes.net\/tesis\/sin-categoria\/motivacion-aptitud-e-interes-del-deficiente-mental-hacia-el-deporte\/"},"modified":"2026-01-12T17:30:47","modified_gmt":"2026-01-12T17:30:47","slug":"motivacion-aptitud-e-interes-del-deficiente-mental-hacia-el-deporte","status":"publish","type":"post","link":"https:\/\/www.deberes.net\/tesis\/psicologia\/motivacion-aptitud-e-interes-del-deficiente-mental-hacia-el-deporte\/","title":{"rendered":"Motivacion, aptitud e interes del deficiente mental hacia el deporte."},"content":{"rendered":"<h2>Tesis doctoral de <strong> \u00e9ugenio A. P\u00e9rez C\u00f3rdoba <\/strong><\/h2>\n<p>Tras una revision historica de las principales teorias sobre la motivacion, se propone un modelo de campo para el estudio de esta basado en una nueva definicion de la conducta como interconducta explicada por las relaciones funcionales de los multiples elementos de dicho campo. En una segunda parte se elabora un analisis de estos elementos y relaciones en el ambito deportivo que incluye una revision critica de los abordajes mas tradicionales en la motivacion deportiva y un estudio mas especifico de estas relaciones en la iniciacion y en la educacion fisica especial.  y, por ultimo, una tercera parte en la que se compara el rendimiento deportivo de los ni\u00f1os deficientes mentales ligeros y los normales de 9 a 14 a\u00f1os, su condicion fisica y su interes hacia el deporte en base a una entrevista sobre aspectos relacionados con su practica deportiva.<\/p>\n<p>&nbsp;<\/p>\n<h3>Datos acad\u00e9micos de la tesis doctoral \u00ab<strong>Motivacion, aptitud e interes del deficiente mental hacia el deporte.<\/strong>\u00ab<\/h3>\n<ul>\n<li><strong>T\u00edtulo de la tesis:<\/strong>\u00a0 Motivacion, aptitud e interes del deficiente mental hacia el deporte. <\/li>\n<li><strong>Autor:<\/strong>\u00a0 \u00e9ugenio A. P\u00e9rez C\u00f3rdoba <\/li>\n<li><strong>Universidad:<\/strong>\u00a0 Sevilla<\/li>\n<li><strong>Fecha de lectura de la tesis:<\/strong>\u00a0 01\/01\/1991<\/li>\n<\/ul>\n<p>&nbsp;<\/p>\n<h3>Direcci\u00f3n y tribunal<\/h3>\n<ul>\n<li><strong>Director de la tesis<\/strong>\n<ul>\n<li>Jaime Rodr\u00edguez Sacrist\u00e1n<\/li>\n<\/ul>\n<\/li>\n<li><strong>Tribunal<\/strong>\n<ul>\n<li>Presidente del tribunal: Jaume Cruz Feliu <\/li>\n<li>Josep Roca I Balasch (vocal)<\/li>\n<li>Juan  Daniel Ram\u00edrez Garrido (vocal)<\/li>\n<li>Carmen Garc\u00eda Pastor (vocal)<\/li>\n<\/ul>\n<\/li>\n<\/ul>\n<p>&nbsp;<\/p>\n","protected":false},"excerpt":{"rendered":"<p>Tesis doctoral de \u00e9ugenio A. P\u00e9rez C\u00f3rdoba Tras una revision historica de las principales teorias sobre la motivacion, se propone [&hellip;]<\/p>\n","protected":false},"author":1,"featured_media":0,"comment_status":"open","ping_status":"open","sticky":false,"template":"","format":"standard","meta":{"site-sidebar-layout":"default","site-content-layout":"","ast-site-content-layout":"","site-content-style":"default","site-sidebar-style":"default","ast-global-header-display":"","ast-banner-title-visibility":"","ast-main-header-display":"","ast-hfb-above-header-display":"","ast-hfb-below-header-display":"","ast-hfb-mobile-header-display":"","site-post-title":"","ast-breadcrumbs-content":"","ast-featured-img":"","footer-sml-layout":"","theme-transparent-header-meta":"","adv-header-id-meta":"","stick-header-meta":"","header-above-stick-meta":"","header-main-stick-meta":"","header-below-stick-meta":"","astra-migrate-meta-layouts":"default","ast-page-background-enabled":"default","ast-page-background-meta":{"desktop":{"background-color":"var(--ast-global-color-4)","background-image":"","background-repeat":"repeat","background-position":"center center","background-size":"auto","background-attachment":"scroll","background-type":"","background-media":"","overlay-type":"","overlay-color":"","overlay-gradient":""},"tablet":{"background-color":"","background-image":"","background-repeat":"repeat","background-position":"center center","background-size":"auto","background-attachment":"scroll","background-type":"","background-media":"","overlay-type":"","overlay-color":"","overlay-gradient":""},"mobile":{"background-color":"","background-image":"","background-repeat":"repeat","background-position":"center center","background-size":"auto","background-attachment":"scroll","background-type":"","background-media":"","overlay-type":"","overlay-color":"","overlay-gradient":""}},"ast-content-background-meta":{"desktop":{"background-color":"var(--ast-global-color-5)","background-image":"","background-repeat":"repeat","background-position":"center center","background-size":"auto","background-attachment":"scroll","background-type":"","background-media":"","overlay-type":"","overlay-color":"","overlay-gradient":""},"tablet":{"background-color":"var(--ast-global-color-5)","background-image":"","background-repeat":"repeat","background-position":"center center","background-size":"auto","background-attachment":"scroll","background-type":"","background-media":"","overlay-type":"","overlay-color":"","overlay-gradient":""},"mobile":{"background-color":"var(--ast-global-color-5)","background-image":"","background-repeat":"repeat","background-position":"center center","background-size":"auto","background-attachment":"scroll","background-type":"","background-media":"","overlay-type":"","overlay-color":"","overlay-gradient":""}},"footnotes":""},"categories":[3289,11830,324,970,2462,10715],"tags":[49125,91946,1914,17232,42986,33911],"class_list":["post-156584","post","type-post","status-publish","format-standard","hentry","category-deficiencia-mental-del-nino-y-del-adolescente","category-motivacion","category-psicologia","category-psicologia-del-nino-y-del-adolescente","category-psicologia-experimental","category-sevilla","tag-carmen-garcia-pastor","tag-eugenio-a-perez-cordoba","tag-jaime-rodriguez-sacristan","tag-jaume-cruz-feliu","tag-josep-roca-i-balasch","tag-juan-daniel-ramirez-garrido"],"_links":{"self":[{"href":"https:\/\/www.deberes.net\/tesis\/wp-json\/wp\/v2\/posts\/156584","targetHints":{"allow":["GET"]}}],"collection":[{"href":"https:\/\/www.deberes.net\/tesis\/wp-json\/wp\/v2\/posts"}],"about":[{"href":"https:\/\/www.deberes.net\/tesis\/wp-json\/wp\/v2\/types\/post"}],"author":[{"embeddable":true,"href":"https:\/\/www.deberes.net\/tesis\/wp-json\/wp\/v2\/users\/1"}],"replies":[{"embeddable":true,"href":"https:\/\/www.deberes.net\/tesis\/wp-json\/wp\/v2\/comments?post=156584"}],"version-history":[{"count":0,"href":"https:\/\/www.deberes.net\/tesis\/wp-json\/wp\/v2\/posts\/156584\/revisions"}],"wp:attachment":[{"href":"https:\/\/www.deberes.net\/tesis\/wp-json\/wp\/v2\/media?parent=156584"}],"wp:term":[{"taxonomy":"category","embeddable":true,"href":"https:\/\/www.deberes.net\/tesis\/wp-json\/wp\/v2\/categories?post=156584"},{"taxonomy":"post_tag","embeddable":true,"href":"https:\/\/www.deberes.net\/tesis\/wp-json\/wp\/v2\/tags?post=156584"}],"curies":[{"name":"wp","href":"https:\/\/api.w.org\/{rel}","templated":true}]}}