{"id":156591,"date":"2026-01-12T17:30:56","date_gmt":"2026-01-12T17:30:56","guid":{"rendered":"https:\/\/www.deberes.net\/tesis\/sin-categoria\/contribucion-al-estudio-de-los-niveles-de-vitamina-b-12-y-acido-folico-en-los-ninos-tratados-de-forma-prolongada-con-anticonvulsivos\/"},"modified":"2026-01-12T17:30:56","modified_gmt":"2026-01-12T17:30:56","slug":"contribucion-al-estudio-de-los-niveles-de-vitamina-b-12-y-acido-folico-en-los-ninos-tratados-de-forma-prolongada-con-anticonvulsivos","status":"publish","type":"post","link":"https:\/\/www.deberes.net\/tesis\/ciencias-medicas\/contribucion-al-estudio-de-los-niveles-de-vitamina-b-12-y-acido-folico-en-los-ninos-tratados-de-forma-prolongada-con-anticonvulsivos\/","title":{"rendered":"Contribucion al estudio de los niveles de vitamina b-12 y acido folico en los ni\u00f1os tratados de forma prolongada con anticonvulsivos."},"content":{"rendered":"<h2>Tesis doctoral de <strong> Encarnacion Porras Tejero <\/strong><\/h2>\n<p>Trabajo de investigacion para la valoracion del metabolismo del acido folico y la viamina b-12 en los ni\u00f1os tratados de forma prolongada con anticonvulsivos.Se han estudiado dos series de ni\u00f1os, una de ellas se tomo como control y estaba constituida por ni\u00f1os en los que no existia ningun antecedente ni proceso patologico que interfiriese en el metabolismo de estas vitaminas y la otra por un grupo de ni\u00f1os que habia recibido durante un a\u00f1o o mas medicamentos anticonvulsivos solos o en asociacion.A los ni\u00f1os de ambos grupos se les valoro mediante clinica y examenes complementarios para determinar alteraciones en el nivel de acido folico y vitamina b-12.En ningun caso de ambas series hubo signos clinicos ni de laboratorio que evidenciaran anemia megaloblastica. En la serie de ni\u00f1os sanos se observo una correlacion positiva entre vcm y edad, y de signo contrario entre el acido folico y la edad, no hallandose esta correlacion en la serie de ni\u00f1os bajo tratamiento anticonvulsivo.  se observo una diferencia estadisticamente significativa de las cifras de acido folico serico y el vcm entre ambas series; siendo las cifras de acido folico serico menores y las de vcm mas elevadas en los ni\u00f1os que recibian tratamiento anticonvulsivo prolongado que en la serie de ni\u00f1os sanos.  no se observo diferencia estadisticamente significativa entre ambas series en las cifras de vitamina b-12 serica.  la difenilhidantoina fue el farmaco que se relaciono con las cifras mas bajas de acido folico serico, seguido de fenobarbital y carbamacepina.  no se pudo relacionar las cifras de acido folico ni de vitamina b-12 serica con otras variables como duracion del tratamiento, niveles plasmaticos ni dosis de medicacion.  en relacion al regimen de tratamiento no se encontraron diferencias significativas entre las cifras de acido folico y\/o vitamina b-12 entre los ni\u00f1os que tomaban un solo farmaco y los que estaban en regimen de politerapia.  se in<\/p>\n<p>&nbsp;<\/p>\n<h3>Datos acad\u00e9micos de la tesis doctoral \u00ab<strong>Contribucion al estudio de los niveles de vitamina b-12 y acido folico en los ni\u00f1os tratados de forma prolongada con anticonvulsivos.<\/strong>\u00ab<\/h3>\n<ul>\n<li><strong>T\u00edtulo de la tesis:<\/strong>\u00a0 Contribucion al estudio de los niveles de vitamina b-12 y acido folico en los ni\u00f1os tratados de forma prolongada con anticonvulsivos. <\/li>\n<li><strong>Autor:<\/strong>\u00a0 Encarnacion Porras Tejero <\/li>\n<li><strong>Universidad:<\/strong>\u00a0 Sevilla<\/li>\n<li><strong>Fecha de lectura de la tesis:<\/strong>\u00a0 01\/01\/1991<\/li>\n<\/ul>\n<p>&nbsp;<\/p>\n<h3>Direcci\u00f3n y tribunal<\/h3>\n<ul>\n<li><strong>Director de la tesis<\/strong>\n<ul>\n<li> Lluch Fernandez M. Dolores<\/li>\n<\/ul>\n<\/li>\n<li><strong>Tribunal<\/strong>\n<ul>\n<li>Presidente del tribunal: Manuel Casanova Bellido <\/li>\n<li> Rico De Cos Saturnino (vocal)<\/li>\n<li>Casto Estefania Gallardo (vocal)<\/li>\n<li> Castilla Garrido Jos\u00e9 M. (vocal)<\/li>\n<\/ul>\n<\/li>\n<\/ul>\n<p>&nbsp;<\/p>\n","protected":false},"excerpt":{"rendered":"<p>Tesis doctoral de Encarnacion Porras Tejero Trabajo de investigacion para la valoracion del metabolismo del acido folico y la viamina [&hellip;]<\/p>\n","protected":false},"author":1,"featured_media":0,"comment_status":"open","ping_status":"open","sticky":false,"template":"","format":"standard","meta":{"site-sidebar-layout":"default","site-content-layout":"","ast-site-content-layout":"","site-content-style":"default","site-sidebar-style":"default","ast-global-header-display":"","ast-banner-title-visibility":"","ast-main-header-display":"","ast-hfb-above-header-display":"","ast-hfb-below-header-display":"","ast-hfb-mobile-header-display":"","site-post-title":"","ast-breadcrumbs-content":"","ast-featured-img":"","footer-sml-layout":"","theme-transparent-header-meta":"","adv-header-id-meta":"","stick-header-meta":"","header-above-stick-meta":"","header-main-stick-meta":"","header-below-stick-meta":"","astra-migrate-meta-layouts":"default","ast-page-background-enabled":"default","ast-page-background-meta":{"desktop":{"background-color":"var(--ast-global-color-4)","background-image":"","background-repeat":"repeat","background-position":"center center","background-size":"auto","background-attachment":"scroll","background-type":"","background-media":"","overlay-type":"","overlay-color":"","overlay-gradient":""},"tablet":{"background-color":"","background-image":"","background-repeat":"repeat","background-position":"center center","background-size":"auto","background-attachment":"scroll","background-type":"","background-media":"","overlay-type":"","overlay-color":"","overlay-gradient":""},"mobile":{"background-color":"","background-image":"","background-repeat":"repeat","background-position":"center center","background-size":"auto","background-attachment":"scroll","background-type":"","background-media":"","overlay-type":"","overlay-color":"","overlay-gradient":""}},"ast-content-background-meta":{"desktop":{"background-color":"var(--ast-global-color-5)","background-image":"","background-repeat":"repeat","background-position":"center center","background-size":"auto","background-attachment":"scroll","background-type":"","background-media":"","overlay-type":"","overlay-color":"","overlay-gradient":""},"tablet":{"background-color":"var(--ast-global-color-5)","background-image":"","background-repeat":"repeat","background-position":"center center","background-size":"auto","background-attachment":"scroll","background-type":"","background-media":"","overlay-type":"","overlay-color":"","overlay-gradient":""},"mobile":{"background-color":"var(--ast-global-color-5)","background-image":"","background-repeat":"repeat","background-position":"center center","background-size":"auto","background-attachment":"scroll","background-type":"","background-media":"","overlay-type":"","overlay-color":"","overlay-gradient":""}},"footnotes":""},"categories":[155,9,161,10715],"tags":[270670,2401,270669,94718,1643,91680],"class_list":["post-156591","post","type-post","status-publish","format-standard","hentry","category-ciencias-clinicas","category-ciencias-medicas","category-pediatria","category-sevilla","tag-castilla-garrido-jose-m","tag-casto-estefania-gallardo","tag-encarnacion-porras-tejero","tag-lluch-fernandez-m-dolores","tag-manuel-casanova-bellido","tag-rico-de-cos-saturnino"],"_links":{"self":[{"href":"https:\/\/www.deberes.net\/tesis\/wp-json\/wp\/v2\/posts\/156591","targetHints":{"allow":["GET"]}}],"collection":[{"href":"https:\/\/www.deberes.net\/tesis\/wp-json\/wp\/v2\/posts"}],"about":[{"href":"https:\/\/www.deberes.net\/tesis\/wp-json\/wp\/v2\/types\/post"}],"author":[{"embeddable":true,"href":"https:\/\/www.deberes.net\/tesis\/wp-json\/wp\/v2\/users\/1"}],"replies":[{"embeddable":true,"href":"https:\/\/www.deberes.net\/tesis\/wp-json\/wp\/v2\/comments?post=156591"}],"version-history":[{"count":0,"href":"https:\/\/www.deberes.net\/tesis\/wp-json\/wp\/v2\/posts\/156591\/revisions"}],"wp:attachment":[{"href":"https:\/\/www.deberes.net\/tesis\/wp-json\/wp\/v2\/media?parent=156591"}],"wp:term":[{"taxonomy":"category","embeddable":true,"href":"https:\/\/www.deberes.net\/tesis\/wp-json\/wp\/v2\/categories?post=156591"},{"taxonomy":"post_tag","embeddable":true,"href":"https:\/\/www.deberes.net\/tesis\/wp-json\/wp\/v2\/tags?post=156591"}],"curies":[{"name":"wp","href":"https:\/\/api.w.org\/{rel}","templated":true}]}}