{"id":156675,"date":"2026-01-12T17:31:38","date_gmt":"2026-01-12T17:31:38","guid":{"rendered":"https:\/\/www.deberes.net\/tesis\/sin-categoria\/simetria-y-cuantizacion-dinamicas-relativistas-y-anomalias\/"},"modified":"2026-01-12T17:31:38","modified_gmt":"2026-01-12T17:31:38","slug":"simetria-y-cuantizacion-dinamicas-relativistas-y-anomalias","status":"publish","type":"post","link":"https:\/\/www.deberes.net\/tesis\/fisica\/simetria-y-cuantizacion-dinamicas-relativistas-y-anomalias\/","title":{"rendered":"Simetria y cuantizacion: dinamicas relativistas y anomalias."},"content":{"rendered":"<h2>Tesis doctoral de <strong> Juan Bisquert Mascarell <\/strong><\/h2>\n<p>Se discute un formalismo de cuantizacion que genera las representaciones irreducibles y unitarias que describen los sistemas cuanticos a partir unicamente de la ley de grupo asociada a cada sistema particular. Este formalismo se emplea para resolver la dinamica cuantica de numerosos sistemas concretos, en orden de dimensionalidad creciente.  en 1 1 dimensiones se estudia un problema de cuantizacion en presencia de gravedad (grupos de sitter), que introduce el estudio del grupo sl(2,r) y del oscilador relativista cuantico. Se discuten tambien diferentes dinamicas relativistas con aceleracion constante. En 3 1 dimensiones se clasifican (partiendo del algebra conforme so(4,2)) las algebras de los grupos cinematicos de 10 y 15 parametros, y se resuelven las dinamicas libres relativista y no relativista de la particula con spin, asi como una dinamica libre relativista generalizada asociada a una contraccion del grupo conforme. Por ultimo, se discute la caracterizacion general y cuantizacion de sistemas anomalos, con ejemplos en dimension infinita (anomalia de virasoro, campo cuantico en espacio de antidesitter) y se da el primer ejemplo conocido de anomalia en dimension finita (grupo de schrodinger).<\/p>\n<p>&nbsp;<\/p>\n<h3>Datos acad\u00e9micos de la tesis doctoral \u00ab<strong>Simetria y cuantizacion: dinamicas relativistas y anomalias.<\/strong>\u00ab<\/h3>\n<ul>\n<li><strong>T\u00edtulo de la tesis:<\/strong>\u00a0 Simetria y cuantizacion: dinamicas relativistas y anomalias. <\/li>\n<li><strong>Autor:<\/strong>\u00a0 Juan Bisquert Mascarell <\/li>\n<li><strong>Universidad:<\/strong>\u00a0 Universitat de val\u00e9ncia (estudi general)<\/li>\n<li><strong>Fecha de lectura de la tesis:<\/strong>\u00a0 01\/01\/1991<\/li>\n<\/ul>\n<p>&nbsp;<\/p>\n<h3>Direcci\u00f3n y tribunal<\/h3>\n<ul>\n<li><strong>Director de la tesis<\/strong>\n<ul>\n<li>Victor Aldaya Valverde<\/li>\n<\/ul>\n<\/li>\n<li><strong>Tribunal<\/strong>\n<ul>\n<li>Presidente del tribunal: Alberto Galindo Texaire <\/li>\n<li>Jos\u00e9 Mar\u00eda Cerver\u00f3 Santiago (vocal)<\/li>\n<li>Jos\u00e9 Ros Pallares (vocal)<\/li>\n<li>Mar\u00eda no Santander Navarro (vocal)<\/li>\n<\/ul>\n<\/li>\n<\/ul>\n<p>&nbsp;<\/p>\n","protected":false},"excerpt":{"rendered":"<p>Tesis doctoral de Juan Bisquert Mascarell Se discute un formalismo de cuantizacion que genera las representaciones irreducibles y unitarias que [&hellip;]<\/p>\n","protected":false},"author":1,"featured_media":0,"comment_status":"open","ping_status":"open","sticky":false,"template":"","format":"standard","meta":{"site-sidebar-layout":"default","site-content-layout":"","ast-site-content-layout":"","site-content-style":"default","site-sidebar-style":"default","ast-global-header-display":"","ast-banner-title-visibility":"","ast-main-header-display":"","ast-hfb-above-header-display":"","ast-hfb-below-header-display":"","ast-hfb-mobile-header-display":"","site-post-title":"","ast-breadcrumbs-content":"","ast-featured-img":"","footer-sml-layout":"","theme-transparent-header-meta":"","adv-header-id-meta":"","stick-header-meta":"","header-above-stick-meta":"","header-main-stick-meta":"","header-below-stick-meta":"","astra-migrate-meta-layouts":"default","ast-page-background-enabled":"default","ast-page-background-meta":{"desktop":{"background-color":"var(--ast-global-color-4)","background-image":"","background-repeat":"repeat","background-position":"center center","background-size":"auto","background-attachment":"scroll","background-type":"","background-media":"","overlay-type":"","overlay-color":"","overlay-gradient":""},"tablet":{"background-color":"","background-image":"","background-repeat":"repeat","background-position":"center center","background-size":"auto","background-attachment":"scroll","background-type":"","background-media":"","overlay-type":"","overlay-color":"","overlay-gradient":""},"mobile":{"background-color":"","background-image":"","background-repeat":"repeat","background-position":"center center","background-size":"auto","background-attachment":"scroll","background-type":"","background-media":"","overlay-type":"","overlay-color":"","overlay-gradient":""}},"ast-content-background-meta":{"desktop":{"background-color":"var(--ast-global-color-5)","background-image":"","background-repeat":"repeat","background-position":"center center","background-size":"auto","background-attachment":"scroll","background-type":"","background-media":"","overlay-type":"","overlay-color":"","overlay-gradient":""},"tablet":{"background-color":"var(--ast-global-color-5)","background-image":"","background-repeat":"repeat","background-position":"center center","background-size":"auto","background-attachment":"scroll","background-type":"","background-media":"","overlay-type":"","overlay-color":"","overlay-gradient":""},"mobile":{"background-color":"var(--ast-global-color-5)","background-image":"","background-repeat":"repeat","background-position":"center center","background-size":"auto","background-attachment":"scroll","background-type":"","background-media":"","overlay-type":"","overlay-color":"","overlay-gradient":""}},"footnotes":""},"categories":[199,1432,5766],"tags":[108472,35600,11739,41614,28980,4082],"class_list":["post-156675","post","type-post","status-publish","format-standard","hentry","category-fisica","category-fisica-teorica","category-teoria-de-la-relatividad","tag-alberto-galindo-texaire","tag-jose-maria-cervero-santiago","tag-jose-ros-pallares","tag-juan-bisquert-mascarell","tag-maria-no-santander-navarro","tag-victor-aldaya-valverde"],"_links":{"self":[{"href":"https:\/\/www.deberes.net\/tesis\/wp-json\/wp\/v2\/posts\/156675","targetHints":{"allow":["GET"]}}],"collection":[{"href":"https:\/\/www.deberes.net\/tesis\/wp-json\/wp\/v2\/posts"}],"about":[{"href":"https:\/\/www.deberes.net\/tesis\/wp-json\/wp\/v2\/types\/post"}],"author":[{"embeddable":true,"href":"https:\/\/www.deberes.net\/tesis\/wp-json\/wp\/v2\/users\/1"}],"replies":[{"embeddable":true,"href":"https:\/\/www.deberes.net\/tesis\/wp-json\/wp\/v2\/comments?post=156675"}],"version-history":[{"count":0,"href":"https:\/\/www.deberes.net\/tesis\/wp-json\/wp\/v2\/posts\/156675\/revisions"}],"wp:attachment":[{"href":"https:\/\/www.deberes.net\/tesis\/wp-json\/wp\/v2\/media?parent=156675"}],"wp:term":[{"taxonomy":"category","embeddable":true,"href":"https:\/\/www.deberes.net\/tesis\/wp-json\/wp\/v2\/categories?post=156675"},{"taxonomy":"post_tag","embeddable":true,"href":"https:\/\/www.deberes.net\/tesis\/wp-json\/wp\/v2\/tags?post=156675"}],"curies":[{"name":"wp","href":"https:\/\/api.w.org\/{rel}","templated":true}]}}