{"id":15671,"date":"2018-03-09T09:02:56","date_gmt":"2018-03-09T09:02:56","guid":{"rendered":"https:\/\/www.deberes.net\/tesis\/sin-categoria\/el-ids-un-nuevo-sistema-integrado-de-toma-de-de-decisiones-para-la-gestion-de-proyectos-constructivos\/"},"modified":"2018-03-09T09:02:56","modified_gmt":"2018-03-09T09:02:56","slug":"el-ids-un-nuevo-sistema-integrado-de-toma-de-de-decisiones-para-la-gestion-de-proyectos-constructivos","status":"publish","type":"post","link":"https:\/\/www.deberes.net\/tesis\/ciencias-tecnologicas\/el-ids-un-nuevo-sistema-integrado-de-toma-de-de-decisiones-para-la-gestion-de-proyectos-constructivos\/","title":{"rendered":"El ids: un nuevo sistema integrado de toma de de decisiones para la gestion de proyectos constructivos"},"content":{"rendered":"<h2>Tesis doctoral de <strong> Gaizka Ormaz\u00e1bal S\u00e1nchez <\/strong><\/h2>\n<p>La evoluci\u00f3n del mercado y por ende de la demanda del sector de la construcci\u00f3n hace que hoy en dia sea cada vez m\u00e1s necesario el desarrollo de un plano transversal de estudio que integre las diversas vertientes del proyecto en vistas a buscar una mayor competitividad. La nueva clave del \u00e9xito no ser\u00e1 ya tan solo la alta productividad, sino la gesti\u00f3n orientada a los requerimeintos de cada cliente y la capacidad de adaptarse a un demanda y un entorno en cambio continuo y rapido. Dicho plano transversal est\u00e1 constituido por los aspectos de gestion del proyecto, en los que adquiere una singular importancia el problema de la toma de decisi\u00f3n, que constituye el objeto de esta tesis.  a ra\u00edz de la revisi\u00f3n del desarrollo de dicho problema en el \u00e1mbito de la econom\u00eda y la gesti\u00f3n empresarial se identifican dos paradigmas en su enfoque. El primer corresponde a una perspectiva positivista del problema, que hace hincapie en los aspectos cuantificables y objetivizables. Posteriormente, con base de los criticismos generados en torno a este primer enfoque surgi\u00f3 una visi\u00f3n posmoderna del mismo, basada en un enfoque social que desconfia de la racionalidad y articula su propuesta en el consenso entre las partes.  en este contexto, la propuesta de esta tesis se fundamenta en lo que aqu\u00ed se ha denominado \u00abparadigma integrador\u00bb, el cual parte del reconocimiento de las aportaciones de los dos enfoques anteriores siendo consciente a la vez de sus limitaciones. Por ello, aboga por una adopci\u00f3n ad hoc de los enfoques y herramientas asociadas a ambas perspectivas, seg\u00fan las caracteristicas especificas del problema, abriendo las puertas a una posible combinacion de ambas.  desde esta perspectiva integradora, en lo relativo a la vertiente metodologica se propone un instrumento de toma de decisiones al que se denomina ids (integrated decision system) y que se articula en torno a dos conceptos que constituyen los ejes principales de la propuest<\/p>\n<p>&nbsp;<\/p>\n<h3>Datos acad\u00e9micos de la tesis doctoral \u00ab<strong>El ids: un nuevo sistema integrado de toma de de decisiones para la gestion de proyectos constructivos<\/strong>\u00ab<\/h3>\n<ul>\n<li><strong>T\u00edtulo de la tesis:<\/strong>\u00a0 El ids: un nuevo sistema integrado de toma de de decisiones para la gestion de proyectos constructivos <\/li>\n<li><strong>Autor:<\/strong>\u00a0 Gaizka Ormaz\u00e1bal S\u00e1nchez <\/li>\n<li><strong>Universidad:<\/strong>\u00a0 Polit\u00e9cnica de catalunya<\/li>\n<li><strong>Fecha de lectura de la tesis:<\/strong>\u00a0 20\/02\/2002<\/li>\n<\/ul>\n<p>&nbsp;<\/p>\n<h3>Direcci\u00f3n y tribunal<\/h3>\n<ul>\n<li><strong>Director de la tesis<\/strong>\n<ul>\n<li>Antonio Aguado De Cea<\/li>\n<\/ul>\n<\/li>\n<li><strong>Tribunal<\/strong>\n<ul>\n<li>Presidente del tribunal: francesc Sol\u00e9 parellada <\/li>\n<li>Miguel angel Serna oliveira (vocal)<\/li>\n<li>nuria Agell jan\u00e9 (vocal)<\/li>\n<li>Luis Agull\u00f3 fit\u00e9 (vocal)<\/li>\n<\/ul>\n<\/li>\n<\/ul>\n<p>&nbsp;<\/p>\n","protected":false},"excerpt":{"rendered":"<p>Tesis doctoral de Gaizka Ormaz\u00e1bal S\u00e1nchez La evoluci\u00f3n del mercado y por ende de la demanda del sector de la [&hellip;]<\/p>\n","protected":false},"author":1,"featured_media":0,"comment_status":"open","ping_status":"open","sticky":false,"template":"","format":"standard","meta":{"site-sidebar-layout":"default","site-content-layout":"","ast-site-content-layout":"","site-content-style":"default","site-sidebar-style":"default","ast-global-header-display":"","ast-banner-title-visibility":"","ast-main-header-display":"","ast-hfb-above-header-display":"","ast-hfb-below-header-display":"","ast-hfb-mobile-header-display":"","site-post-title":"","ast-breadcrumbs-content":"","ast-featured-img":"","footer-sml-layout":"","theme-transparent-header-meta":"","adv-header-id-meta":"","stick-header-meta":"","header-above-stick-meta":"","header-main-stick-meta":"","header-below-stick-meta":"","astra-migrate-meta-layouts":"default","ast-page-background-enabled":"default","ast-page-background-meta":{"desktop":{"background-color":"var(--ast-global-color-4)","background-image":"","background-repeat":"repeat","background-position":"center center","background-size":"auto","background-attachment":"scroll","background-type":"","background-media":"","overlay-type":"","overlay-color":"","overlay-gradient":""},"tablet":{"background-color":"","background-image":"","background-repeat":"repeat","background-position":"center center","background-size":"auto","background-attachment":"scroll","background-type":"","background-media":"","overlay-type":"","overlay-color":"","overlay-gradient":""},"mobile":{"background-color":"","background-image":"","background-repeat":"repeat","background-position":"center center","background-size":"auto","background-attachment":"scroll","background-type":"","background-media":"","overlay-type":"","overlay-color":"","overlay-gradient":""}},"ast-content-background-meta":{"desktop":{"background-color":"var(--ast-global-color-5)","background-image":"","background-repeat":"repeat","background-position":"center center","background-size":"auto","background-attachment":"scroll","background-type":"","background-media":"","overlay-type":"","overlay-color":"","overlay-gradient":""},"tablet":{"background-color":"var(--ast-global-color-5)","background-image":"","background-repeat":"repeat","background-position":"center center","background-size":"auto","background-attachment":"scroll","background-type":"","background-media":"","overlay-type":"","overlay-color":"","overlay-gradient":""},"mobile":{"background-color":"var(--ast-global-color-5)","background-image":"","background-repeat":"repeat","background-position":"center center","background-size":"auto","background-attachment":"scroll","background-type":"","background-media":"","overlay-type":"","overlay-color":"","overlay-gradient":""}},"footnotes":""},"categories":[332,15693,15596,4306,10558],"tags":[15651,1307,49873,40521,17883,49874],"class_list":["post-15671","post","type-post","status-publish","format-standard","hentry","category-ciencias-tecnologicas","category-ingenieria-estructural","category-politecnica-de-catalunya","category-tecnologia-de-la-construccion","category-tecnologia-del-hormigon","tag-antonio-aguado-de-cea","tag-francesc-sole-parellada","tag-gaizka-ormazabal-sanchez","tag-luis-agullo-fite","tag-miguel-angel-serna-oliveira","tag-nuria-agell-jane"],"_links":{"self":[{"href":"https:\/\/www.deberes.net\/tesis\/wp-json\/wp\/v2\/posts\/15671","targetHints":{"allow":["GET"]}}],"collection":[{"href":"https:\/\/www.deberes.net\/tesis\/wp-json\/wp\/v2\/posts"}],"about":[{"href":"https:\/\/www.deberes.net\/tesis\/wp-json\/wp\/v2\/types\/post"}],"author":[{"embeddable":true,"href":"https:\/\/www.deberes.net\/tesis\/wp-json\/wp\/v2\/users\/1"}],"replies":[{"embeddable":true,"href":"https:\/\/www.deberes.net\/tesis\/wp-json\/wp\/v2\/comments?post=15671"}],"version-history":[{"count":0,"href":"https:\/\/www.deberes.net\/tesis\/wp-json\/wp\/v2\/posts\/15671\/revisions"}],"wp:attachment":[{"href":"https:\/\/www.deberes.net\/tesis\/wp-json\/wp\/v2\/media?parent=15671"}],"wp:term":[{"taxonomy":"category","embeddable":true,"href":"https:\/\/www.deberes.net\/tesis\/wp-json\/wp\/v2\/categories?post=15671"},{"taxonomy":"post_tag","embeddable":true,"href":"https:\/\/www.deberes.net\/tesis\/wp-json\/wp\/v2\/tags?post=15671"}],"curies":[{"name":"wp","href":"https:\/\/api.w.org\/{rel}","templated":true}]}}