{"id":15678,"date":"2018-03-09T09:02:56","date_gmt":"2018-03-09T09:02:56","guid":{"rendered":"https:\/\/www.deberes.net\/tesis\/sin-categoria\/el-trabajo-de-los-intermediarios-mercantiles-en-la-espana-medieval\/"},"modified":"2018-03-09T09:02:56","modified_gmt":"2018-03-09T09:02:56","slug":"el-trabajo-de-los-intermediarios-mercantiles-en-la-espana-medieval","status":"publish","type":"post","link":"https:\/\/www.deberes.net\/tesis\/historia\/el-trabajo-de-los-intermediarios-mercantiles-en-la-espana-medieval\/","title":{"rendered":"El trabajo de los intermediarios mercantiles en la espa\u00f1a medieval"},"content":{"rendered":"<h2>Tesis doctoral de <strong> Jose Garrido Arredondo <\/strong><\/h2>\n<p>Analiza la figura de los intermediarios de las actividades comerciales, fij\u00e1ndose en como van adquiriendo unos perfiles jur\u00eddicos que le confieren unos rasgos \u00fanicos.  pasa revista a la situaci\u00f3n que presentan tales intermediarios en la legislaci\u00f3n bajo imperial romana. Analiza el renacimiento de la vida urbana en occidente durante la edad media, el despegue econ\u00f3mico y el auge de las actividades mercantiles. Traza la problem\u00e1tica que, desde el plano \u00e9tico-religioso y jur\u00eddico, plantea esta serie de actividades, para pasar a centrarse en los profesionales protagonistas de tales eventos, reduciendo su an\u00e1lisis m\u00e1s pormemorizado a los corredores, protagonistas principales de la intermediaci\u00f3n  analiza la figura de estos \u00faltimos dentro de la pr\u00e1ctica de su actividad y la regulaci\u00f3n jur\u00eddica que provocan, como se plantean y evolucionan.  finalmente, pasa revista a los cambios introducidos a este respecto en el per\u00edodo de tr\u00e1nsito a la edad moderna, cuando el panorama de las actividades mercantiles experimenta profundas transformaciones.  el cap\u00edtulo de conclusiones queda complementado por un ap\u00e9ndice documental y un amplio listado de fuentes y bibliograf\u00eda consultada o referentes al tema objeto de estudio.<\/p>\n<p>&nbsp;<\/p>\n<h3>Datos acad\u00e9micos de la tesis doctoral \u00ab<strong>El trabajo de los intermediarios mercantiles en la espa\u00f1a medieval<\/strong>\u00ab<\/h3>\n<ul>\n<li><strong>T\u00edtulo de la tesis:<\/strong>\u00a0 El trabajo de los intermediarios mercantiles en la espa\u00f1a medieval <\/li>\n<li><strong>Autor:<\/strong>\u00a0 Jose Garrido Arredondo <\/li>\n<li><strong>Universidad:<\/strong>\u00a0 Granada<\/li>\n<li><strong>Fecha de lectura de la tesis:<\/strong>\u00a0 21\/02\/2002<\/li>\n<\/ul>\n<p>&nbsp;<\/p>\n<h3>Direcci\u00f3n y tribunal<\/h3>\n<ul>\n<li><strong>Director de la tesis<\/strong>\n<ul>\n<li>Rafael Peinado Santaella<\/li>\n<\/ul>\n<\/li>\n<li><strong>Tribunal<\/strong>\n<ul>\n<li>Presidente del tribunal: ram\u00f3n Fern\u00e1ndez espinar <\/li>\n<li> L\u00f3pez beltr\u00e1n M\u00aa teresa (vocal)<\/li>\n<li>pedro Resina sola (vocal)<\/li>\n<li>angel Galan s\u00e1nchez (vocal)<\/li>\n<\/ul>\n<\/li>\n<\/ul>\n<p>&nbsp;<\/p>\n","protected":false},"excerpt":{"rendered":"<p>Tesis doctoral de Jose Garrido Arredondo Analiza la figura de los intermediarios de las actividades comerciales, fij\u00e1ndose en como van [&hellip;]<\/p>\n","protected":false},"author":1,"featured_media":0,"comment_status":"open","ping_status":"open","sticky":false,"template":"","format":"standard","meta":{"site-sidebar-layout":"default","site-content-layout":"","ast-site-content-layout":"","site-content-style":"default","site-sidebar-style":"default","ast-global-header-display":"","ast-banner-title-visibility":"","ast-main-header-display":"","ast-hfb-above-header-display":"","ast-hfb-below-header-display":"","ast-hfb-mobile-header-display":"","site-post-title":"","ast-breadcrumbs-content":"","ast-featured-img":"","footer-sml-layout":"","theme-transparent-header-meta":"","adv-header-id-meta":"","stick-header-meta":"","header-above-stick-meta":"","header-main-stick-meta":"","header-below-stick-meta":"","astra-migrate-meta-layouts":"default","ast-page-background-enabled":"default","ast-page-background-meta":{"desktop":{"background-color":"var(--ast-global-color-4)","background-image":"","background-repeat":"repeat","background-position":"center center","background-size":"auto","background-attachment":"scroll","background-type":"","background-media":"","overlay-type":"","overlay-color":"","overlay-gradient":""},"tablet":{"background-color":"","background-image":"","background-repeat":"repeat","background-position":"center center","background-size":"auto","background-attachment":"scroll","background-type":"","background-media":"","overlay-type":"","overlay-color":"","overlay-gradient":""},"mobile":{"background-color":"","background-image":"","background-repeat":"repeat","background-position":"center center","background-size":"auto","background-attachment":"scroll","background-type":"","background-media":"","overlay-type":"","overlay-color":"","overlay-gradient":""}},"ast-content-background-meta":{"desktop":{"background-color":"var(--ast-global-color-5)","background-image":"","background-repeat":"repeat","background-position":"center center","background-size":"auto","background-attachment":"scroll","background-type":"","background-media":"","overlay-type":"","overlay-color":"","overlay-gradient":""},"tablet":{"background-color":"var(--ast-global-color-5)","background-image":"","background-repeat":"repeat","background-position":"center center","background-size":"auto","background-attachment":"scroll","background-type":"","background-media":"","overlay-type":"","overlay-color":"","overlay-gradient":""},"mobile":{"background-color":"var(--ast-global-color-5)","background-image":"","background-repeat":"repeat","background-position":"center center","background-size":"auto","background-attachment":"scroll","background-type":"","background-media":"","overlay-type":"","overlay-color":"","overlay-gradient":""}},"footnotes":""},"categories":[104,438,639,119,220,981,222],"tags":[49892,49889,49891,18922,49890,35415],"class_list":["post-15678","post","type-post","status-publish","format-standard","hentry","category-historia","category-historia-de-la-economia","category-historia-de-paises","category-historia-medieval","category-historia-por-epocas","category-historia-regional","category-historias-especializadas","tag-angel-galan-sanchez","tag-jose-garrido-arredondo","tag-lopez-beltran-ma-teresa","tag-pedro-resina-sola","tag-rafael-peinado-santaella","tag-ramon-fernandez-espinar"],"_links":{"self":[{"href":"https:\/\/www.deberes.net\/tesis\/wp-json\/wp\/v2\/posts\/15678","targetHints":{"allow":["GET"]}}],"collection":[{"href":"https:\/\/www.deberes.net\/tesis\/wp-json\/wp\/v2\/posts"}],"about":[{"href":"https:\/\/www.deberes.net\/tesis\/wp-json\/wp\/v2\/types\/post"}],"author":[{"embeddable":true,"href":"https:\/\/www.deberes.net\/tesis\/wp-json\/wp\/v2\/users\/1"}],"replies":[{"embeddable":true,"href":"https:\/\/www.deberes.net\/tesis\/wp-json\/wp\/v2\/comments?post=15678"}],"version-history":[{"count":0,"href":"https:\/\/www.deberes.net\/tesis\/wp-json\/wp\/v2\/posts\/15678\/revisions"}],"wp:attachment":[{"href":"https:\/\/www.deberes.net\/tesis\/wp-json\/wp\/v2\/media?parent=15678"}],"wp:term":[{"taxonomy":"category","embeddable":true,"href":"https:\/\/www.deberes.net\/tesis\/wp-json\/wp\/v2\/categories?post=15678"},{"taxonomy":"post_tag","embeddable":true,"href":"https:\/\/www.deberes.net\/tesis\/wp-json\/wp\/v2\/tags?post=15678"}],"curies":[{"name":"wp","href":"https:\/\/api.w.org\/{rel}","templated":true}]}}