{"id":15688,"date":"2018-03-09T09:02:57","date_gmt":"2018-03-09T09:02:57","guid":{"rendered":"https:\/\/www.deberes.net\/tesis\/sin-categoria\/aplicacion-de-las-tecnicas-fototermicas-al-control-no-destructivo-en-materiales-inhomogeneos\/"},"modified":"2018-03-09T09:02:57","modified_gmt":"2018-03-09T09:02:57","slug":"aplicacion-de-las-tecnicas-fototermicas-al-control-no-destructivo-en-materiales-inhomogeneos","status":"publish","type":"post","link":"https:\/\/www.deberes.net\/tesis\/fisica\/aplicacion-de-las-tecnicas-fototermicas-al-control-no-destructivo-en-materiales-inhomogeneos\/","title":{"rendered":"Aplicaci\u00f3n de las t\u00e9cnicas fotot\u00e9rmicas al control no destructivo en materiales inhomog\u00e9neos"},"content":{"rendered":"<h2>Tesis doctoral de <strong>  Terr\u00f3n Robles Jos\u00e9 Manuel <\/strong><\/h2>\n<p>Se aborda el problema de la difusi\u00f3n de las ondas t\u00e9rmicas en materiales inhomog\u00e9neos desde la perspectivas te\u00f3rica y experimental. Se desarrollan modelos de \u00abscattering m\u00faltiple\u00bb de las ondas t\u00e9rmicas por series de cilindros conductores y asilantes incrustados en diferentes tipos de matrices. Se presentan tambi\u00e9n modelos para el caso de cilindros recubiertos por una capa conductora o asilante. Esta configuraci\u00f3n simula la estructura de materiales compuestos reforzados mediante fibras (homog\u00e9neas o con n\u00facleo) y situaciones de falta de adherencia a la matriz. Mediante medidas fotot\u00e9rmicas sobre muestras patr\u00f3n, se validan los modelos anteriores y se discute su aplicaci\u00f3n a los ensayos no destructivos en materiales.<\/p>\n<p>&nbsp;<\/p>\n<h3>Datos acad\u00e9micos de la tesis doctoral \u00ab<strong>Aplicaci\u00f3n de las t\u00e9cnicas fotot\u00e9rmicas al control no destructivo en materiales inhomog\u00e9neos<\/strong>\u00ab<\/h3>\n<ul>\n<li><strong>T\u00edtulo de la tesis:<\/strong>\u00a0 Aplicaci\u00f3n de las t\u00e9cnicas fotot\u00e9rmicas al control no destructivo en materiales inhomog\u00e9neos <\/li>\n<li><strong>Autor:<\/strong>\u00a0  Terr\u00f3n Robles Jos\u00e9 Manuel <\/li>\n<li><strong>Universidad:<\/strong>\u00a0 Pa\u00eds vasco\/euskal herriko unibertsitatea<\/li>\n<li><strong>Fecha de lectura de la tesis:<\/strong>\u00a0 21\/02\/2002<\/li>\n<\/ul>\n<p>&nbsp;<\/p>\n<h3>Direcci\u00f3n y tribunal<\/h3>\n<ul>\n<li><strong>Director de la tesis<\/strong>\n<ul>\n<li>Agust\u00edn S\u00e1nchez Lavega<\/li>\n<\/ul>\n<\/li>\n<li><strong>Tribunal<\/strong>\n<ul>\n<li>Presidente del tribunal: joaquin m. Fernandez rodriguez <\/li>\n<li>Fernando Cuss\u00f3 perez (vocal)<\/li>\n<li>Jes\u00fas Etxebarria ecenarro (vocal)<\/li>\n<li> Alvarado gil Juan  Jos\u00e9 (vocal)<\/li>\n<\/ul>\n<\/li>\n<\/ul>\n<p>&nbsp;<\/p>\n","protected":false},"excerpt":{"rendered":"<p>Tesis doctoral de Terr\u00f3n Robles Jos\u00e9 Manuel Se aborda el problema de la difusi\u00f3n de las ondas t\u00e9rmicas en materiales [&hellip;]<\/p>\n","protected":false},"author":1,"featured_media":0,"comment_status":"open","ping_status":"open","sticky":false,"template":"","format":"standard","meta":{"site-sidebar-layout":"default","site-content-layout":"","ast-site-content-layout":"","site-content-style":"default","site-sidebar-style":"default","ast-global-header-display":"","ast-banner-title-visibility":"","ast-main-header-display":"","ast-hfb-above-header-display":"","ast-hfb-below-header-display":"","ast-hfb-mobile-header-display":"","site-post-title":"","ast-breadcrumbs-content":"","ast-featured-img":"","footer-sml-layout":"","theme-transparent-header-meta":"","adv-header-id-meta":"","stick-header-meta":"","header-above-stick-meta":"","header-main-stick-meta":"","header-below-stick-meta":"","astra-migrate-meta-layouts":"default","ast-page-background-enabled":"default","ast-page-background-meta":{"desktop":{"background-color":"var(--ast-global-color-4)","background-image":"","background-repeat":"repeat","background-position":"center center","background-size":"auto","background-attachment":"scroll","background-type":"","background-media":"","overlay-type":"","overlay-color":"","overlay-gradient":""},"tablet":{"background-color":"","background-image":"","background-repeat":"repeat","background-position":"center center","background-size":"auto","background-attachment":"scroll","background-type":"","background-media":"","overlay-type":"","overlay-color":"","overlay-gradient":""},"mobile":{"background-color":"","background-image":"","background-repeat":"repeat","background-position":"center center","background-size":"auto","background-attachment":"scroll","background-type":"","background-media":"","overlay-type":"","overlay-color":"","overlay-gradient":""}},"ast-content-background-meta":{"desktop":{"background-color":"var(--ast-global-color-5)","background-image":"","background-repeat":"repeat","background-position":"center center","background-size":"auto","background-attachment":"scroll","background-type":"","background-media":"","overlay-type":"","overlay-color":"","overlay-gradient":""},"tablet":{"background-color":"var(--ast-global-color-5)","background-image":"","background-repeat":"repeat","background-position":"center center","background-size":"auto","background-attachment":"scroll","background-type":"","background-media":"","overlay-type":"","overlay-color":"","overlay-gradient":""},"mobile":{"background-color":"var(--ast-global-color-5)","background-image":"","background-repeat":"repeat","background-position":"center center","background-size":"auto","background-attachment":"scroll","background-type":"","background-media":"","overlay-type":"","overlay-color":"","overlay-gradient":""}},"footnotes":""},"categories":[199,1008,7179,1525,12909,1790,28695,2793],"tags":[44855,49916,15159,13442,28193,49915],"class_list":["post-15688","post","type-post","status-publish","format-standard","hentry","category-fisica","category-fisica-del-estado-solido","category-laseres","category-optica","category-pais-vasco-euskal-herriko-unibertsitatea","category-propiedades-termicas-de-los-solidos","category-tecnicas-de-medidas-termicas","category-termodinamica","tag-agustin-sanchez-lavega","tag-alvarado-gil-juan-jose","tag-fernando-cusso-perez","tag-jesus-etxebarria-ecenarro","tag-joaquin-m-fernandez-rodriguez","tag-terron-robles-jose-manuel"],"_links":{"self":[{"href":"https:\/\/www.deberes.net\/tesis\/wp-json\/wp\/v2\/posts\/15688","targetHints":{"allow":["GET"]}}],"collection":[{"href":"https:\/\/www.deberes.net\/tesis\/wp-json\/wp\/v2\/posts"}],"about":[{"href":"https:\/\/www.deberes.net\/tesis\/wp-json\/wp\/v2\/types\/post"}],"author":[{"embeddable":true,"href":"https:\/\/www.deberes.net\/tesis\/wp-json\/wp\/v2\/users\/1"}],"replies":[{"embeddable":true,"href":"https:\/\/www.deberes.net\/tesis\/wp-json\/wp\/v2\/comments?post=15688"}],"version-history":[{"count":0,"href":"https:\/\/www.deberes.net\/tesis\/wp-json\/wp\/v2\/posts\/15688\/revisions"}],"wp:attachment":[{"href":"https:\/\/www.deberes.net\/tesis\/wp-json\/wp\/v2\/media?parent=15688"}],"wp:term":[{"taxonomy":"category","embeddable":true,"href":"https:\/\/www.deberes.net\/tesis\/wp-json\/wp\/v2\/categories?post=15688"},{"taxonomy":"post_tag","embeddable":true,"href":"https:\/\/www.deberes.net\/tesis\/wp-json\/wp\/v2\/tags?post=15688"}],"curies":[{"name":"wp","href":"https:\/\/api.w.org\/{rel}","templated":true}]}}