{"id":15704,"date":"2018-03-09T09:02:59","date_gmt":"2018-03-09T09:02:59","guid":{"rendered":"https:\/\/www.deberes.net\/tesis\/sin-categoria\/la-fonetica-dels-parlars-balearics-segons-les-notes-de-manuel-mila-i-fontanals-interpretacio-i-estudi-linga%c2%bcistic\/"},"modified":"2018-03-09T09:02:59","modified_gmt":"2018-03-09T09:02:59","slug":"la-fonetica-dels-parlars-balearics-segons-les-notes-de-manuel-mila-i-fontanals-interpretacio-i-estudi-linga%c2%bcistic","status":"publish","type":"post","link":"https:\/\/www.deberes.net\/tesis\/linguistica\/la-fonetica-dels-parlars-balearics-segons-les-notes-de-manuel-mila-i-fontanals-interpretacio-i-estudi-linga%c2%bcistic\/","title":{"rendered":"La fon\u00e9tica dels parlars bale\u00e1rics segons les notes de manuel mil\u00e1 i fontanals. interpretaci\u00f3 i estudi linguistic."},"content":{"rendered":"<h2>Tesis doctoral de <strong> Francesc Bernat Baltrons <\/strong><\/h2>\n<p>Esta tesis se basa en el estudio de unos apuntes in\u00e9ditos sobre los dialectos catalanas en el siglo xix realizados por manuel mil\u00e1 i fontanals, que se conservan actualmente en la biblioteca men\u00e9ndez y pelayo de santander. del conjunto citado, se han seleccionado las notas referentes al catal\u00e1n hablado en las islas baleares.  en una primera fase,se ha transcrito, interpretado y ordenado las notas referente a la fon\u00e9tica del bale\u00e1rico, ya que constituye la informaci\u00f3n m\u00e1s sistematizada, original y novedosa de los apuntes citados. En una segunda fase, despu\u00e9s de haber hecho una introducci\u00f3n general a los estudios dialectales publicados de mil\u00e1 y a las fuentes utilizadas por este autor en la confecci\u00f3n de las notas, se  ha procedido al estudio ling\u00ed\u00bcistico de la informaci\u00f3n sobre la fon\u00e9tica del bal\u00e9arico que contienen. Se ha tratado, en primer lugar, la descripci\u00f3n del vocalismo t\u00f3nico y \u00e1tono del catal\u00e1n insular, a continuaci\u00f3n, los datos referentes al consonantismo recogidos por mil\u00e1 que han sido clasificados seg\u00fan el modo de articulaci\u00f3n a que pertenecen. en ambos casos se ha distinguido siempre las tres variedades que forman el bal\u00e9rico(mallorqu\u00edn, menorqu\u00edn e ibicenco), tal como hizo el autor en las notas. En una tercera fase, se han destacado en las conclusiones generales las caracter\u00edsticas m\u00e1s importantes del material estudiado y su valor para la ling\u00ed\u00bc\u00edstica catalana, que son b\u00e1sicamente de tres tipos: hist\u00f3rico-cient\u00edfico, te\u00f3rico y ling\u00ed\u00bcistico.  en este sentido, y en primer lugar, las notas estudiadas constituyen la primera descripci\u00f3n cient\u00edfica del catal\u00e1n bale\u00e1rico de que dispone la ling\u00ed\u00bc\u00edstica catalana por el hecho de que el m\u00e9todo utilizado por mil\u00e1 fue en todo momento descriptivo y desprovisto de apriorismos; as\u00ed mismo, las notas de mil\u00e1 referentes al ibicenco constituye el primer trabajo dedicado al habla de esta isla. En segundo lugar, se demuestra que el conjunto estudiado esta<\/p>\n<p>&nbsp;<\/p>\n<h3>Datos acad\u00e9micos de la tesis doctoral \u00ab<strong>La fon\u00e9tica dels parlars bale\u00e1rics segons les notes de manuel mil\u00e1 i fontanals. interpretaci\u00f3 i estudi linguistic.<\/strong>\u00ab<\/h3>\n<ul>\n<li><strong>T\u00edtulo de la tesis:<\/strong>\u00a0 La fon\u00e9tica dels parlars bale\u00e1rics segons les notes de manuel mil\u00e1 i fontanals. interpretaci\u00f3 i estudi linguistic. <\/li>\n<li><strong>Autor:<\/strong>\u00a0 Francesc Bernat Baltrons <\/li>\n<li><strong>Universidad:<\/strong>\u00a0 Barcelona<\/li>\n<li><strong>Fecha de lectura de la tesis:<\/strong>\u00a0 22\/02\/2002<\/li>\n<\/ul>\n<p>&nbsp;<\/p>\n<h3>Direcci\u00f3n y tribunal<\/h3>\n<ul>\n<li><strong>Director de la tesis<\/strong>\n<ul>\n<li>Josep Moran Ocerinjauregui<\/li>\n<\/ul>\n<\/li>\n<li><strong>Tribunal<\/strong>\n<ul>\n<li>Presidente del tribunal: joan Veny clar <\/li>\n<li>Manuel Jorba jorba (vocal)<\/li>\n<li>jordi Colomina castanyer (vocal)<\/li>\n<li>milagros Segarra neira (vocal)<\/li>\n<\/ul>\n<\/li>\n<\/ul>\n<p>&nbsp;<\/p>\n","protected":false},"excerpt":{"rendered":"<p>Tesis doctoral de Francesc Bernat Baltrons Esta tesis se basa en el estudio de unos apuntes in\u00e9ditos sobre los dialectos [&hellip;]<\/p>\n","protected":false},"author":1,"featured_media":0,"comment_status":"open","ping_status":"open","sticky":false,"template":"","format":"standard","meta":{"site-sidebar-layout":"default","site-content-layout":"","ast-site-content-layout":"","site-content-style":"default","site-sidebar-style":"default","ast-global-header-display":"","ast-banner-title-visibility":"","ast-main-header-display":"","ast-hfb-above-header-display":"","ast-hfb-below-header-display":"","ast-hfb-mobile-header-display":"","site-post-title":"","ast-breadcrumbs-content":"","ast-featured-img":"","footer-sml-layout":"","theme-transparent-header-meta":"","adv-header-id-meta":"","stick-header-meta":"","header-above-stick-meta":"","header-main-stick-meta":"","header-below-stick-meta":"","astra-migrate-meta-layouts":"default","ast-page-background-enabled":"default","ast-page-background-meta":{"desktop":{"background-color":"var(--ast-global-color-4)","background-image":"","background-repeat":"repeat","background-position":"center center","background-size":"auto","background-attachment":"scroll","background-type":"","background-media":"","overlay-type":"","overlay-color":"","overlay-gradient":""},"tablet":{"background-color":"","background-image":"","background-repeat":"repeat","background-position":"center center","background-size":"auto","background-attachment":"scroll","background-type":"","background-media":"","overlay-type":"","overlay-color":"","overlay-gradient":""},"mobile":{"background-color":"","background-image":"","background-repeat":"repeat","background-position":"center center","background-size":"auto","background-attachment":"scroll","background-type":"","background-media":"","overlay-type":"","overlay-color":"","overlay-gradient":""}},"ast-content-background-meta":{"desktop":{"background-color":"var(--ast-global-color-5)","background-image":"","background-repeat":"repeat","background-position":"center center","background-size":"auto","background-attachment":"scroll","background-type":"","background-media":"","overlay-type":"","overlay-color":"","overlay-gradient":""},"tablet":{"background-color":"var(--ast-global-color-5)","background-image":"","background-repeat":"repeat","background-position":"center center","background-size":"auto","background-attachment":"scroll","background-type":"","background-media":"","overlay-type":"","overlay-color":"","overlay-gradient":""},"mobile":{"background-color":"var(--ast-global-color-5)","background-image":"","background-repeat":"repeat","background-position":"center center","background-size":"auto","background-attachment":"scroll","background-type":"","background-media":"","overlay-type":"","overlay-color":"","overlay-gradient":""}},"footnotes":""},"categories":[951,1624,2142,10487,104,59,423,12985,62],"tags":[49956,13535,32943,40808,49957,37389],"class_list":["post-15704","post","type-post","status-publish","format-standard","hentry","category-barcelona","category-ciencias-auxiliares-de-la-historia","category-filologia","category-fonetica","category-historia","category-linguistica","category-linguistica-diacronica","category-linguistica-geografica","category-linguistica-sincronica","tag-francesc-bernat-baltrons","tag-joan-veny-clar","tag-jordi-colomina-castanyer","tag-josep-moran-ocerinjauregui","tag-manuel-jorba-jorba","tag-milagros-segarra-neira"],"_links":{"self":[{"href":"https:\/\/www.deberes.net\/tesis\/wp-json\/wp\/v2\/posts\/15704","targetHints":{"allow":["GET"]}}],"collection":[{"href":"https:\/\/www.deberes.net\/tesis\/wp-json\/wp\/v2\/posts"}],"about":[{"href":"https:\/\/www.deberes.net\/tesis\/wp-json\/wp\/v2\/types\/post"}],"author":[{"embeddable":true,"href":"https:\/\/www.deberes.net\/tesis\/wp-json\/wp\/v2\/users\/1"}],"replies":[{"embeddable":true,"href":"https:\/\/www.deberes.net\/tesis\/wp-json\/wp\/v2\/comments?post=15704"}],"version-history":[{"count":0,"href":"https:\/\/www.deberes.net\/tesis\/wp-json\/wp\/v2\/posts\/15704\/revisions"}],"wp:attachment":[{"href":"https:\/\/www.deberes.net\/tesis\/wp-json\/wp\/v2\/media?parent=15704"}],"wp:term":[{"taxonomy":"category","embeddable":true,"href":"https:\/\/www.deberes.net\/tesis\/wp-json\/wp\/v2\/categories?post=15704"},{"taxonomy":"post_tag","embeddable":true,"href":"https:\/\/www.deberes.net\/tesis\/wp-json\/wp\/v2\/tags?post=15704"}],"curies":[{"name":"wp","href":"https:\/\/api.w.org\/{rel}","templated":true}]}}