{"id":15706,"date":"2018-03-09T09:02:59","date_gmt":"2018-03-09T09:02:59","guid":{"rendered":"https:\/\/www.deberes.net\/tesis\/sin-categoria\/sa%c2%adntesi-i-aplicacions-de-pseudopeptids-restringits-deirvats-de-serina\/"},"modified":"2018-03-09T09:02:59","modified_gmt":"2018-03-09T09:02:59","slug":"sa%c2%adntesi-i-aplicacions-de-pseudopeptids-restringits-deirvats-de-serina","status":"publish","type":"post","link":"https:\/\/www.deberes.net\/tesis\/quimica\/sa%c2%adntesi-i-aplicacions-de-pseudopeptids-restringits-deirvats-de-serina\/","title":{"rendered":"S\u00edntesi i aplicacions de pseudop\u00e9ptids restringits deirvats de serina"},"content":{"rendered":"<h2>Tesis doctoral de <strong> Jorge Pir\u00f3 Segarra <\/strong><\/h2>\n<p>Se ha desarrollado un nueva v\u00eda de acceso a 3-aminiopiperidin-2-onas funcionalizadas.  * esta estrategia sint\u00e9tica se ha aplicado en un proceso de s\u00edntesis en fase s\u00f3lida.  * se ha estudiado la reactividad en los diferentes posiciones del anillo lact\u00e1nico.  * finalmente se ha introducido uno de estos an\u00e1logos dipept\u00eddicos en el ciclop\u00e9ptido sylostitina 1.<\/p>\n<p>&nbsp;<\/p>\n<h3>Datos acad\u00e9micos de la tesis doctoral \u00ab<strong>S\u00edntesi i aplicacions de pseudop\u00e9ptids restringits deirvats de serina<\/strong>\u00ab<\/h3>\n<ul>\n<li><strong>T\u00edtulo de la tesis:<\/strong>\u00a0 S\u00edntesi i aplicacions de pseudop\u00e9ptids restringits deirvats de serina <\/li>\n<li><strong>Autor:<\/strong>\u00a0 Jorge Pir\u00f3 Segarra <\/li>\n<li><strong>Universidad:<\/strong>\u00a0 Barcelona<\/li>\n<li><strong>Fecha de lectura de la tesis:<\/strong>\u00a0 22\/02\/2002<\/li>\n<\/ul>\n<p>&nbsp;<\/p>\n<h3>Direcci\u00f3n y tribunal<\/h3>\n<ul>\n<li><strong>Director de la tesis<\/strong>\n<ul>\n<li>Anna Ma. Diez Pascual<\/li>\n<\/ul>\n<\/li>\n<li><strong>Tribunal<\/strong>\n<ul>\n<li>Presidente del tribunal: fernando Albericio palomera <\/li>\n<li>martine Bonin (vocal)<\/li>\n<li>joan Huguet clotet (vocal)<\/li>\n<li>isabel Haro villar (vocal)<\/li>\n<\/ul>\n<\/li>\n<\/ul>\n<p>&nbsp;<\/p>\n","protected":false},"excerpt":{"rendered":"<p>Tesis doctoral de Jorge Pir\u00f3 Segarra Se ha desarrollado un nueva v\u00eda de acceso a 3-aminiopiperidin-2-onas funcionalizadas. * esta estrategia [&hellip;]<\/p>\n","protected":false},"author":1,"featured_media":0,"comment_status":"open","ping_status":"open","sticky":false,"template":"","format":"standard","meta":{"site-sidebar-layout":"default","site-content-layout":"","ast-site-content-layout":"","site-content-style":"default","site-sidebar-style":"default","ast-global-header-display":"","ast-banner-title-visibility":"","ast-main-header-display":"","ast-hfb-above-header-display":"","ast-hfb-below-header-display":"","ast-hfb-mobile-header-display":"","site-post-title":"","ast-breadcrumbs-content":"","ast-featured-img":"","footer-sml-layout":"","theme-transparent-header-meta":"","adv-header-id-meta":"","stick-header-meta":"","header-above-stick-meta":"","header-main-stick-meta":"","header-below-stick-meta":"","astra-migrate-meta-layouts":"default","ast-page-background-enabled":"default","ast-page-background-meta":{"desktop":{"background-color":"var(--ast-global-color-4)","background-image":"","background-repeat":"repeat","background-position":"center center","background-size":"auto","background-attachment":"scroll","background-type":"","background-media":"","overlay-type":"","overlay-color":"","overlay-gradient":""},"tablet":{"background-color":"","background-image":"","background-repeat":"repeat","background-position":"center center","background-size":"auto","background-attachment":"scroll","background-type":"","background-media":"","overlay-type":"","overlay-color":"","overlay-gradient":""},"mobile":{"background-color":"","background-image":"","background-repeat":"repeat","background-position":"center center","background-size":"auto","background-attachment":"scroll","background-type":"","background-media":"","overlay-type":"","overlay-color":"","overlay-gradient":""}},"ast-content-background-meta":{"desktop":{"background-color":"var(--ast-global-color-5)","background-image":"","background-repeat":"repeat","background-position":"center center","background-size":"auto","background-attachment":"scroll","background-type":"","background-media":"","overlay-type":"","overlay-color":"","overlay-gradient":""},"tablet":{"background-color":"var(--ast-global-color-5)","background-image":"","background-repeat":"repeat","background-position":"center center","background-size":"auto","background-attachment":"scroll","background-type":"","background-media":"","overlay-type":"","overlay-color":"","overlay-gradient":""},"mobile":{"background-color":"var(--ast-global-color-5)","background-image":"","background-repeat":"repeat","background-position":"center center","background-size":"auto","background-attachment":"scroll","background-type":"","background-media":"","overlay-type":"","overlay-color":"","overlay-gradient":""}},"footnotes":""},"categories":[951,17670,17,457,416],"tags":[49962,1099,49965,49964,49961,49963],"class_list":["post-15706","post","type-post","status-publish","format-standard","hentry","category-barcelona","category-diseno-sintesis-y-estudio-de-nuevos-farmacos","category-quimica","category-quimica-farmaceutica","category-quimica-organica","tag-anna-ma-diez-pascual","tag-fernando-albericio-palomera","tag-isabel-haro-villar","tag-joan-huguet-clotet","tag-jorge-piro-segarra","tag-martine-bonin"],"_links":{"self":[{"href":"https:\/\/www.deberes.net\/tesis\/wp-json\/wp\/v2\/posts\/15706","targetHints":{"allow":["GET"]}}],"collection":[{"href":"https:\/\/www.deberes.net\/tesis\/wp-json\/wp\/v2\/posts"}],"about":[{"href":"https:\/\/www.deberes.net\/tesis\/wp-json\/wp\/v2\/types\/post"}],"author":[{"embeddable":true,"href":"https:\/\/www.deberes.net\/tesis\/wp-json\/wp\/v2\/users\/1"}],"replies":[{"embeddable":true,"href":"https:\/\/www.deberes.net\/tesis\/wp-json\/wp\/v2\/comments?post=15706"}],"version-history":[{"count":0,"href":"https:\/\/www.deberes.net\/tesis\/wp-json\/wp\/v2\/posts\/15706\/revisions"}],"wp:attachment":[{"href":"https:\/\/www.deberes.net\/tesis\/wp-json\/wp\/v2\/media?parent=15706"}],"wp:term":[{"taxonomy":"category","embeddable":true,"href":"https:\/\/www.deberes.net\/tesis\/wp-json\/wp\/v2\/categories?post=15706"},{"taxonomy":"post_tag","embeddable":true,"href":"https:\/\/www.deberes.net\/tesis\/wp-json\/wp\/v2\/tags?post=15706"}],"curies":[{"name":"wp","href":"https:\/\/api.w.org\/{rel}","templated":true}]}}