{"id":15722,"date":"2018-03-09T09:03:00","date_gmt":"2018-03-09T09:03:00","guid":{"rendered":"https:\/\/www.deberes.net\/tesis\/sin-categoria\/estructura-sociodemografica-de-malaga-en-el-siglo-xvii\/"},"modified":"2018-03-09T09:03:00","modified_gmt":"2018-03-09T09:03:00","slug":"estructura-sociodemografica-de-malaga-en-el-siglo-xvii","status":"publish","type":"post","link":"https:\/\/www.deberes.net\/tesis\/historia\/estructura-sociodemografica-de-malaga-en-el-siglo-xvii\/","title":{"rendered":"Estructura sociodemogr\u00e1fica de m\u00e1laga en el siglo xvii"},"content":{"rendered":"<h2>Tesis doctoral de <strong> Isabel Rodr\u00edguez Aleman <\/strong><\/h2>\n<p>Es una investigaci\u00f3n acerca de la estructura demogr\u00e1fica y evoluci\u00f3n de la poblaci\u00f3n malague\u00f1a en el siglo xvii, interrelacion\u00e1ndola con el marco espacial y el desarrollo econ\u00f3mico, social y cultural. Para el an\u00e1lisis cuantitataivo del volumen poblacional se examinan los recuentos generales estatales y las listas de vecinos procedentes de padrones eclesi\u00e1sticos y municipales locales. Mientras que el estudio de la composici\u00f3n demogr\u00e1fica se ha basado en la mortalidad, a trav\u00e9s de los m\u00e9todos agregativo y de reconstrucci\u00f3n de familias.  m\u00e1laga fue, adem\u00e1s, destino de un importante flujo inmigratorio desde la provincia, andaluc\u00eda, otras regiones espa\u00f1olas y pa\u00edses europeos occidentales. por ello este estudio descubre los lugares concretos de procedencia, causas de los desplazamientos, participaci\u00f3n por sexos y actividades que desepe\u00f1aron estas personas. Finalmente, se realiza una exploraci\u00f3n de las epidemias analiz\u00e1ndose las medidas preventivas adoptadas por las autoridades municipales y eclesi\u00e1sticas para parevenirlas y controlarlas, as\u00ed como sus consecuencias demogr\u00e1ficas.<\/p>\n<p>&nbsp;<\/p>\n<h3>Datos acad\u00e9micos de la tesis doctoral \u00ab<strong>Estructura sociodemogr\u00e1fica de m\u00e1laga en el siglo xvii<\/strong>\u00ab<\/h3>\n<ul>\n<li><strong>T\u00edtulo de la tesis:<\/strong>\u00a0 Estructura sociodemogr\u00e1fica de m\u00e1laga en el siglo xvii <\/li>\n<li><strong>Autor:<\/strong>\u00a0 Isabel Rodr\u00edguez Aleman <\/li>\n<li><strong>Universidad:<\/strong>\u00a0 M\u00e1laga<\/li>\n<li><strong>Fecha de lectura de la tesis:<\/strong>\u00a0 22\/02\/2002<\/li>\n<\/ul>\n<p>&nbsp;<\/p>\n<h3>Direcci\u00f3n y tribunal<\/h3>\n<ul>\n<li><strong>Director de la tesis<\/strong>\n<ul>\n<li>Juan Sanz Sampelayo<\/li>\n<\/ul>\n<\/li>\n<li><strong>Tribunal<\/strong>\n<ul>\n<li>Presidente del tribunal: leon Carlos Alvarez santalo <\/li>\n<li> P\u00e9rez Garc\u00eda Jos\u00e9 Manuel (vocal)<\/li>\n<li>bernard Vicent (vocal)<\/li>\n<li>Francisco Sanzhez-montes gonz\u00e1lez (vocal)<\/li>\n<\/ul>\n<\/li>\n<\/ul>\n<p>&nbsp;<\/p>\n","protected":false},"excerpt":{"rendered":"<p>Tesis doctoral de Isabel Rodr\u00edguez Aleman Es una investigaci\u00f3n acerca de la estructura demogr\u00e1fica y evoluci\u00f3n de la poblaci\u00f3n malague\u00f1a [&hellip;]<\/p>\n","protected":false},"author":1,"featured_media":0,"comment_status":"open","ping_status":"open","sticky":false,"template":"","format":"standard","meta":{"site-sidebar-layout":"default","site-content-layout":"","ast-site-content-layout":"","site-content-style":"default","site-sidebar-style":"default","ast-global-header-display":"","ast-banner-title-visibility":"","ast-main-header-display":"","ast-hfb-above-header-display":"","ast-hfb-below-header-display":"","ast-hfb-mobile-header-display":"","site-post-title":"","ast-breadcrumbs-content":"","ast-featured-img":"","footer-sml-layout":"","theme-transparent-header-meta":"","adv-header-id-meta":"","stick-header-meta":"","header-above-stick-meta":"","header-main-stick-meta":"","header-below-stick-meta":"","astra-migrate-meta-layouts":"default","ast-page-background-enabled":"default","ast-page-background-meta":{"desktop":{"background-color":"var(--ast-global-color-4)","background-image":"","background-repeat":"repeat","background-position":"center center","background-size":"auto","background-attachment":"scroll","background-type":"","background-media":"","overlay-type":"","overlay-color":"","overlay-gradient":""},"tablet":{"background-color":"","background-image":"","background-repeat":"repeat","background-position":"center center","background-size":"auto","background-attachment":"scroll","background-type":"","background-media":"","overlay-type":"","overlay-color":"","overlay-gradient":""},"mobile":{"background-color":"","background-image":"","background-repeat":"repeat","background-position":"center center","background-size":"auto","background-attachment":"scroll","background-type":"","background-media":"","overlay-type":"","overlay-color":"","overlay-gradient":""}},"ast-content-background-meta":{"desktop":{"background-color":"var(--ast-global-color-5)","background-image":"","background-repeat":"repeat","background-position":"center center","background-size":"auto","background-attachment":"scroll","background-type":"","background-media":"","overlay-type":"","overlay-color":"","overlay-gradient":""},"tablet":{"background-color":"var(--ast-global-color-5)","background-image":"","background-repeat":"repeat","background-position":"center center","background-size":"auto","background-attachment":"scroll","background-type":"","background-media":"","overlay-type":"","overlay-color":"","overlay-gradient":""},"mobile":{"background-color":"var(--ast-global-color-5)","background-image":"","background-repeat":"repeat","background-position":"center center","background-size":"auto","background-attachment":"scroll","background-type":"","background-media":"","overlay-type":"","overlay-color":"","overlay-gradient":""}},"footnotes":""},"categories":[1066,1353,49053,104,989,220,7834],"tags":[49999,50000,49998,26554,14897,11820],"class_list":["post-15722","post","type-post","status-publish","format-standard","hentry","category-demografia","category-demografia-geografica","category-demografia-local","category-historia","category-historia-moderna","category-historia-por-epocas","category-malaga","tag-bernard-vicent","tag-francisco-sanzhez-montes-gonzalez","tag-isabel-rodriguez-aleman","tag-juan-sanz-sampelayo","tag-leon-carlos-alvarez-santalo","tag-perez-garcia-jose-manuel"],"_links":{"self":[{"href":"https:\/\/www.deberes.net\/tesis\/wp-json\/wp\/v2\/posts\/15722","targetHints":{"allow":["GET"]}}],"collection":[{"href":"https:\/\/www.deberes.net\/tesis\/wp-json\/wp\/v2\/posts"}],"about":[{"href":"https:\/\/www.deberes.net\/tesis\/wp-json\/wp\/v2\/types\/post"}],"author":[{"embeddable":true,"href":"https:\/\/www.deberes.net\/tesis\/wp-json\/wp\/v2\/users\/1"}],"replies":[{"embeddable":true,"href":"https:\/\/www.deberes.net\/tesis\/wp-json\/wp\/v2\/comments?post=15722"}],"version-history":[{"count":0,"href":"https:\/\/www.deberes.net\/tesis\/wp-json\/wp\/v2\/posts\/15722\/revisions"}],"wp:attachment":[{"href":"https:\/\/www.deberes.net\/tesis\/wp-json\/wp\/v2\/media?parent=15722"}],"wp:term":[{"taxonomy":"category","embeddable":true,"href":"https:\/\/www.deberes.net\/tesis\/wp-json\/wp\/v2\/categories?post=15722"},{"taxonomy":"post_tag","embeddable":true,"href":"https:\/\/www.deberes.net\/tesis\/wp-json\/wp\/v2\/tags?post=15722"}],"curies":[{"name":"wp","href":"https:\/\/api.w.org\/{rel}","templated":true}]}}