{"id":15751,"date":"2018-03-09T09:03:02","date_gmt":"2018-03-09T09:03:02","guid":{"rendered":"https:\/\/www.deberes.net\/tesis\/sin-categoria\/la-transformacion-del-estado-social-en-materia-de-prestacion-publica-de-servicios-los-sectores-electricos-espanol-y-mexicano\/"},"modified":"2018-03-09T09:03:02","modified_gmt":"2018-03-09T09:03:02","slug":"la-transformacion-del-estado-social-en-materia-de-prestacion-publica-de-servicios-los-sectores-electricos-espanol-y-mexicano","status":"publish","type":"post","link":"https:\/\/www.deberes.net\/tesis\/ciencias-juridicas-y-derecho\/la-transformacion-del-estado-social-en-materia-de-prestacion-publica-de-servicios-los-sectores-electricos-espanol-y-mexicano\/","title":{"rendered":"La transformaci\u00f3n del estado social en materia de prestaci\u00f3n p\u00fablica de servicios: los sectores el\u00e9ctricos espa\u00f1ol y mexicano"},"content":{"rendered":"<h2>Tesis doctoral de <strong> Josefina Cort\u00e9s Campos <\/strong><\/h2>\n<p>Se describen y comentan las teor\u00edas que han analizado m\u00e1s de cerca el fen\u00f3meno de la transformaci\u00f3n administrativa y de las que se afirma a trav\u00e9s de v\u00edas convergentes la particular eficacia de la administrativa.  se analiza el servicio p\u00fablico y su transformaci\u00f3n del concepto tradicional al concepto europeo de \u00abservicio universal\u00bb. Se analizan las actividades industriales y los servicios p\u00fablicos de inter\u00e9s econ\u00f3mico y la regulaci\u00f3n para la competencia como t\u00e9cnica de equilibrio.  en un ejemplo de aplicaci\u00f3n m\u00e1s pr\u00e1ctico se estudian los sectores el\u00e9ctricos espa\u00f1ol y mexicano. En el caso del primero, las diferentes relaciones con la ue y con la experiencia anglosajona, haciendo un especial hincapi\u00e9 en su liberalizaci\u00f3n. Por lo que respecta al mexicano se apuntan los indicios del modelo de regularizaci\u00f3n para la competencia con especial referencia a acciones concretas por parte del nuevo gobierno mexicano.<\/p>\n<p>&nbsp;<\/p>\n<h3>Datos acad\u00e9micos de la tesis doctoral \u00ab<strong>La transformaci\u00f3n del estado social en materia de prestaci\u00f3n p\u00fablica de servicios: los sectores el\u00e9ctricos espa\u00f1ol y mexicano<\/strong>\u00ab<\/h3>\n<ul>\n<li><strong>T\u00edtulo de la tesis:<\/strong>\u00a0 La transformaci\u00f3n del estado social en materia de prestaci\u00f3n p\u00fablica de servicios: los sectores el\u00e9ctricos espa\u00f1ol y mexicano <\/li>\n<li><strong>Autor:<\/strong>\u00a0 Josefina Cort\u00e9s Campos <\/li>\n<li><strong>Universidad:<\/strong>\u00a0 Carlos III de Madrid<\/li>\n<li><strong>Fecha de lectura de la tesis:<\/strong>\u00a0 22\/02\/2002<\/li>\n<\/ul>\n<p>&nbsp;<\/p>\n<h3>Direcci\u00f3n y tribunal<\/h3>\n<ul>\n<li><strong>Director de la tesis<\/strong>\n<ul>\n<li> Parejo Alfonso Luciano J.<\/li>\n<\/ul>\n<\/li>\n<li><strong>Tribunal<\/strong>\n<ul>\n<li>Presidente del tribunal:  De la quadra-salcedo fdez. del casillo tom\u00e1s <\/li>\n<li>Santiago Mu\u00f1oz machado (vocal)<\/li>\n<li>Fernando Sainz moreno (vocal)<\/li>\n<li>ram\u00f3n Cossi\u00f3 d\u00edaz (vocal)<\/li>\n<\/ul>\n<\/li>\n<\/ul>\n<p>&nbsp;<\/p>\n","protected":false},"excerpt":{"rendered":"<p>Tesis doctoral de Josefina Cort\u00e9s Campos Se describen y comentan las teor\u00edas que han analizado m\u00e1s de cerca el fen\u00f3meno [&hellip;]<\/p>\n","protected":false},"author":1,"featured_media":0,"comment_status":"open","ping_status":"open","sticky":false,"template":"","format":"standard","meta":{"site-sidebar-layout":"default","site-content-layout":"","ast-site-content-layout":"","site-content-style":"default","site-sidebar-style":"default","ast-global-header-display":"","ast-banner-title-visibility":"","ast-main-header-display":"","ast-hfb-above-header-display":"","ast-hfb-below-header-display":"","ast-hfb-mobile-header-display":"","site-post-title":"","ast-breadcrumbs-content":"","ast-featured-img":"","footer-sml-layout":"","theme-transparent-header-meta":"","adv-header-id-meta":"","stick-header-meta":"","header-above-stick-meta":"","header-main-stick-meta":"","header-below-stick-meta":"","astra-migrate-meta-layouts":"default","ast-page-background-enabled":"default","ast-page-background-meta":{"desktop":{"background-color":"var(--ast-global-color-4)","background-image":"","background-repeat":"repeat","background-position":"center center","background-size":"auto","background-attachment":"scroll","background-type":"","background-media":"","overlay-type":"","overlay-color":"","overlay-gradient":""},"tablet":{"background-color":"","background-image":"","background-repeat":"repeat","background-position":"center center","background-size":"auto","background-attachment":"scroll","background-type":"","background-media":"","overlay-type":"","overlay-color":"","overlay-gradient":""},"mobile":{"background-color":"","background-image":"","background-repeat":"repeat","background-position":"center center","background-size":"auto","background-attachment":"scroll","background-type":"","background-media":"","overlay-type":"","overlay-color":"","overlay-gradient":""}},"ast-content-background-meta":{"desktop":{"background-color":"var(--ast-global-color-5)","background-image":"","background-repeat":"repeat","background-position":"center center","background-size":"auto","background-attachment":"scroll","background-type":"","background-media":"","overlay-type":"","overlay-color":"","overlay-gradient":""},"tablet":{"background-color":"var(--ast-global-color-5)","background-image":"","background-repeat":"repeat","background-position":"center center","background-size":"auto","background-attachment":"scroll","background-type":"","background-media":"","overlay-type":"","overlay-color":"","overlay-gradient":""},"mobile":{"background-color":"var(--ast-global-color-5)","background-image":"","background-repeat":"repeat","background-position":"center center","background-size":"auto","background-attachment":"scroll","background-type":"","background-media":"","overlay-type":"","overlay-color":"","overlay-gradient":""}},"footnotes":""},"categories":[18550,612,1442,979],"tags":[50089,7137,50088,18454,50090,4898],"class_list":["post-15751","post","type-post","status-publish","format-standard","hentry","category-carlos-iii-de-madrid","category-ciencias-juridicas-y-derecho","category-derecho-administrativo","category-derecho-y-legislacion-nacionales","tag-de-la-quadra-salcedo-fdez-del-casillo-tomas","tag-fernando-sainz-moreno","tag-josefina-cortes-campos","tag-parejo-alfonso-luciano-j","tag-ramon-cossio-diaz","tag-santiago-munoz-machado"],"_links":{"self":[{"href":"https:\/\/www.deberes.net\/tesis\/wp-json\/wp\/v2\/posts\/15751","targetHints":{"allow":["GET"]}}],"collection":[{"href":"https:\/\/www.deberes.net\/tesis\/wp-json\/wp\/v2\/posts"}],"about":[{"href":"https:\/\/www.deberes.net\/tesis\/wp-json\/wp\/v2\/types\/post"}],"author":[{"embeddable":true,"href":"https:\/\/www.deberes.net\/tesis\/wp-json\/wp\/v2\/users\/1"}],"replies":[{"embeddable":true,"href":"https:\/\/www.deberes.net\/tesis\/wp-json\/wp\/v2\/comments?post=15751"}],"version-history":[{"count":0,"href":"https:\/\/www.deberes.net\/tesis\/wp-json\/wp\/v2\/posts\/15751\/revisions"}],"wp:attachment":[{"href":"https:\/\/www.deberes.net\/tesis\/wp-json\/wp\/v2\/media?parent=15751"}],"wp:term":[{"taxonomy":"category","embeddable":true,"href":"https:\/\/www.deberes.net\/tesis\/wp-json\/wp\/v2\/categories?post=15751"},{"taxonomy":"post_tag","embeddable":true,"href":"https:\/\/www.deberes.net\/tesis\/wp-json\/wp\/v2\/tags?post=15751"}],"curies":[{"name":"wp","href":"https:\/\/api.w.org\/{rel}","templated":true}]}}