{"id":15758,"date":"2018-03-09T09:03:03","date_gmt":"2018-03-09T09:03:03","guid":{"rendered":"https:\/\/www.deberes.net\/tesis\/sin-categoria\/tradicion-novedad-y-trasgresion-en-la-cultura-de-envigado-colombia\/"},"modified":"2018-03-09T09:03:03","modified_gmt":"2018-03-09T09:03:03","slug":"tradicion-novedad-y-trasgresion-en-la-cultura-de-envigado-colombia","status":"publish","type":"post","link":"https:\/\/www.deberes.net\/tesis\/antropologia\/tradicion-novedad-y-trasgresion-en-la-cultura-de-envigado-colombia\/","title":{"rendered":"Tradici\u00f3n, novedad y trasgresi\u00f3n en la cultura de envigado (colombia)"},"content":{"rendered":"<h2>Tesis doctoral de <strong>  Jaramillo Estrada Pablo Jos\u00e9 <\/strong><\/h2>\n<p>El objeto de la investigaci\u00f3n surgi\u00f3 como resultado del evidente contraste al menos en apariencia entre el municipio de envigado y el resto de la naci\u00f3n colombiana.  mediante el m\u00e9todo etnogr\u00e1fico se exploraron los sectores propios de aquellos contrastes (en materia de educaci\u00f3n, seguridad, narcotr\u00e1fico, pensamiento, etc.). As\u00ed fue apareciendo una dimensi\u00f3n temporal (tradici\u00f3n, novedad y transgresi\u00f3n) alrededor de la b\u00fasqueda de consolidaci\u00f3n del nivel m\u00e1ximo posible de supervivencia, sentido, reconocimiento y placer ritualizado.  todo lo anterior orquestado por unas relaciones de poder forjadas en una especie de pacto en la sombra, marcado por la ilegalidad en v\u00edas de legitimaci\u00f3n.  los vectores estructurales de aquel pacto provienen de los m\u00e1s profundo de la estructura cultural envigade\u00f1a, como son el deseo de insularidad territorial, la voluntad de l\u00edmite, media y moderaci\u00f3n, la consecuci\u00f3n de cierta contig\u00ed\u00bcedad entre lo p\u00fablico y lo privado y una voluntad de pureza racial.<\/p>\n<p>&nbsp;<\/p>\n<h3>Datos acad\u00e9micos de la tesis doctoral \u00ab<strong>Tradici\u00f3n, novedad y trasgresi\u00f3n en la cultura de envigado (colombia)<\/strong>\u00ab<\/h3>\n<ul>\n<li><strong>T\u00edtulo de la tesis:<\/strong>\u00a0 Tradici\u00f3n, novedad y trasgresi\u00f3n en la cultura de envigado (colombia) <\/li>\n<li><strong>Autor:<\/strong>\u00a0  Jaramillo Estrada Pablo Jos\u00e9 <\/li>\n<li><strong>Universidad:<\/strong>\u00a0 Salamanca<\/li>\n<li><strong>Fecha de lectura de la tesis:<\/strong>\u00a0 23\/02\/2002<\/li>\n<\/ul>\n<p>&nbsp;<\/p>\n<h3>Direcci\u00f3n y tribunal<\/h3>\n<ul>\n<li><strong>Director de la tesis<\/strong>\n<ul>\n<li>Angel Baldomero Espina Barrio<\/li>\n<\/ul>\n<\/li>\n<li><strong>Tribunal<\/strong>\n<ul>\n<li>Presidente del tribunal:  Fern\u00e1ndez de rota Jos\u00e9 Antonio <\/li>\n<li>Francisco L\u00f3pez gallegos (vocal)<\/li>\n<li>pedro Antonio Cordero qui\u00f1ones (vocal)<\/li>\n<li>Juan  Andr\u00e9s Blanco rodr\u00edguez (vocal)<\/li>\n<\/ul>\n<\/li>\n<\/ul>\n<p>&nbsp;<\/p>\n","protected":false},"excerpt":{"rendered":"<p>Tesis doctoral de Jaramillo Estrada Pablo Jos\u00e9 El objeto de la investigaci\u00f3n surgi\u00f3 como resultado del evidente contraste al menos [&hellip;]<\/p>\n","protected":false},"author":1,"featured_media":0,"comment_status":"open","ping_status":"open","sticky":false,"template":"","format":"standard","meta":{"site-sidebar-layout":"default","site-content-layout":"","ast-site-content-layout":"","site-content-style":"default","site-sidebar-style":"default","ast-global-header-display":"","ast-banner-title-visibility":"","ast-main-header-display":"","ast-hfb-above-header-display":"","ast-hfb-below-header-display":"","ast-hfb-mobile-header-display":"","site-post-title":"","ast-breadcrumbs-content":"","ast-featured-img":"","footer-sml-layout":"","theme-transparent-header-meta":"","adv-header-id-meta":"","stick-header-meta":"","header-above-stick-meta":"","header-main-stick-meta":"","header-below-stick-meta":"","astra-migrate-meta-layouts":"default","ast-page-background-enabled":"default","ast-page-background-meta":{"desktop":{"background-color":"var(--ast-global-color-4)","background-image":"","background-repeat":"repeat","background-position":"center center","background-size":"auto","background-attachment":"scroll","background-type":"","background-media":"","overlay-type":"","overlay-color":"","overlay-gradient":""},"tablet":{"background-color":"","background-image":"","background-repeat":"repeat","background-position":"center center","background-size":"auto","background-attachment":"scroll","background-type":"","background-media":"","overlay-type":"","overlay-color":"","overlay-gradient":""},"mobile":{"background-color":"","background-image":"","background-repeat":"repeat","background-position":"center center","background-size":"auto","background-attachment":"scroll","background-type":"","background-media":"","overlay-type":"","overlay-color":"","overlay-gradient":""}},"ast-content-background-meta":{"desktop":{"background-color":"var(--ast-global-color-5)","background-image":"","background-repeat":"repeat","background-position":"center center","background-size":"auto","background-attachment":"scroll","background-type":"","background-media":"","overlay-type":"","overlay-color":"","overlay-gradient":""},"tablet":{"background-color":"var(--ast-global-color-5)","background-image":"","background-repeat":"repeat","background-position":"center center","background-size":"auto","background-attachment":"scroll","background-type":"","background-media":"","overlay-type":"","overlay-color":"","overlay-gradient":""},"mobile":{"background-color":"var(--ast-global-color-5)","background-image":"","background-repeat":"repeat","background-position":"center center","background-size":"auto","background-attachment":"scroll","background-type":"","background-media":"","overlay-type":"","overlay-color":"","overlay-gradient":""}},"footnotes":""},"categories":[681,983,2720,19848,9386,31506],"tags":[25760,50107,50108,50106,50110,50109],"class_list":["post-15758","post","type-post","status-publish","format-standard","hentry","category-antropologia","category-antropologia-cultural","category-antropologia-social","category-jefatura-y-realeza","category-salamanca","category-tradicion","tag-angel-baldomero-espina-barrio","tag-fernandez-de-rota-jose-antonio","tag-francisco-lopez-gallegos","tag-jaramillo-estrada-pablo-jose","tag-juan-andres-blanco-rodriguez","tag-pedro-antonio-cordero-quinones"],"_links":{"self":[{"href":"https:\/\/www.deberes.net\/tesis\/wp-json\/wp\/v2\/posts\/15758","targetHints":{"allow":["GET"]}}],"collection":[{"href":"https:\/\/www.deberes.net\/tesis\/wp-json\/wp\/v2\/posts"}],"about":[{"href":"https:\/\/www.deberes.net\/tesis\/wp-json\/wp\/v2\/types\/post"}],"author":[{"embeddable":true,"href":"https:\/\/www.deberes.net\/tesis\/wp-json\/wp\/v2\/users\/1"}],"replies":[{"embeddable":true,"href":"https:\/\/www.deberes.net\/tesis\/wp-json\/wp\/v2\/comments?post=15758"}],"version-history":[{"count":0,"href":"https:\/\/www.deberes.net\/tesis\/wp-json\/wp\/v2\/posts\/15758\/revisions"}],"wp:attachment":[{"href":"https:\/\/www.deberes.net\/tesis\/wp-json\/wp\/v2\/media?parent=15758"}],"wp:term":[{"taxonomy":"category","embeddable":true,"href":"https:\/\/www.deberes.net\/tesis\/wp-json\/wp\/v2\/categories?post=15758"},{"taxonomy":"post_tag","embeddable":true,"href":"https:\/\/www.deberes.net\/tesis\/wp-json\/wp\/v2\/tags?post=15758"}],"curies":[{"name":"wp","href":"https:\/\/api.w.org\/{rel}","templated":true}]}}