{"id":15763,"date":"2018-03-09T09:03:03","date_gmt":"2018-03-09T09:03:03","guid":{"rendered":"https:\/\/www.deberes.net\/tesis\/sin-categoria\/prevalencia-de-areas-radiolucidas-bien-delimitadas-en-la-cara-distal-de-los-terceros-molares-mandibulares\/"},"modified":"2018-03-09T09:03:03","modified_gmt":"2018-03-09T09:03:03","slug":"prevalencia-de-areas-radiolucidas-bien-delimitadas-en-la-cara-distal-de-los-terceros-molares-mandibulares","status":"publish","type":"post","link":"https:\/\/www.deberes.net\/tesis\/ciencias-medicas\/prevalencia-de-areas-radiolucidas-bien-delimitadas-en-la-cara-distal-de-los-terceros-molares-mandibulares\/","title":{"rendered":"PreValencia de \u00e1reas radiol\u00facidas bien delimitadas en la cara distal de los terceros molares mandibulares"},"content":{"rendered":"<h2>Tesis doctoral de <strong>  Bidese De Pinho Mariza <\/strong><\/h2>\n<p>La frecuencia de las alteraciones relacionadas con la impactaci\u00f3n dentaria, que suelen estar acompa\u00f1adas con modificaciones en el aspecto radiogr\u00e1fico del fol\u00edculo dentario, justifica la necesidad de profundizar en el estudio de esta cuesti\u00f3n. La aparici\u00f3n de una gran imagen radiol\u00facida en la cara distal de los terceros molares inferiores puede no tener ninguna repercusi\u00f3n patol\u00f3gica o ser la manifestaci\u00f3n de una lesi\u00f3n qu\u00edstica o incluso, de una lesi\u00f3n neopl\u00e1sica. Las lesiones qu\u00edsticas m\u00e1s frecuentes son el quiste paradental, el quiste dent\u00edgero y el queratoquiste odontog\u00e9nico. Entre las lesiones neopl\u00e1sicas debe considerarse el ameloblastoma uniqu\u00edstico. este estudio pretende establecer la preValencia de \u00e1reas radiol\u00facidas bien delimitadas de m\u00e1s de 2,5 mm., Localizadas en la cara distal de terceros molares inferiores y su relaci\u00f3n con otros par\u00e1metros (edad, sexo, estado eruptivo). Se estudian un total de 1012 sujetos, de los que 468 presentaban \u00e1reas de m\u00e1s de 2,5 mm. (Grupo pacientes). A dichos pacientes se les hicieron un total de 1480 radiograf\u00edas. De los 1012 sujetos estudiados, 639 eran mujeres y 373 hombres con una edad media de 29,2 a\u00f1os. De los 1012 sujetos incluidos en el estudio, 121 (12%) presentaban lesiones con \u00e1reas de m\u00e1s de 2,5 mm. De las 1480 radiograf\u00edas, 134 mostraron \u00e1reas de m\u00e1s de 2,5 mm. En cuanto a la presencia de lesiones seg\u00fan el estado eruptivo, el 18,8% de los molares semierupcionados presentaban lesiones, el 2,1% de los no erupcionados y el 0,8% de los molares erupcionados. Seg\u00fan este estudio, la frecuencia de \u00e1reas radiol\u00facidas de m\u00e1s de 2,5 mm., Es del 12%. No existen diferencias estad\u00edsticamente significativas entre el grupo de sujetos sin lesiones y el grupo de pacientes con lesiones en cuanto a la edad o al sexo. Un 18,8% de los casos con lesiones se correspond\u00edan con terceros molares parcialmente eurpcionados.<\/p>\n<p>&nbsp;<\/p>\n<h3>Datos acad\u00e9micos de la tesis doctoral \u00ab<strong>PreValencia de \u00e1reas radiol\u00facidas bien delimitadas en la cara distal de los terceros molares mandibulares<\/strong>\u00ab<\/h3>\n<ul>\n<li><strong>T\u00edtulo de la tesis:<\/strong>\u00a0 PreValencia de \u00e1reas radiol\u00facidas bien delimitadas en la cara distal de los terceros molares mandibulares <\/li>\n<li><strong>Autor:<\/strong>\u00a0  Bidese De Pinho Mariza <\/li>\n<li><strong>Universidad:<\/strong>\u00a0 Granada<\/li>\n<li><strong>Fecha de lectura de la tesis:<\/strong>\u00a0 25\/02\/2002<\/li>\n<\/ul>\n<p>&nbsp;<\/p>\n<h3>Direcci\u00f3n y tribunal<\/h3>\n<ul>\n<li><strong>Director de la tesis<\/strong>\n<ul>\n<li>Alejandro Ceballos Salobre\u00f1a<\/li>\n<\/ul>\n<\/li>\n<li><strong>Tribunal<\/strong>\n<ul>\n<li>Presidente del tribunal: Mar\u00eda no Toro rojas <\/li>\n<li>carmen Mar\u00eda Ferrer luque (vocal)<\/li>\n<li>josefa Fanego fern\u00e1ndez (vocal)<\/li>\n<li>vicente Delgado florencio (vocal)<\/li>\n<\/ul>\n<\/li>\n<\/ul>\n<p>&nbsp;<\/p>\n","protected":false},"excerpt":{"rendered":"<p>Tesis doctoral de Bidese De Pinho Mariza La frecuencia de las alteraciones relacionadas con la impactaci\u00f3n dentaria, que suelen estar [&hellip;]<\/p>\n","protected":false},"author":1,"featured_media":0,"comment_status":"open","ping_status":"open","sticky":false,"template":"","format":"standard","meta":{"site-sidebar-layout":"default","site-content-layout":"","ast-site-content-layout":"","site-content-style":"default","site-sidebar-style":"default","ast-global-header-display":"","ast-banner-title-visibility":"","ast-main-header-display":"","ast-hfb-above-header-display":"","ast-hfb-below-header-display":"","ast-hfb-mobile-header-display":"","site-post-title":"","ast-breadcrumbs-content":"","ast-featured-img":"","footer-sml-layout":"","theme-transparent-header-meta":"","adv-header-id-meta":"","stick-header-meta":"","header-above-stick-meta":"","header-main-stick-meta":"","header-below-stick-meta":"","astra-migrate-meta-layouts":"default","ast-page-background-enabled":"default","ast-page-background-meta":{"desktop":{"background-color":"var(--ast-global-color-4)","background-image":"","background-repeat":"repeat","background-position":"center center","background-size":"auto","background-attachment":"scroll","background-type":"","background-media":"","overlay-type":"","overlay-color":"","overlay-gradient":""},"tablet":{"background-color":"","background-image":"","background-repeat":"repeat","background-position":"center center","background-size":"auto","background-attachment":"scroll","background-type":"","background-media":"","overlay-type":"","overlay-color":"","overlay-gradient":""},"mobile":{"background-color":"","background-image":"","background-repeat":"repeat","background-position":"center center","background-size":"auto","background-attachment":"scroll","background-type":"","background-media":"","overlay-type":"","overlay-color":"","overlay-gradient":""}},"ast-content-background-meta":{"desktop":{"background-color":"var(--ast-global-color-5)","background-image":"","background-repeat":"repeat","background-position":"center center","background-size":"auto","background-attachment":"scroll","background-type":"","background-media":"","overlay-type":"","overlay-color":"","overlay-gradient":""},"tablet":{"background-color":"var(--ast-global-color-5)","background-image":"","background-repeat":"repeat","background-position":"center center","background-size":"auto","background-attachment":"scroll","background-type":"","background-media":"","overlay-type":"","overlay-color":"","overlay-gradient":""},"mobile":{"background-color":"var(--ast-global-color-5)","background-image":"","background-repeat":"repeat","background-position":"center center","background-size":"auto","background-attachment":"scroll","background-type":"","background-media":"","overlay-type":"","overlay-color":"","overlay-gradient":""}},"footnotes":""},"categories":[155,9,141,140,2046],"tags":[3959,50123,50121,50122,20751,692],"class_list":["post-15763","post","type-post","status-publish","format-standard","hentry","category-ciencias-clinicas","category-ciencias-medicas","category-cirugia","category-estomatologia-y-ortodoncia","category-radiologia","tag-alejandro-ceballos-salobrena","tag-bidese-de-pinho-mariza","tag-carmen-maria-ferrer-luque","tag-josefa-fanego-fernandez","tag-maria-no-toro-rojas","tag-vicente-delgado-florencio"],"_links":{"self":[{"href":"https:\/\/www.deberes.net\/tesis\/wp-json\/wp\/v2\/posts\/15763","targetHints":{"allow":["GET"]}}],"collection":[{"href":"https:\/\/www.deberes.net\/tesis\/wp-json\/wp\/v2\/posts"}],"about":[{"href":"https:\/\/www.deberes.net\/tesis\/wp-json\/wp\/v2\/types\/post"}],"author":[{"embeddable":true,"href":"https:\/\/www.deberes.net\/tesis\/wp-json\/wp\/v2\/users\/1"}],"replies":[{"embeddable":true,"href":"https:\/\/www.deberes.net\/tesis\/wp-json\/wp\/v2\/comments?post=15763"}],"version-history":[{"count":0,"href":"https:\/\/www.deberes.net\/tesis\/wp-json\/wp\/v2\/posts\/15763\/revisions"}],"wp:attachment":[{"href":"https:\/\/www.deberes.net\/tesis\/wp-json\/wp\/v2\/media?parent=15763"}],"wp:term":[{"taxonomy":"category","embeddable":true,"href":"https:\/\/www.deberes.net\/tesis\/wp-json\/wp\/v2\/categories?post=15763"},{"taxonomy":"post_tag","embeddable":true,"href":"https:\/\/www.deberes.net\/tesis\/wp-json\/wp\/v2\/tags?post=15763"}],"curies":[{"name":"wp","href":"https:\/\/api.w.org\/{rel}","templated":true}]}}