{"id":15776,"date":"2018-03-09T09:03:05","date_gmt":"2018-03-09T09:03:05","guid":{"rendered":"https:\/\/www.deberes.net\/tesis\/sin-categoria\/coordinacion-de-pola%c2%adtica-macroeconomica-en-el-mercosur\/"},"modified":"2018-03-09T09:03:05","modified_gmt":"2018-03-09T09:03:05","slug":"coordinacion-de-pola%c2%adtica-macroeconomica-en-el-mercosur","status":"publish","type":"post","link":"https:\/\/www.deberes.net\/tesis\/ciencias-economicas\/coordinacion-de-pola%c2%adtica-macroeconomica-en-el-mercosur\/","title":{"rendered":"Coordinaci\u00f3n de pol\u00edtica macroecon\u00f3mica en el mercosur"},"content":{"rendered":"<h2>Tesis doctoral de <strong>  Silva Bichara Julimar Da <\/strong><\/h2>\n<p>El objetivo de la tesis es analizar si el mercosur necesita alg\u00fan, grado de coordinaci\u00f3n de pol\u00edticas macroecon\u00f3micas, si existen &#8212; econ\u00f3micas adecuadas para emprender un proceso de coordinaci\u00f3n y el grado de esa coordinaci\u00f3n. se concluye que el mercosur necesita de una coordinaci\u00f3n de pol\u00edticas &#8211;.<\/p>\n<p>&nbsp;<\/p>\n<h3>Datos acad\u00e9micos de la tesis doctoral \u00ab<strong>Coordinaci\u00f3n de pol\u00edtica macroecon\u00f3mica en el mercosur<\/strong>\u00ab<\/h3>\n<ul>\n<li><strong>T\u00edtulo de la tesis:<\/strong>\u00a0 Coordinaci\u00f3n de pol\u00edtica macroecon\u00f3mica en el mercosur <\/li>\n<li><strong>Autor:<\/strong>\u00a0  Silva Bichara Julimar Da <\/li>\n<li><strong>Universidad:<\/strong>\u00a0 Aut\u00f3noma de Madrid<\/li>\n<li><strong>Fecha de lectura de la tesis:<\/strong>\u00a0 25\/02\/2002<\/li>\n<\/ul>\n<p>&nbsp;<\/p>\n<h3>Direcci\u00f3n y tribunal<\/h3>\n<ul>\n<li><strong>Director de la tesis<\/strong>\n<ul>\n<li>Ram\u00f3n Tamames<\/li>\n<\/ul>\n<\/li>\n<li><strong>Tribunal<\/strong>\n<ul>\n<li>Presidente del tribunal: santos m Ruesga benito <\/li>\n<li>Manuel Ahijado quintillan (vocal)<\/li>\n<li> \u00e1lvarez rendueles Jos\u00e9 ram\u00f3n (vocal)<\/li>\n<li>Rafael Mart\u00ednez cortina (vocal)<\/li>\n<\/ul>\n<\/li>\n<\/ul>\n<p>&nbsp;<\/p>\n","protected":false},"excerpt":{"rendered":"<p>Tesis doctoral de Silva Bichara Julimar Da El objetivo de la tesis es analizar si el mercosur necesita alg\u00fan, grado [&hellip;]<\/p>\n","protected":false},"author":1,"featured_media":0,"comment_status":"open","ping_status":"open","sticky":false,"template":"","format":"standard","meta":{"site-sidebar-layout":"default","site-content-layout":"","ast-site-content-layout":"","site-content-style":"default","site-sidebar-style":"default","ast-global-header-display":"","ast-banner-title-visibility":"","ast-main-header-display":"","ast-hfb-above-header-display":"","ast-hfb-below-header-display":"","ast-hfb-mobile-header-display":"","site-post-title":"","ast-breadcrumbs-content":"","ast-featured-img":"","footer-sml-layout":"","theme-transparent-header-meta":"","adv-header-id-meta":"","stick-header-meta":"","header-above-stick-meta":"","header-main-stick-meta":"","header-below-stick-meta":"","astra-migrate-meta-layouts":"default","ast-page-background-enabled":"default","ast-page-background-meta":{"desktop":{"background-color":"var(--ast-global-color-4)","background-image":"","background-repeat":"repeat","background-position":"center center","background-size":"auto","background-attachment":"scroll","background-type":"","background-media":"","overlay-type":"","overlay-color":"","overlay-gradient":""},"tablet":{"background-color":"","background-image":"","background-repeat":"repeat","background-position":"center center","background-size":"auto","background-attachment":"scroll","background-type":"","background-media":"","overlay-type":"","overlay-color":"","overlay-gradient":""},"mobile":{"background-color":"","background-image":"","background-repeat":"repeat","background-position":"center center","background-size":"auto","background-attachment":"scroll","background-type":"","background-media":"","overlay-type":"","overlay-color":"","overlay-gradient":""}},"ast-content-background-meta":{"desktop":{"background-color":"var(--ast-global-color-5)","background-image":"","background-repeat":"repeat","background-position":"center center","background-size":"auto","background-attachment":"scroll","background-type":"","background-media":"","overlay-type":"","overlay-color":"","overlay-gradient":""},"tablet":{"background-color":"var(--ast-global-color-5)","background-image":"","background-repeat":"repeat","background-position":"center center","background-size":"auto","background-attachment":"scroll","background-type":"","background-media":"","overlay-type":"","overlay-color":"","overlay-gradient":""},"mobile":{"background-color":"var(--ast-global-color-5)","background-image":"","background-repeat":"repeat","background-position":"center center","background-size":"auto","background-attachment":"scroll","background-type":"","background-media":"","overlay-type":"","overlay-color":"","overlay-gradient":""}},"footnotes":""},"categories":[82,13009,2825,737,16831],"tags":[15056,739,832,50158,6449,50157],"class_list":["post-15776","post","type-post","status-publish","format-standard","hentry","category-ciencias-economicas","category-estructura-de-mercado","category-organizacion-industrial-y-sector-publico","category-teoria-economica","category-teoria-macroeconomica","tag-alvarez-rendueles-jose-ramon","tag-manuel-ahijado-quintillan","tag-rafael-Martinez-cortina","tag-ramon-tamames","tag-santos-m-ruesga-benito","tag-silva-bichara-julimar-da"],"_links":{"self":[{"href":"https:\/\/www.deberes.net\/tesis\/wp-json\/wp\/v2\/posts\/15776","targetHints":{"allow":["GET"]}}],"collection":[{"href":"https:\/\/www.deberes.net\/tesis\/wp-json\/wp\/v2\/posts"}],"about":[{"href":"https:\/\/www.deberes.net\/tesis\/wp-json\/wp\/v2\/types\/post"}],"author":[{"embeddable":true,"href":"https:\/\/www.deberes.net\/tesis\/wp-json\/wp\/v2\/users\/1"}],"replies":[{"embeddable":true,"href":"https:\/\/www.deberes.net\/tesis\/wp-json\/wp\/v2\/comments?post=15776"}],"version-history":[{"count":0,"href":"https:\/\/www.deberes.net\/tesis\/wp-json\/wp\/v2\/posts\/15776\/revisions"}],"wp:attachment":[{"href":"https:\/\/www.deberes.net\/tesis\/wp-json\/wp\/v2\/media?parent=15776"}],"wp:term":[{"taxonomy":"category","embeddable":true,"href":"https:\/\/www.deberes.net\/tesis\/wp-json\/wp\/v2\/categories?post=15776"},{"taxonomy":"post_tag","embeddable":true,"href":"https:\/\/www.deberes.net\/tesis\/wp-json\/wp\/v2\/tags?post=15776"}],"curies":[{"name":"wp","href":"https:\/\/api.w.org\/{rel}","templated":true}]}}