{"id":15782,"date":"2018-03-09T09:03:05","date_gmt":"2018-03-09T09:03:05","guid":{"rendered":"https:\/\/www.deberes.net\/tesis\/sin-categoria\/la-nueva-figuracion-madrilena-en-el-contexto-de-la-transicion-pola%c2%adtica-de-la-expansion-mediatica-y-de-la-homologacion-internacional-del-arte-espanol\/"},"modified":"2018-03-09T09:03:05","modified_gmt":"2018-03-09T09:03:05","slug":"la-nueva-figuracion-madrilena-en-el-contexto-de-la-transicion-pola%c2%adtica-de-la-expansion-mediatica-y-de-la-homologacion-internacional-del-arte-espanol","status":"publish","type":"post","link":"https:\/\/www.deberes.net\/tesis\/historia\/la-nueva-figuracion-madrilena-en-el-contexto-de-la-transicion-pola%c2%adtica-de-la-expansion-mediatica-y-de-la-homologacion-internacional-del-arte-espanol\/","title":{"rendered":"La nueva figuraci\u00f3n madrile\u00f1a en el contexto de la transici\u00f3n pol\u00edtica, de la expansi\u00f3n medi\u00e1tica y de la homologaci\u00f3n internacional del arte espa\u00f1ol"},"content":{"rendered":"<h2>Tesis doctoral de <strong> Juan  Pablo Wert Ortega <\/strong><\/h2>\n<p>El objetivo tem\u00e1tico de la tesis la nueva figuraci\u00f3n madrile\u00f1a es el grupo de pintores (alcolea, carlos franco, guillermo p\u00e9rez villalta, rafael p\u00e9rez minu\u00e9s, m. Quejido y h. Molero) que tutelados en un primer momento por gordillo dominaron la escena art\u00edstica del Madrid de los a\u00f1os setenta. su trayectoria art\u00edstica se sit\u00faa en una coyuntura particularmente cr\u00edtica pues coincide con la crisis general de la vanguardia, de la transici\u00f3n pol\u00edtica junto a otros desarrollos culturales surgidos de el proceso de expansi\u00f3n medi\u00e1tica y de las nuevas relaciones de la industria cultural con el poder pol\u00edtico. La estela est\u00e9tica de la nfm se inserta igualmente en el contexto de la movida madrile\u00f1a de manera que tambi\u00e9n ilustra el fen\u00f3meno de transformaci\u00f3n midcult de los productos de la cultura en su proceso de espectacularizaci\u00f3n y estetizaci\u00f3n consiguiente.<\/p>\n<p>&nbsp;<\/p>\n<h3>Datos acad\u00e9micos de la tesis doctoral \u00ab<strong>La nueva figuraci\u00f3n madrile\u00f1a en el contexto de la transici\u00f3n pol\u00edtica, de la expansi\u00f3n medi\u00e1tica y de la homologaci\u00f3n internacional del arte espa\u00f1ol<\/strong>\u00ab<\/h3>\n<ul>\n<li><strong>T\u00edtulo de la tesis:<\/strong>\u00a0 La nueva figuraci\u00f3n madrile\u00f1a en el contexto de la transici\u00f3n pol\u00edtica, de la expansi\u00f3n medi\u00e1tica y de la homologaci\u00f3n internacional del arte espa\u00f1ol <\/li>\n<li><strong>Autor:<\/strong>\u00a0 Juan  Pablo Wert Ortega <\/li>\n<li><strong>Universidad:<\/strong>\u00a0 Castilla-la mancha<\/li>\n<li><strong>Fecha de lectura de la tesis:<\/strong>\u00a0 25\/02\/2002<\/li>\n<\/ul>\n<p>&nbsp;<\/p>\n<h3>Direcci\u00f3n y tribunal<\/h3>\n<ul>\n<li><strong>Director de la tesis<\/strong>\n<ul>\n<li>Alicia Diez De Balde\u00f3n Garc\u00eda<\/li>\n<\/ul>\n<\/li>\n<li><strong>Tribunal<\/strong>\n<ul>\n<li>Presidente del tribunal: delf\u00edn Rodr\u00edguez ruiz <\/li>\n<li>mart\u00ednez S\u00e1nchez (vocal)<\/li>\n<li>Juli\u00e1n D\u00eda s\u00e1nchez (vocal)<\/li>\n<li> Garc\u00eda felguera Mar\u00eda de los santos (vocal)<\/li>\n<\/ul>\n<\/li>\n<\/ul>\n<p>&nbsp;<\/p>\n","protected":false},"excerpt":{"rendered":"<p>Tesis doctoral de Juan Pablo Wert Ortega El objetivo tem\u00e1tico de la tesis la nueva figuraci\u00f3n madrile\u00f1a es el grupo [&hellip;]<\/p>\n","protected":false},"author":1,"featured_media":0,"comment_status":"open","ping_status":"open","sticky":false,"template":"","format":"standard","meta":{"site-sidebar-layout":"default","site-content-layout":"","ast-site-content-layout":"","site-content-style":"default","site-sidebar-style":"default","ast-global-header-display":"","ast-banner-title-visibility":"","ast-main-header-display":"","ast-hfb-above-header-display":"","ast-hfb-below-header-display":"","ast-hfb-mobile-header-display":"","site-post-title":"","ast-breadcrumbs-content":"","ast-featured-img":"","footer-sml-layout":"","theme-transparent-header-meta":"","adv-header-id-meta":"","stick-header-meta":"","header-above-stick-meta":"","header-main-stick-meta":"","header-below-stick-meta":"","astra-migrate-meta-layouts":"default","ast-page-background-enabled":"default","ast-page-background-meta":{"desktop":{"background-color":"var(--ast-global-color-4)","background-image":"","background-repeat":"repeat","background-position":"center center","background-size":"auto","background-attachment":"scroll","background-type":"","background-media":"","overlay-type":"","overlay-color":"","overlay-gradient":""},"tablet":{"background-color":"","background-image":"","background-repeat":"repeat","background-position":"center center","background-size":"auto","background-attachment":"scroll","background-type":"","background-media":"","overlay-type":"","overlay-color":"","overlay-gradient":""},"mobile":{"background-color":"","background-image":"","background-repeat":"repeat","background-position":"center center","background-size":"auto","background-attachment":"scroll","background-type":"","background-media":"","overlay-type":"","overlay-color":"","overlay-gradient":""}},"ast-content-background-meta":{"desktop":{"background-color":"var(--ast-global-color-5)","background-image":"","background-repeat":"repeat","background-position":"center center","background-size":"auto","background-attachment":"scroll","background-type":"","background-media":"","overlay-type":"","overlay-color":"","overlay-gradient":""},"tablet":{"background-color":"var(--ast-global-color-5)","background-image":"","background-repeat":"repeat","background-position":"center center","background-size":"auto","background-attachment":"scroll","background-type":"","background-media":"","overlay-type":"","overlay-color":"","overlay-gradient":""},"mobile":{"background-color":"var(--ast-global-color-5)","background-image":"","background-repeat":"repeat","background-position":"center center","background-size":"auto","background-attachment":"scroll","background-type":"","background-media":"","overlay-type":"","overlay-color":"","overlay-gradient":""}},"footnotes":""},"categories":[18451,104,1014,2563,222],"tags":[50176,6807,50179,50175,50178,50177],"class_list":["post-15782","post","type-post","status-publish","format-standard","hentry","category-castilla-la-mancha","category-historia","category-historia-del-arte","category-historia-del-arte-de-los-siglos-xix-y-xx","category-historias-especializadas","tag-alicia-diez-de-baldeon-garcia","tag-delfin-rodriguez-ruiz","tag-garcia-felguera-maria-de-los-santos","tag-juan-pablo-wert-ortega","tag-julian-dia-sanchez","tag-Martinez-sanchez"],"_links":{"self":[{"href":"https:\/\/www.deberes.net\/tesis\/wp-json\/wp\/v2\/posts\/15782","targetHints":{"allow":["GET"]}}],"collection":[{"href":"https:\/\/www.deberes.net\/tesis\/wp-json\/wp\/v2\/posts"}],"about":[{"href":"https:\/\/www.deberes.net\/tesis\/wp-json\/wp\/v2\/types\/post"}],"author":[{"embeddable":true,"href":"https:\/\/www.deberes.net\/tesis\/wp-json\/wp\/v2\/users\/1"}],"replies":[{"embeddable":true,"href":"https:\/\/www.deberes.net\/tesis\/wp-json\/wp\/v2\/comments?post=15782"}],"version-history":[{"count":0,"href":"https:\/\/www.deberes.net\/tesis\/wp-json\/wp\/v2\/posts\/15782\/revisions"}],"wp:attachment":[{"href":"https:\/\/www.deberes.net\/tesis\/wp-json\/wp\/v2\/media?parent=15782"}],"wp:term":[{"taxonomy":"category","embeddable":true,"href":"https:\/\/www.deberes.net\/tesis\/wp-json\/wp\/v2\/categories?post=15782"},{"taxonomy":"post_tag","embeddable":true,"href":"https:\/\/www.deberes.net\/tesis\/wp-json\/wp\/v2\/tags?post=15782"}],"curies":[{"name":"wp","href":"https:\/\/api.w.org\/{rel}","templated":true}]}}