{"id":15785,"date":"2018-03-09T09:03:05","date_gmt":"2018-03-09T09:03:05","guid":{"rendered":"https:\/\/www.deberes.net\/tesis\/sin-categoria\/control-microestructural-de-ceramicos-avanzados-sic-sinterizados-con-fase-la%c2%adquida-y2o3-al2o3\/"},"modified":"2018-03-09T09:03:05","modified_gmt":"2018-03-09T09:03:05","slug":"control-microestructural-de-ceramicos-avanzados-sic-sinterizados-con-fase-la%c2%adquida-y2o3-al2o3","status":"publish","type":"post","link":"https:\/\/www.deberes.net\/tesis\/ciencias-tecnologicas\/control-microestructural-de-ceramicos-avanzados-sic-sinterizados-con-fase-la%c2%adquida-y2o3-al2o3\/","title":{"rendered":"Control microestructural de ceramicos avanzados sic sinterizados con fase l\u00edquida y2o3-al2o3"},"content":{"rendered":"<h2>Tesis doctoral de <strong> \u00e1ngel Lu\u00eds Ort\u00edz Seco <\/strong><\/h2>\n<p>En este estudio se ha llevado a cabo un exhaustivo trabajo de preparaci\u00f3n y caracterizaci\u00f3n microestructural (mediante difracci\u00f3n de rayos x, sem y tem) de cer\u00e1micos sic sinterizados en fase l\u00edquida. Se ha realizado un an\u00e1lisis comparativo de diferentes t\u00e9cnicas de an\u00e1lisis cuantitativo en sic (m\u00e9todo de rietveld y m\u00e9todos polimorficos de ruska y tanaka). Adem\u00e1s, se ha llevado a cabo un an\u00e1lisis riguroso de la influencia de las condiciones de partida y de la atm\u00f3sfera de sinterizaci\u00f3n en la evoluci\u00f3n microestructural subsiguiente. Se ha propuesto un modelo de evoluci\u00f3n microestructural que ha sido validado experimentalmente, y que abre la posibilidad del dise\u00f1o de materiales cer\u00e1micos basados en sic con microestructuras \u00aba la carta\u00bb (y, por tanto, con propiedades bien definidas), de gran inter\u00e9s desde el punto de vista de su procesado industrial.<\/p>\n<p>&nbsp;<\/p>\n<h3>Datos acad\u00e9micos de la tesis doctoral \u00ab<strong>Control microestructural de ceramicos avanzados sic sinterizados con fase l\u00edquida y2o3-al2o3<\/strong>\u00ab<\/h3>\n<ul>\n<li><strong>T\u00edtulo de la tesis:<\/strong>\u00a0 Control microestructural de ceramicos avanzados sic sinterizados con fase l\u00edquida y2o3-al2o3 <\/li>\n<li><strong>Autor:<\/strong>\u00a0 \u00e1ngel Lu\u00eds Ort\u00edz Seco <\/li>\n<li><strong>Universidad:<\/strong>\u00a0 Extremadura<\/li>\n<li><strong>Fecha de lectura de la tesis:<\/strong>\u00a0 26\/02\/2002<\/li>\n<\/ul>\n<p>&nbsp;<\/p>\n<h3>Direcci\u00f3n y tribunal<\/h3>\n<ul>\n<li><strong>Director de la tesis<\/strong>\n<ul>\n<li>Francisco Luis Cumbrera Hernandez<\/li>\n<\/ul>\n<\/li>\n<li><strong>Tribunal<\/strong>\n<ul>\n<li>Presidente del tribunal: arturo Dom\u00ednguez rodr\u00edguez <\/li>\n<li>pilar Miranzo l\u00f3pez (vocal)<\/li>\n<li>marcos Juan Anglada gomila (vocal)<\/li>\n<li>antonia Pajares vicente (vocal)<\/li>\n<\/ul>\n<\/li>\n<\/ul>\n<p>&nbsp;<\/p>\n","protected":false},"excerpt":{"rendered":"<p>Tesis doctoral de \u00e1ngel Lu\u00eds Ort\u00edz Seco En este estudio se ha llevado a cabo un exhaustivo trabajo de preparaci\u00f3n [&hellip;]<\/p>\n","protected":false},"author":1,"featured_media":0,"comment_status":"open","ping_status":"open","sticky":false,"template":"","format":"standard","meta":{"site-sidebar-layout":"default","site-content-layout":"","ast-site-content-layout":"","site-content-style":"default","site-sidebar-style":"default","ast-global-header-display":"","ast-banner-title-visibility":"","ast-main-header-display":"","ast-hfb-above-header-display":"","ast-hfb-below-header-display":"","ast-hfb-mobile-header-display":"","site-post-title":"","ast-breadcrumbs-content":"","ast-featured-img":"","footer-sml-layout":"","theme-transparent-header-meta":"","adv-header-id-meta":"","stick-header-meta":"","header-above-stick-meta":"","header-main-stick-meta":"","header-below-stick-meta":"","astra-migrate-meta-layouts":"default","ast-page-background-enabled":"default","ast-page-background-meta":{"desktop":{"background-color":"var(--ast-global-color-4)","background-image":"","background-repeat":"repeat","background-position":"center center","background-size":"auto","background-attachment":"scroll","background-type":"","background-media":"","overlay-type":"","overlay-color":"","overlay-gradient":""},"tablet":{"background-color":"","background-image":"","background-repeat":"repeat","background-position":"center center","background-size":"auto","background-attachment":"scroll","background-type":"","background-media":"","overlay-type":"","overlay-color":"","overlay-gradient":""},"mobile":{"background-color":"","background-image":"","background-repeat":"repeat","background-position":"center center","background-size":"auto","background-attachment":"scroll","background-type":"","background-media":"","overlay-type":"","overlay-color":"","overlay-gradient":""}},"ast-content-background-meta":{"desktop":{"background-color":"var(--ast-global-color-5)","background-image":"","background-repeat":"repeat","background-position":"center center","background-size":"auto","background-attachment":"scroll","background-type":"","background-media":"","overlay-type":"","overlay-color":"","overlay-gradient":""},"tablet":{"background-color":"var(--ast-global-color-5)","background-image":"","background-repeat":"repeat","background-position":"center center","background-size":"auto","background-attachment":"scroll","background-type":"","background-media":"","overlay-type":"","overlay-color":"","overlay-gradient":""},"mobile":{"background-color":"var(--ast-global-color-5)","background-image":"","background-repeat":"repeat","background-position":"center center","background-size":"auto","background-attachment":"scroll","background-type":"","background-media":"","overlay-type":"","overlay-color":"","overlay-gradient":""}},"footnotes":""},"categories":[332,949,14406,1126],"tags":[50183,50184,7248,34436,13148,29600],"class_list":["post-15785","post","type-post","status-publish","format-standard","hentry","category-ciencias-tecnologicas","category-extremadura","category-materiales-ceramicos","category-tecnologia-de-materiales","tag-angel-luis-ortiz-seco","tag-antonia-pajares-vicente","tag-arturo-dominguez-rodriguez","tag-francisco-luis-cumbrera-hernandez","tag-marcos-juan-anglada-gomila","tag-pilar-miranzo-lopez"],"_links":{"self":[{"href":"https:\/\/www.deberes.net\/tesis\/wp-json\/wp\/v2\/posts\/15785","targetHints":{"allow":["GET"]}}],"collection":[{"href":"https:\/\/www.deberes.net\/tesis\/wp-json\/wp\/v2\/posts"}],"about":[{"href":"https:\/\/www.deberes.net\/tesis\/wp-json\/wp\/v2\/types\/post"}],"author":[{"embeddable":true,"href":"https:\/\/www.deberes.net\/tesis\/wp-json\/wp\/v2\/users\/1"}],"replies":[{"embeddable":true,"href":"https:\/\/www.deberes.net\/tesis\/wp-json\/wp\/v2\/comments?post=15785"}],"version-history":[{"count":0,"href":"https:\/\/www.deberes.net\/tesis\/wp-json\/wp\/v2\/posts\/15785\/revisions"}],"wp:attachment":[{"href":"https:\/\/www.deberes.net\/tesis\/wp-json\/wp\/v2\/media?parent=15785"}],"wp:term":[{"taxonomy":"category","embeddable":true,"href":"https:\/\/www.deberes.net\/tesis\/wp-json\/wp\/v2\/categories?post=15785"},{"taxonomy":"post_tag","embeddable":true,"href":"https:\/\/www.deberes.net\/tesis\/wp-json\/wp\/v2\/tags?post=15785"}],"curies":[{"name":"wp","href":"https:\/\/api.w.org\/{rel}","templated":true}]}}