{"id":15788,"date":"2018-03-09T09:03:06","date_gmt":"2018-03-09T09:03:06","guid":{"rendered":"https:\/\/www.deberes.net\/tesis\/sin-categoria\/artritis-psoriasica-modelos-cla%c2%adnicos-clasificacion-y-su-validacion-en-una-poblacion-espanola\/"},"modified":"2018-03-09T09:03:06","modified_gmt":"2018-03-09T09:03:06","slug":"artritis-psoriasica-modelos-cla%c2%adnicos-clasificacion-y-su-validacion-en-una-poblacion-espanola","status":"publish","type":"post","link":"https:\/\/www.deberes.net\/tesis\/ciencias-medicas\/artritis-psoriasica-modelos-cla%c2%adnicos-clasificacion-y-su-validacion-en-una-poblacion-espanola\/","title":{"rendered":"Artritis psoriasica: modelos cl\u00ednicos, clasificaci\u00f3n y su validaci\u00f3n en una poblaci\u00f3n espa\u00f1ola"},"content":{"rendered":"<h2>Tesis doctoral de <strong> Carlos Montilla Morales <\/strong><\/h2>\n<p>Introducci\u00f3n  la artritis psori\u00e1sica (aps) es una enfermedad de caracter\u00edsticas heterog\u00e9neas. la presencia de pacientes con formas cl\u00ednicas diversas, que van desde la afectaci\u00f3n axial hasta la artritis exclusiva de i.F.D., Provoca la necesidad de crear patrones de aps con fines clasificatorios y pron\u00f3sticos.  objetivos  1,- definir las formas evolutivas de la aps.  2,- analizar la evoluci\u00f3n de la aps en relaci\u00f3n a los primeros s\u00edntomas atribuibles a la enfermedad.  2.A,- buscar variables en el comienzo de la enfermedad que actuaran como valores predictivos de mala evoluci\u00f3n.  2.B,- comparar las caracter\u00edsticas cl\u00ednicas de los pacientes en relaci\u00f3n a la presencia de entesitis y\/o dactilitis como primera manifestaci\u00f3n de la enfermedad.  2.C,- comparar los pacientes en relaci\u00f3n a la presencia de onicopat\u00eda como primera manifestaci\u00f3n de psoriasis.  2.D,- analizar la influencia en la forma cl\u00ednica de la aps en relaci\u00f3n a la primera manifestaci\u00f3n, articular o d\u00e9rmica, de la enfermedad.  pacientes y m\u00e9todos  el dise\u00f1o del estudio fue de cohortes retrospectivo. Se consider\u00f3 aps \u00ableve\u00bb a los 5 a\u00f1os de evoluci\u00f3n, cuando se encontraba en un estad\u00edo i funcional y radiol\u00f3gico. La aps \u00abmoderada\u00bb fue definida como un estadio funcional ii o i con una de las siguientes condiciones:  1,- utilizaci\u00f3n de al menos dos f\u00e1rmacos modificadores, de forma sucesiva o combinada.  2,- disminuci\u00f3n del rango de movimiento de al menos 20\u00c2\u00ba en m\u00e1s de una y en menos de 4 articulaciones.  3,- estad\u00edo ii radiogr\u00e1fico.  la aps \u00abagresiva\u00bb a los estad\u00edos iii y\/o iv. Por otro lado, los pacientes se agruparon en los patrones de wright y moll a lo largo de la evoluci\u00f3n de la enfermedad. Se consider\u00f3 \u00abforma inclasificable\u00bb a la que compart\u00eda caracter\u00edsticas de varios patrones, o aquella que no cumpl\u00eda los criterios de simetr\u00eda.  resultados  203 pacientes fueron estudiados. Treinta y cuatro pacientes (22,1%) padeciero<\/p>\n<p>&nbsp;<\/p>\n<h3>Datos acad\u00e9micos de la tesis doctoral \u00ab<strong>Artritis psoriasica: modelos cl\u00ednicos, clasificaci\u00f3n y su validaci\u00f3n en una poblaci\u00f3n espa\u00f1ola<\/strong>\u00ab<\/h3>\n<ul>\n<li><strong>T\u00edtulo de la tesis:<\/strong>\u00a0 Artritis psoriasica: modelos cl\u00ednicos, clasificaci\u00f3n y su validaci\u00f3n en una poblaci\u00f3n espa\u00f1ola <\/li>\n<li><strong>Autor:<\/strong>\u00a0 Carlos Montilla Morales <\/li>\n<li><strong>Universidad:<\/strong>\u00a0 C\u00f3rdoba<\/li>\n<li><strong>Fecha de lectura de la tesis:<\/strong>\u00a0 26\/02\/2002<\/li>\n<\/ul>\n<p>&nbsp;<\/p>\n<h3>Direcci\u00f3n y tribunal<\/h3>\n<ul>\n<li><strong>Director de la tesis<\/strong>\n<ul>\n<li>Eduardo Collantes Estevez<\/li>\n<\/ul>\n<\/li>\n<li><strong>Tribunal<\/strong>\n<ul>\n<li>Presidente del tribunal: pedro S\u00e1nchez guijo <\/li>\n<li>Jos\u00e9 Gonz\u00e1lez (vocal)<\/li>\n<li> Hernanz hermosa Jos\u00e9 Manuel (vocal)<\/li>\n<li>Carlos Gonz\u00e1lez (vocal)<\/li>\n<\/ul>\n<\/li>\n<\/ul>\n<p>&nbsp;<\/p>\n","protected":false},"excerpt":{"rendered":"<p>Tesis doctoral de Carlos Montilla Morales Introducci\u00f3n la artritis psori\u00e1sica (aps) es una enfermedad de caracter\u00edsticas heterog\u00e9neas. la presencia de [&hellip;]<\/p>\n","protected":false},"author":1,"featured_media":0,"comment_status":"open","ping_status":"open","sticky":false,"template":"","format":"standard","meta":{"site-sidebar-layout":"default","site-content-layout":"","ast-site-content-layout":"","site-content-style":"default","site-sidebar-style":"default","ast-global-header-display":"","ast-banner-title-visibility":"","ast-main-header-display":"","ast-hfb-above-header-display":"","ast-hfb-below-header-display":"","ast-hfb-mobile-header-display":"","site-post-title":"","ast-breadcrumbs-content":"","ast-featured-img":"","footer-sml-layout":"","theme-transparent-header-meta":"","adv-header-id-meta":"","stick-header-meta":"","header-above-stick-meta":"","header-main-stick-meta":"","header-below-stick-meta":"","astra-migrate-meta-layouts":"default","ast-page-background-enabled":"default","ast-page-background-meta":{"desktop":{"background-color":"var(--ast-global-color-4)","background-image":"","background-repeat":"repeat","background-position":"center center","background-size":"auto","background-attachment":"scroll","background-type":"","background-media":"","overlay-type":"","overlay-color":"","overlay-gradient":""},"tablet":{"background-color":"","background-image":"","background-repeat":"repeat","background-position":"center center","background-size":"auto","background-attachment":"scroll","background-type":"","background-media":"","overlay-type":"","overlay-color":"","overlay-gradient":""},"mobile":{"background-color":"","background-image":"","background-repeat":"repeat","background-position":"center center","background-size":"auto","background-attachment":"scroll","background-type":"","background-media":"","overlay-type":"","overlay-color":"","overlay-gradient":""}},"ast-content-background-meta":{"desktop":{"background-color":"var(--ast-global-color-5)","background-image":"","background-repeat":"repeat","background-position":"center center","background-size":"auto","background-attachment":"scroll","background-type":"","background-media":"","overlay-type":"","overlay-color":"","overlay-gradient":""},"tablet":{"background-color":"var(--ast-global-color-5)","background-image":"","background-repeat":"repeat","background-position":"center center","background-size":"auto","background-attachment":"scroll","background-type":"","background-media":"","overlay-type":"","overlay-color":"","overlay-gradient":""},"mobile":{"background-color":"var(--ast-global-color-5)","background-image":"","background-repeat":"repeat","background-position":"center center","background-size":"auto","background-attachment":"scroll","background-type":"","background-media":"","overlay-type":"","overlay-color":"","overlay-gradient":""}},"footnotes":""},"categories":[9,973,139,877],"tags":[50191,50188,2277,50190,50189,1935],"class_list":["post-15788","post","type-post","status-publish","format-standard","hentry","category-ciencias-medicas","category-cordoba","category-medicina-interna","category-reumatologia","tag-carlos-gonzalez","tag-carlos-montilla-morales","tag-eduardo-collantes-estevez","tag-hernanz-hermosa-jose-manuel","tag-jose-gonzalez","tag-pedro-sanchez-guijo"],"_links":{"self":[{"href":"https:\/\/www.deberes.net\/tesis\/wp-json\/wp\/v2\/posts\/15788","targetHints":{"allow":["GET"]}}],"collection":[{"href":"https:\/\/www.deberes.net\/tesis\/wp-json\/wp\/v2\/posts"}],"about":[{"href":"https:\/\/www.deberes.net\/tesis\/wp-json\/wp\/v2\/types\/post"}],"author":[{"embeddable":true,"href":"https:\/\/www.deberes.net\/tesis\/wp-json\/wp\/v2\/users\/1"}],"replies":[{"embeddable":true,"href":"https:\/\/www.deberes.net\/tesis\/wp-json\/wp\/v2\/comments?post=15788"}],"version-history":[{"count":0,"href":"https:\/\/www.deberes.net\/tesis\/wp-json\/wp\/v2\/posts\/15788\/revisions"}],"wp:attachment":[{"href":"https:\/\/www.deberes.net\/tesis\/wp-json\/wp\/v2\/media?parent=15788"}],"wp:term":[{"taxonomy":"category","embeddable":true,"href":"https:\/\/www.deberes.net\/tesis\/wp-json\/wp\/v2\/categories?post=15788"},{"taxonomy":"post_tag","embeddable":true,"href":"https:\/\/www.deberes.net\/tesis\/wp-json\/wp\/v2\/tags?post=15788"}],"curies":[{"name":"wp","href":"https:\/\/api.w.org\/{rel}","templated":true}]}}