{"id":15791,"date":"2018-03-09T09:03:06","date_gmt":"2018-03-09T09:03:06","guid":{"rendered":"https:\/\/www.deberes.net\/tesis\/sin-categoria\/la-guerra-civil-en-cuenca-1936-1939\/"},"modified":"2018-03-09T09:03:06","modified_gmt":"2018-03-09T09:03:06","slug":"la-guerra-civil-en-cuenca-1936-1939","status":"publish","type":"post","link":"https:\/\/www.deberes.net\/tesis\/historia\/la-guerra-civil-en-cuenca-1936-1939\/","title":{"rendered":"La guerra civil en cuenca 1936-1939"},"content":{"rendered":"<h2>Tesis doctoral de <strong>  Rodr\u00edguez Pati\u00f1o Ana Bel\u00e9n <\/strong><\/h2>\n<p>La provincia de cuenca permaneci\u00f3 desde el inicio mismo de la contenida, el 18 de julio de 1936, hasta su conclusi\u00f3n definitiva, en marzo de 1939, en el bando republicano. Por su situaci\u00f3n alejada de los frentes y su escaso inter\u00e9s militar, tuvo que adaptarse a las nuevas situaciones que el devenir de la guerra impon\u00eda. La presente tesis incide tanto en el contexto previo como en el intento de sublevaci\u00f3n y el posterior asentamiento del conflicto. se analiza de manera especial la proyecci\u00f3n que la guerra tuvo sobre los habitantes de la provincia y su vida cotidiana, as\u00ed como las nuevas estructuras creadas, capaces de dar salida a las m\u00faltiples necesidades de la retaguardia.<\/p>\n<p>&nbsp;<\/p>\n<h3>Datos acad\u00e9micos de la tesis doctoral \u00ab<strong>La guerra civil en cuenca 1936-1939<\/strong>\u00ab<\/h3>\n<ul>\n<li><strong>T\u00edtulo de la tesis:<\/strong>\u00a0 La guerra civil en cuenca 1936-1939 <\/li>\n<li><strong>Autor:<\/strong>\u00a0  Rodr\u00edguez Pati\u00f1o Ana Bel\u00e9n <\/li>\n<li><strong>Universidad:<\/strong>\u00a0 Complutense de Madrid<\/li>\n<li><strong>Fecha de lectura de la tesis:<\/strong>\u00a0 26\/02\/2002<\/li>\n<\/ul>\n<p>&nbsp;<\/p>\n<h3>Direcci\u00f3n y tribunal<\/h3>\n<ul>\n<li><strong>Director de la tesis<\/strong>\n<ul>\n<li> Mart\u00ednez Mart\u00edn Jes\u00fas A.<\/li>\n<\/ul>\n<\/li>\n<li><strong>Tribunal<\/strong>\n<ul>\n<li>Presidente del tribunal: octavio Ru\u00edz maanjon-cabeza <\/li>\n<li>\u00e1ngel Luis L\u00f3pez villaverde (vocal)<\/li>\n<li>Miguel angel Troiti\u00f1o vinuesa (vocal)<\/li>\n<li>Javier Cervera gil (vocal)<\/li>\n<\/ul>\n<\/li>\n<\/ul>\n<p>&nbsp;<\/p>\n","protected":false},"excerpt":{"rendered":"<p>Tesis doctoral de Rodr\u00edguez Pati\u00f1o Ana Bel\u00e9n La provincia de cuenca permaneci\u00f3 desde el inicio mismo de la contenida, el [&hellip;]<\/p>\n","protected":false},"author":1,"featured_media":0,"comment_status":"open","ping_status":"open","sticky":false,"template":"","format":"standard","meta":{"site-sidebar-layout":"default","site-content-layout":"","ast-site-content-layout":"","site-content-style":"default","site-sidebar-style":"default","ast-global-header-display":"","ast-banner-title-visibility":"","ast-main-header-display":"","ast-hfb-above-header-display":"","ast-hfb-below-header-display":"","ast-hfb-mobile-header-display":"","site-post-title":"","ast-breadcrumbs-content":"","ast-featured-img":"","footer-sml-layout":"","theme-transparent-header-meta":"","adv-header-id-meta":"","stick-header-meta":"","header-above-stick-meta":"","header-main-stick-meta":"","header-below-stick-meta":"","astra-migrate-meta-layouts":"default","ast-page-background-enabled":"default","ast-page-background-meta":{"desktop":{"background-color":"var(--ast-global-color-4)","background-image":"","background-repeat":"repeat","background-position":"center center","background-size":"auto","background-attachment":"scroll","background-type":"","background-media":"","overlay-type":"","overlay-color":"","overlay-gradient":""},"tablet":{"background-color":"","background-image":"","background-repeat":"repeat","background-position":"center center","background-size":"auto","background-attachment":"scroll","background-type":"","background-media":"","overlay-type":"","overlay-color":"","overlay-gradient":""},"mobile":{"background-color":"","background-image":"","background-repeat":"repeat","background-position":"center center","background-size":"auto","background-attachment":"scroll","background-type":"","background-media":"","overlay-type":"","overlay-color":"","overlay-gradient":""}},"ast-content-background-meta":{"desktop":{"background-color":"var(--ast-global-color-5)","background-image":"","background-repeat":"repeat","background-position":"center center","background-size":"auto","background-attachment":"scroll","background-type":"","background-media":"","overlay-type":"","overlay-color":"","overlay-gradient":""},"tablet":{"background-color":"var(--ast-global-color-5)","background-image":"","background-repeat":"repeat","background-position":"center center","background-size":"auto","background-attachment":"scroll","background-type":"","background-media":"","overlay-type":"","overlay-color":"","overlay-gradient":""},"mobile":{"background-color":"var(--ast-global-color-5)","background-image":"","background-repeat":"repeat","background-position":"center center","background-size":"auto","background-attachment":"scroll","background-type":"","background-media":"","overlay-type":"","overlay-color":"","overlay-gradient":""}},"footnotes":""},"categories":[104,1816,413,220,222],"tags":[18504,50202,23093,4466,50201,50200],"class_list":["post-15791","post","type-post","status-publish","format-standard","hentry","category-historia","category-historia-contemporanea","category-historia-de-la-guerra","category-historia-por-epocas","category-historias-especializadas","tag-angel-luis-lopez-villaverde","tag-javier-cervera-gil","tag-Martinez-martin-jesus-a","tag-miguel-angel-troitino-vinuesa","tag-octavio-ruiz-maanjon-cabeza","tag-rodriguez-patino-ana-belen"],"_links":{"self":[{"href":"https:\/\/www.deberes.net\/tesis\/wp-json\/wp\/v2\/posts\/15791","targetHints":{"allow":["GET"]}}],"collection":[{"href":"https:\/\/www.deberes.net\/tesis\/wp-json\/wp\/v2\/posts"}],"about":[{"href":"https:\/\/www.deberes.net\/tesis\/wp-json\/wp\/v2\/types\/post"}],"author":[{"embeddable":true,"href":"https:\/\/www.deberes.net\/tesis\/wp-json\/wp\/v2\/users\/1"}],"replies":[{"embeddable":true,"href":"https:\/\/www.deberes.net\/tesis\/wp-json\/wp\/v2\/comments?post=15791"}],"version-history":[{"count":0,"href":"https:\/\/www.deberes.net\/tesis\/wp-json\/wp\/v2\/posts\/15791\/revisions"}],"wp:attachment":[{"href":"https:\/\/www.deberes.net\/tesis\/wp-json\/wp\/v2\/media?parent=15791"}],"wp:term":[{"taxonomy":"category","embeddable":true,"href":"https:\/\/www.deberes.net\/tesis\/wp-json\/wp\/v2\/categories?post=15791"},{"taxonomy":"post_tag","embeddable":true,"href":"https:\/\/www.deberes.net\/tesis\/wp-json\/wp\/v2\/tags?post=15791"}],"curies":[{"name":"wp","href":"https:\/\/api.w.org\/{rel}","templated":true}]}}