{"id":15808,"date":"2018-03-09T09:03:07","date_gmt":"2018-03-09T09:03:07","guid":{"rendered":"https:\/\/www.deberes.net\/tesis\/sin-categoria\/variaciones-temporales-del-nivel-del-mar-aplicaciones-geodesicas-geofisicas-y-oceanograficas\/"},"modified":"2018-03-09T09:03:07","modified_gmt":"2018-03-09T09:03:07","slug":"variaciones-temporales-del-nivel-del-mar-aplicaciones-geodesicas-geofisicas-y-oceanograficas","status":"publish","type":"post","link":"https:\/\/www.deberes.net\/tesis\/ciencias-de-la-tierra-y-del-espacio\/variaciones-temporales-del-nivel-del-mar-aplicaciones-geodesicas-geofisicas-y-oceanograficas\/","title":{"rendered":"Variaciones temporales del nivel del mar. aplicaciones geodesicas, geofisicas y oceanograficas"},"content":{"rendered":"<h2>Tesis doctoral de <strong> Esther Gil Cid <\/strong><\/h2>\n<p>El estudio e interpretaci\u00f3n de los diversos aspectos de la variabilidad del nivel del mar, constituye el objetivo central de la memoria presentada por e. Gil cid. Las investigaciones se han encaminado a obtener, con la mayor precisi\u00f3n posible, la posici\u00f3n relativa del nivel medio del oc\u00e9ano en \u00e1reas costeras, para lo que se ha desarrollado una metodolog\u00eda consistente, en esencia, en un tratamiento matem\u00e1tico de an\u00e1lisis, modelizaci\u00f3n, tanto te\u00f3rica como experimental, y posterior eliminaci\u00f3n de las principales perturbaciones de su superficie libre, para la determinaci\u00f3n de una tendencia del nivel medio del oc\u00e9ano.  la memoria est\u00e1 estructurada en 5 grandes bloques. Tras un primer cap\u00edtulo en el que ya se plantean los objetivos del trabajo, se efect\u00faa una aproximaci\u00f3n general al problema del nivel medio del oc\u00e9ano, que se lleva a cabo en el cap\u00edtulo segundo, estableciendo asimismo las l\u00edneas de actuaci\u00f3n. Tras el planteamiento del problema, se estudian las variaciones temporales en diferentes escalas de tiempo, sus causas y consecuencias, as\u00ed como las l\u00edneas de actuaci\u00f3n que se pueden adoptar para la determinaci\u00f3n del nivel medio.  en el siguiente cap\u00edtulo de la memoria se analizan las condiciones que deben verificarse en los emplazamientos para que un estudio de estas caracter\u00edsticas, as\u00ed como la etapa de preproceso efectuada sobre las mismas y el desarrollo de un m\u00e9todo para la correcci\u00f3n de errores e interpolaci\u00f3n de lagunas.  la metodolog\u00eda aplicada se basa en la eliminaci\u00f3n de fen\u00f3menos perturbadores, que son estudiados y eliminados a continuaci\u00f3n. Comienza, en el cap\u00edtulo cuarto con los de mayor magnitud, las mareas, apartado donde se ha incluido, asimismo, sus modulaciones astron\u00f3micas y las interacciones no lineales entre constituyentes arm\u00f3nicos, que limitan, cl\u00e1sicamente, la precisi\u00f3n en la determinaci\u00f3n del nivel medio. A continuaci\u00f3n se han considerado las perturbaciones atmosf\u00e9ricas,<\/p>\n<p>&nbsp;<\/p>\n<h3>Datos acad\u00e9micos de la tesis doctoral \u00ab<strong>Variaciones temporales del nivel del mar. aplicaciones geodesicas, geofisicas y oceanograficas<\/strong>\u00ab<\/h3>\n<ul>\n<li><strong>T\u00edtulo de la tesis:<\/strong>\u00a0 Variaciones temporales del nivel del mar. aplicaciones geodesicas, geofisicas y oceanograficas <\/li>\n<li><strong>Autor:<\/strong>\u00a0 Esther Gil Cid <\/li>\n<li><strong>Universidad:<\/strong>\u00a0 Complutense de Madrid<\/li>\n<li><strong>Fecha de lectura de la tesis:<\/strong>\u00a0 27\/02\/2002<\/li>\n<\/ul>\n<p>&nbsp;<\/p>\n<h3>Direcci\u00f3n y tribunal<\/h3>\n<ul>\n<li><strong>Director de la tesis<\/strong>\n<ul>\n<li> Toro Llaca Carmen De<\/li>\n<\/ul>\n<\/li>\n<li><strong>Tribunal<\/strong>\n<ul>\n<li>Presidente del tribunal:  Sevilla de lerma Miguel j. <\/li>\n<li>Luis marino Santana rodriguez (vocal)<\/li>\n<li>ricardo Vieira d\u00edaz (vocal)<\/li>\n<li> Gonz\u00e1lez camacho Antonio  j. (vocal)<\/li>\n<\/ul>\n<\/li>\n<\/ul>\n<p>&nbsp;<\/p>\n","protected":false},"excerpt":{"rendered":"<p>Tesis doctoral de Esther Gil Cid El estudio e interpretaci\u00f3n de los diversos aspectos de la variabilidad del nivel del [&hellip;]<\/p>\n","protected":false},"author":1,"featured_media":0,"comment_status":"open","ping_status":"open","sticky":false,"template":"","format":"standard","meta":{"site-sidebar-layout":"default","site-content-layout":"","ast-site-content-layout":"","site-content-style":"default","site-sidebar-style":"default","ast-global-header-display":"","ast-banner-title-visibility":"","ast-main-header-display":"","ast-hfb-above-header-display":"","ast-hfb-below-header-display":"","ast-hfb-mobile-header-display":"","site-post-title":"","ast-breadcrumbs-content":"","ast-featured-img":"","footer-sml-layout":"","theme-transparent-header-meta":"","adv-header-id-meta":"","stick-header-meta":"","header-above-stick-meta":"","header-main-stick-meta":"","header-below-stick-meta":"","astra-migrate-meta-layouts":"default","ast-page-background-enabled":"default","ast-page-background-meta":{"desktop":{"background-color":"var(--ast-global-color-4)","background-image":"","background-repeat":"repeat","background-position":"center center","background-size":"auto","background-attachment":"scroll","background-type":"","background-media":"","overlay-type":"","overlay-color":"","overlay-gradient":""},"tablet":{"background-color":"","background-image":"","background-repeat":"repeat","background-position":"center center","background-size":"auto","background-attachment":"scroll","background-type":"","background-media":"","overlay-type":"","overlay-color":"","overlay-gradient":""},"mobile":{"background-color":"","background-image":"","background-repeat":"repeat","background-position":"center center","background-size":"auto","background-attachment":"scroll","background-type":"","background-media":"","overlay-type":"","overlay-color":"","overlay-gradient":""}},"ast-content-background-meta":{"desktop":{"background-color":"var(--ast-global-color-5)","background-image":"","background-repeat":"repeat","background-position":"center center","background-size":"auto","background-attachment":"scroll","background-type":"","background-media":"","overlay-type":"","overlay-color":"","overlay-gradient":""},"tablet":{"background-color":"var(--ast-global-color-5)","background-image":"","background-repeat":"repeat","background-position":"center center","background-size":"auto","background-attachment":"scroll","background-type":"","background-media":"","overlay-type":"","overlay-color":"","overlay-gradient":""},"mobile":{"background-color":"var(--ast-global-color-5)","background-image":"","background-repeat":"repeat","background-position":"center center","background-size":"auto","background-attachment":"scroll","background-type":"","background-media":"","overlay-type":"","overlay-color":"","overlay-gradient":""}},"footnotes":""},"categories":[27,470,953,228,1876],"tags":[50252,36219,31580,36217,50254,50253],"class_list":["post-15808","post","type-post","status-publish","format-standard","hentry","category-ciencias-de-la-tierra-y-del-espacio","category-exploraciones-geologicas","category-geologia","category-oceanografia","category-oceanografia-fisica","tag-esther-gil-cid","tag-gonzalez-camacho-antonio-j","tag-luis-marino-santana-rodriguez","tag-ricardo-vieira-diaz","tag-sevilla-de-lerma-miguel-j","tag-toro-llaca-carmen-de"],"_links":{"self":[{"href":"https:\/\/www.deberes.net\/tesis\/wp-json\/wp\/v2\/posts\/15808","targetHints":{"allow":["GET"]}}],"collection":[{"href":"https:\/\/www.deberes.net\/tesis\/wp-json\/wp\/v2\/posts"}],"about":[{"href":"https:\/\/www.deberes.net\/tesis\/wp-json\/wp\/v2\/types\/post"}],"author":[{"embeddable":true,"href":"https:\/\/www.deberes.net\/tesis\/wp-json\/wp\/v2\/users\/1"}],"replies":[{"embeddable":true,"href":"https:\/\/www.deberes.net\/tesis\/wp-json\/wp\/v2\/comments?post=15808"}],"version-history":[{"count":0,"href":"https:\/\/www.deberes.net\/tesis\/wp-json\/wp\/v2\/posts\/15808\/revisions"}],"wp:attachment":[{"href":"https:\/\/www.deberes.net\/tesis\/wp-json\/wp\/v2\/media?parent=15808"}],"wp:term":[{"taxonomy":"category","embeddable":true,"href":"https:\/\/www.deberes.net\/tesis\/wp-json\/wp\/v2\/categories?post=15808"},{"taxonomy":"post_tag","embeddable":true,"href":"https:\/\/www.deberes.net\/tesis\/wp-json\/wp\/v2\/tags?post=15808"}],"curies":[{"name":"wp","href":"https:\/\/api.w.org\/{rel}","templated":true}]}}