{"id":15812,"date":"2018-03-09T09:03:08","date_gmt":"2018-03-09T09:03:08","guid":{"rendered":"https:\/\/www.deberes.net\/tesis\/sin-categoria\/el-curriculum-de-la-escuela-secundaria-basica-del-medio-rural-una-propuesta-para-el-ambito-cubano\/"},"modified":"2018-03-09T09:03:08","modified_gmt":"2018-03-09T09:03:08","slug":"el-curriculum-de-la-escuela-secundaria-basica-del-medio-rural-una-propuesta-para-el-ambito-cubano","status":"publish","type":"post","link":"https:\/\/www.deberes.net\/tesis\/pedagogia\/el-curriculum-de-la-escuela-secundaria-basica-del-medio-rural-una-propuesta-para-el-ambito-cubano\/","title":{"rendered":"El curriculum de la escuela secundaria b\u00e1sica del medio rural: una propuesta para el \u00e1mbito cubano"},"content":{"rendered":"<h2>Tesis doctoral de <strong> Fernando Carlos Aguero Contreras <\/strong><\/h2>\n<p>Esta investigaci\u00f3n  analiza la perspectiva cualitativa, etnogr\u00e1fica, la interacci\u00f3n curriculum escolar &#8211; cultura comunitaria en el \u00e1rea rural de cuba. A partir de un estudio de casos m\u00faltiples, en una comunidad rural de la provincia de cienfuegos y dos escuelas ubicadas en ellas (una escuela primaria y una escuela secundaria) se estudian las condiciones ecol\u00f3gicas, sociales y culturales alrededor de cada una de ellas, revelando como en la perspectiva hist\u00f3rica, aun cuando muchos procesos evolutivos condujeron a la formaci\u00f3n de rasgos comunes, el desarrollo social ha propiciado un conjunto de caracter\u00edsticas sociales, econ\u00f3micas y esperituales en el seno de  estas comunidades de grandes implicaciones para la familia, la estructura social clasista, las que determinan particularidades y especificidades de vida espiritual y de la visi\u00f3n del mundo.  tanto la cultura material como la espiritual del espacio rural se fueron modificando favorablemente en la medida en que avanz\u00f3 el desarrollo social con el proceso pol\u00edtico y las transformaciones emprendidas desde 1959. creci\u00f3 la urbanizaci\u00f3n, se desarroll\u00f3 una infraestructura de servicios sociales que expandi\u00f3 las formas y estilos de vida urbanos, se humaniz\u00f3 el trabajo sobre la base de la t\u00e9cnica y la aplicaci\u00f3n de la ciencia, lo cual gener\u00f3 contradicciones con el modelo productivo en tanto y junto con el despoblamiento rural, creci\u00f3 el d\u00e9ficit de fuerza de trabajo, apareci\u00f3 una cierta homogeneizaci\u00f3n social del campo, se revelaron la ineficiencia y fallas en la organizaci\u00f3n y direcci\u00f3n de la producci\u00f3n. Como consecuencia de estos procesos se debilita la identidad cutlural de las comunidades y el trabajo agr\u00edcola se desvaloriza.  el desarrollo de la pol\u00edtica educacional encaminada a vincular el estudio con el trabajo y la escuela con la vida aun cuando tiene el pensamiento pedag\u00f3gico una amplia tradici\u00f3n y la creaci\u00f3n de las escuelas secundarias en el campo desemp<\/p>\n<p>&nbsp;<\/p>\n<h3>Datos acad\u00e9micos de la tesis doctoral \u00ab<strong>El curriculum de la escuela secundaria b\u00e1sica del medio rural: una propuesta para el \u00e1mbito cubano<\/strong>\u00ab<\/h3>\n<ul>\n<li><strong>T\u00edtulo de la tesis:<\/strong>\u00a0 El curriculum de la escuela secundaria b\u00e1sica del medio rural: una propuesta para el \u00e1mbito cubano <\/li>\n<li><strong>Autor:<\/strong>\u00a0 Fernando Carlos Aguero Contreras <\/li>\n<li><strong>Universidad:<\/strong>\u00a0 Oviedo<\/li>\n<li><strong>Fecha de lectura de la tesis:<\/strong>\u00a0 27\/02\/2002<\/li>\n<\/ul>\n<p>&nbsp;<\/p>\n<h3>Direcci\u00f3n y tribunal<\/h3>\n<ul>\n<li><strong>Director de la tesis<\/strong>\n<ul>\n<li>Jos\u00e9 Luis San Fabian Maroto<\/li>\n<\/ul>\n<\/li>\n<li><strong>Tribunal<\/strong>\n<ul>\n<li>Presidente del tribunal:  Bouzada fern\u00e1ndez d. xan. m. <\/li>\n<li> Gonz\u00e1lez cano Jos\u00e9 de la c. (vocal)<\/li>\n<li>cecilia Diaz mendez (vocal)<\/li>\n<li> Corch\u00f3n \u00e1lvarez d. edualdo (vocal)<\/li>\n<\/ul>\n<\/li>\n<\/ul>\n<p>&nbsp;<\/p>\n","protected":false},"excerpt":{"rendered":"<p>Tesis doctoral de Fernando Carlos Aguero Contreras Esta investigaci\u00f3n analiza la perspectiva cualitativa, etnogr\u00e1fica, la interacci\u00f3n curriculum escolar &#8211; cultura [&hellip;]<\/p>\n","protected":false},"author":1,"featured_media":0,"comment_status":"open","ping_status":"open","sticky":false,"template":"","format":"standard","meta":{"site-sidebar-layout":"default","site-content-layout":"","ast-site-content-layout":"","site-content-style":"default","site-sidebar-style":"default","ast-global-header-display":"","ast-banner-title-visibility":"","ast-main-header-display":"","ast-hfb-above-header-display":"","ast-hfb-below-header-display":"","ast-hfb-mobile-header-display":"","site-post-title":"","ast-breadcrumbs-content":"","ast-featured-img":"","footer-sml-layout":"","theme-transparent-header-meta":"","adv-header-id-meta":"","stick-header-meta":"","header-above-stick-meta":"","header-main-stick-meta":"","header-below-stick-meta":"","astra-migrate-meta-layouts":"default","ast-page-background-enabled":"default","ast-page-background-meta":{"desktop":{"background-color":"var(--ast-global-color-4)","background-image":"","background-repeat":"repeat","background-position":"center center","background-size":"auto","background-attachment":"scroll","background-type":"","background-media":"","overlay-type":"","overlay-color":"","overlay-gradient":""},"tablet":{"background-color":"","background-image":"","background-repeat":"repeat","background-position":"center center","background-size":"auto","background-attachment":"scroll","background-type":"","background-media":"","overlay-type":"","overlay-color":"","overlay-gradient":""},"mobile":{"background-color":"","background-image":"","background-repeat":"repeat","background-position":"center center","background-size":"auto","background-attachment":"scroll","background-type":"","background-media":"","overlay-type":"","overlay-color":"","overlay-gradient":""}},"ast-content-background-meta":{"desktop":{"background-color":"var(--ast-global-color-5)","background-image":"","background-repeat":"repeat","background-position":"center center","background-size":"auto","background-attachment":"scroll","background-type":"","background-media":"","overlay-type":"","overlay-color":"","overlay-gradient":""},"tablet":{"background-color":"var(--ast-global-color-5)","background-image":"","background-repeat":"repeat","background-position":"center center","background-size":"auto","background-attachment":"scroll","background-type":"","background-media":"","overlay-type":"","overlay-color":"","overlay-gradient":""},"mobile":{"background-color":"var(--ast-global-color-5)","background-image":"","background-repeat":"repeat","background-position":"center center","background-size":"auto","background-attachment":"scroll","background-type":"","background-media":"","overlay-type":"","overlay-color":"","overlay-gradient":""}},"footnotes":""},"categories":[2623,1184,8846,1141,1340,1341],"tags":[50264,50266,50267,50263,50265,8009],"class_list":["post-15812","post","type-post","status-publish","format-standard","hentry","category-educacion-basica","category-organizacion-y-planificacion-de-la-educacion","category-oviedo","category-pedagogia","category-planes-de-estudios","category-teoria-y-metodos-educativos","tag-bouzada-fernandez-d-xan-m","tag-cecilia-diaz-mendez","tag-corchon-alvarez-d-edualdo","tag-fernando-carlos-agaero-contreras","tag-gonzalez-cano-jose-de-la-c","tag-jose-luis-san-fabian-maroto"],"_links":{"self":[{"href":"https:\/\/www.deberes.net\/tesis\/wp-json\/wp\/v2\/posts\/15812","targetHints":{"allow":["GET"]}}],"collection":[{"href":"https:\/\/www.deberes.net\/tesis\/wp-json\/wp\/v2\/posts"}],"about":[{"href":"https:\/\/www.deberes.net\/tesis\/wp-json\/wp\/v2\/types\/post"}],"author":[{"embeddable":true,"href":"https:\/\/www.deberes.net\/tesis\/wp-json\/wp\/v2\/users\/1"}],"replies":[{"embeddable":true,"href":"https:\/\/www.deberes.net\/tesis\/wp-json\/wp\/v2\/comments?post=15812"}],"version-history":[{"count":0,"href":"https:\/\/www.deberes.net\/tesis\/wp-json\/wp\/v2\/posts\/15812\/revisions"}],"wp:attachment":[{"href":"https:\/\/www.deberes.net\/tesis\/wp-json\/wp\/v2\/media?parent=15812"}],"wp:term":[{"taxonomy":"category","embeddable":true,"href":"https:\/\/www.deberes.net\/tesis\/wp-json\/wp\/v2\/categories?post=15812"},{"taxonomy":"post_tag","embeddable":true,"href":"https:\/\/www.deberes.net\/tesis\/wp-json\/wp\/v2\/tags?post=15812"}],"curies":[{"name":"wp","href":"https:\/\/api.w.org\/{rel}","templated":true}]}}