{"id":15827,"date":"2018-03-09T09:03:09","date_gmt":"2018-03-09T09:03:09","guid":{"rendered":"https:\/\/www.deberes.net\/tesis\/sin-categoria\/aspectos-procesales-de-la-ley-organica-1-1996-de-15-de-enero-sobre-proteccion-civil-del-menor\/"},"modified":"2018-03-09T09:03:09","modified_gmt":"2018-03-09T09:03:09","slug":"aspectos-procesales-de-la-ley-organica-1-1996-de-15-de-enero-sobre-proteccion-civil-del-menor","status":"publish","type":"post","link":"https:\/\/www.deberes.net\/tesis\/ciencias-juridicas-y-derecho\/aspectos-procesales-de-la-ley-organica-1-1996-de-15-de-enero-sobre-proteccion-civil-del-menor\/","title":{"rendered":"Aspectos procesales de la ley org\u00e1nica 1\/1996, de 15 de enero sobre protecci\u00f3n civil del menor"},"content":{"rendered":"<h2>Tesis doctoral de <strong> Mar Mont\u00f3n Garc\u00eda <\/strong><\/h2>\n<p>Se aborda aqu\u00ed el tratamiento de los menores de edad en el \u00e1mbito de las relaciones civiles, sobre la base de una ley muy espec\u00edfica, y circunscribi\u00e9ndolo al terreno estrictamente procesal.  en su estudio se plantean tres cuestiones esenciales:  1,- la protecci\u00f3n institucional prevista para la protecci\u00f3n de menores, se\u00f1alando el papel que cumplen tanto los jueces como el ministerio fiscal.  2,- aquellos derechos que se consideran dignos de consideraci\u00f3n especial cuando se ejercitan por menores, y cuales son esas especialidades.  3,- algunas de las cuestiones que, desde el punto de vista procesal parecen m\u00e1s interesantes como son:  a,- el planteamiento ante los tribunales de pretensiones relacionadas con la forma de presentarse alimentos.  b,- la manera de proteger los intereses de los menores cuando deben defenderse por terceros.  c,- esencialmente y como tema nuclear, las soluciones que se ofrecen para resolver el conocido como \u00absecuestro internacional de menores\u00bb, lo que lleva a conocer tanto el contenido y alcance de los tratados en que se regula, como la normativa aplicable en espa\u00f1a por nuestros tribunales y las consecuencias de este especial tipo de conflictos.<\/p>\n<p>&nbsp;<\/p>\n<h3>Datos acad\u00e9micos de la tesis doctoral \u00ab<strong>Aspectos procesales de la ley org\u00e1nica 1\/1996, de 15 de enero sobre protecci\u00f3n civil del menor<\/strong>\u00ab<\/h3>\n<ul>\n<li><strong>T\u00edtulo de la tesis:<\/strong>\u00a0 Aspectos procesales de la ley org\u00e1nica 1\/1996, de 15 de enero sobre protecci\u00f3n civil del menor <\/li>\n<li><strong>Autor:<\/strong>\u00a0 Mar Mont\u00f3n Garc\u00eda <\/li>\n<li><strong>Universidad:<\/strong>\u00a0 Complutense de Madrid<\/li>\n<li><strong>Fecha de lectura de la tesis:<\/strong>\u00a0 28\/02\/2002<\/li>\n<\/ul>\n<p>&nbsp;<\/p>\n<h3>Direcci\u00f3n y tribunal<\/h3>\n<ul>\n<li><strong>Director de la tesis<\/strong>\n<ul>\n<li>Andr\u00e9s De La Oliva Santos<\/li>\n<\/ul>\n<\/li>\n<li><strong>Tribunal<\/strong>\n<ul>\n<li>Presidente del tribunal: jose Iturmendi morales <\/li>\n<li>angel Bonet navarro (vocal)<\/li>\n<li>Jorge Carreras llansana (vocal)<\/li>\n<li>Juan  Carlos Caba\u00f1as Garc\u00eda (vocal)<\/li>\n<\/ul>\n<\/li>\n<\/ul>\n<p>&nbsp;<\/p>\n","protected":false},"excerpt":{"rendered":"<p>Tesis doctoral de Mar Mont\u00f3n Garc\u00eda Se aborda aqu\u00ed el tratamiento de los menores de edad en el \u00e1mbito de [&hellip;]<\/p>\n","protected":false},"author":1,"featured_media":0,"comment_status":"open","ping_status":"open","sticky":false,"template":"","format":"standard","meta":{"site-sidebar-layout":"default","site-content-layout":"","ast-site-content-layout":"","site-content-style":"default","site-sidebar-style":"default","ast-global-header-display":"","ast-banner-title-visibility":"","ast-main-header-display":"","ast-hfb-above-header-display":"","ast-hfb-below-header-display":"","ast-hfb-mobile-header-display":"","site-post-title":"","ast-breadcrumbs-content":"","ast-featured-img":"","footer-sml-layout":"","theme-transparent-header-meta":"","adv-header-id-meta":"","stick-header-meta":"","header-above-stick-meta":"","header-main-stick-meta":"","header-below-stick-meta":"","astra-migrate-meta-layouts":"default","ast-page-background-enabled":"default","ast-page-background-meta":{"desktop":{"background-color":"var(--ast-global-color-4)","background-image":"","background-repeat":"repeat","background-position":"center center","background-size":"auto","background-attachment":"scroll","background-type":"","background-media":"","overlay-type":"","overlay-color":"","overlay-gradient":""},"tablet":{"background-color":"","background-image":"","background-repeat":"repeat","background-position":"center center","background-size":"auto","background-attachment":"scroll","background-type":"","background-media":"","overlay-type":"","overlay-color":"","overlay-gradient":""},"mobile":{"background-color":"","background-image":"","background-repeat":"repeat","background-position":"center center","background-size":"auto","background-attachment":"scroll","background-type":"","background-media":"","overlay-type":"","overlay-color":"","overlay-gradient":""}},"ast-content-background-meta":{"desktop":{"background-color":"var(--ast-global-color-5)","background-image":"","background-repeat":"repeat","background-position":"center center","background-size":"auto","background-attachment":"scroll","background-type":"","background-media":"","overlay-type":"","overlay-color":"","overlay-gradient":""},"tablet":{"background-color":"var(--ast-global-color-5)","background-image":"","background-repeat":"repeat","background-position":"center center","background-size":"auto","background-attachment":"scroll","background-type":"","background-media":"","overlay-type":"","overlay-color":"","overlay-gradient":""},"mobile":{"background-color":"var(--ast-global-color-5)","background-image":"","background-repeat":"repeat","background-position":"center center","background-size":"auto","background-attachment":"scroll","background-type":"","background-media":"","overlay-type":"","overlay-color":"","overlay-gradient":""}},"footnotes":""},"categories":[612,3620,3621],"tags":[3626,4856,50300,4854,50301,50299],"class_list":["post-15827","post","type-post","status-publish","format-standard","hentry","category-ciencias-juridicas-y-derecho","category-derecho-procesal","category-organizacion-juridica","tag-andres-de-la-oliva-santos","tag-angel-bonet-navarro","tag-jorge-carreras-llansana","tag-jose-iturmendi-morales","tag-juan-carlos-cabanas-garcia","tag-mar-monton-garcia"],"_links":{"self":[{"href":"https:\/\/www.deberes.net\/tesis\/wp-json\/wp\/v2\/posts\/15827","targetHints":{"allow":["GET"]}}],"collection":[{"href":"https:\/\/www.deberes.net\/tesis\/wp-json\/wp\/v2\/posts"}],"about":[{"href":"https:\/\/www.deberes.net\/tesis\/wp-json\/wp\/v2\/types\/post"}],"author":[{"embeddable":true,"href":"https:\/\/www.deberes.net\/tesis\/wp-json\/wp\/v2\/users\/1"}],"replies":[{"embeddable":true,"href":"https:\/\/www.deberes.net\/tesis\/wp-json\/wp\/v2\/comments?post=15827"}],"version-history":[{"count":0,"href":"https:\/\/www.deberes.net\/tesis\/wp-json\/wp\/v2\/posts\/15827\/revisions"}],"wp:attachment":[{"href":"https:\/\/www.deberes.net\/tesis\/wp-json\/wp\/v2\/media?parent=15827"}],"wp:term":[{"taxonomy":"category","embeddable":true,"href":"https:\/\/www.deberes.net\/tesis\/wp-json\/wp\/v2\/categories?post=15827"},{"taxonomy":"post_tag","embeddable":true,"href":"https:\/\/www.deberes.net\/tesis\/wp-json\/wp\/v2\/tags?post=15827"}],"curies":[{"name":"wp","href":"https:\/\/api.w.org\/{rel}","templated":true}]}}