{"id":15840,"date":"2018-03-09T09:03:10","date_gmt":"2018-03-09T09:03:10","guid":{"rendered":"https:\/\/www.deberes.net\/tesis\/sin-categoria\/les-cera-miques-de-produccio-iba%c2%a8rica-de-sant-julia-de-ramis-el-poblat-i-els-camps-de-sitges\/"},"modified":"2018-03-09T09:03:10","modified_gmt":"2018-03-09T09:03:10","slug":"les-cera-miques-de-produccio-iba%c2%a8rica-de-sant-julia-de-ramis-el-poblat-i-els-camps-de-sitges","status":"publish","type":"post","link":"https:\/\/www.deberes.net\/tesis\/historia\/les-cera-miques-de-produccio-iba%c2%a8rica-de-sant-julia-de-ramis-el-poblat-i-els-camps-de-sitges\/","title":{"rendered":"Les cer\u00c1\u00a0miques de producci\u00f3 ib\u00e9rica de sant juli\u00e1 de ramis: el poblat i els camps de sitges"},"content":{"rendered":"<h2>Tesis doctoral de <strong> Jordi Sagrera Aradilla <\/strong><\/h2>\n<p>El trabajo analiza las distintas cer\u00e1micas de producci\u00f3n ib\u00e9rica halladas en el poblado de sant juli\u00e1 de ramis y en dos campos de silos adyacentes: el bosc del congost y el camp dels escalers.  el oppidum se encuentra a unos 6 km al norte de la ciudad de gerona encaramado sobre la monta\u00f1a de sant juli\u00ed\u00a0. Con sus 4 hectareas de superficie pasa por ser un enclave mediano y de excepcional posici\u00f3n geoestrat\u00e9gica. a sus pies, en el llano y a la vera del rio ter, se localizan las agrupaciones de silos mencionados. \u00e9S un poblado mediano que representa un modelo perfecto pues recoge las caracter\u00edsticas comunes e intr\u00ednsecas del poblamiento ib\u00e9rico de la regi\u00f3n. Desde el punto de vista ceramol\u00f3gico se traduce por una escasez cr\u00f3nica de importancias (un 2%) frente a una riqueza notable en cantidad y variedad de unas cer\u00e1micas ib\u00e9ricas mal conocidas pese a suponer el 98% del total.  en los cap\u00edtulos introductorios se establecen las bases metodol\u00f3gicas que rigen la obra. Se acompa\u00f1a de una historiografia que sirve para contextualizar los diferentes dep\u00f3sitos de materiales conocidos que s\u00f3n fruto de las distintas actividades arqueol\u00f3gicas que se han sucedido des de que en 1932 se descubrieran los primeros indicios de ocupaci\u00f3n ib\u00e9rica en la zona.  la parte central \u00e9s la m\u00e1s extensa. En ella se desarrolla el an\u00e1lisis de los diferentes contextos cer\u00e1micos con una horquilla temporal centrada principalmente en los siglos iii y ii a.C. Se presentan en orden cronol\u00f3gico y van acompa\u00f1ados de un detallado cat\u00e1logo. Entre todos los tratados destacan los materiales procedentes del relleno de los silos del bosc del congost que, con 119 dep\u00f3sitos excavados, proporcionan globalmente m\u00e1s de 49.000 fragmentos fechados entre finales del siglo iv a c., Y el primer quarto del siglo i a c.  la tercera parte concierne el estudio ceramol\u00f3gico propiamente dicho. se atiende las distintas categor\u00edas espec\u00edficas desarroll\u00e1ndose tem\u00e1ti<\/p>\n<p>&nbsp;<\/p>\n<h3>Datos acad\u00e9micos de la tesis doctoral \u00ab<strong>Les cer\u00c1\u00a0miques de producci\u00f3 ib\u00e9rica de sant juli\u00e1 de ramis: el poblat i els camps de sitges<\/strong>\u00ab<\/h3>\n<ul>\n<li><strong>T\u00edtulo de la tesis:<\/strong>\u00a0 Les cer\u00c1\u00a0miques de producci\u00f3 ib\u00e9rica de sant juli\u00e1 de ramis: el poblat i els camps de sitges <\/li>\n<li><strong>Autor:<\/strong>\u00a0 Jordi Sagrera Aradilla <\/li>\n<li><strong>Universidad:<\/strong>\u00a0 Girona<\/li>\n<li><strong>Fecha de lectura de la tesis:<\/strong>\u00a0 28\/02\/2002<\/li>\n<\/ul>\n<p>&nbsp;<\/p>\n<h3>Direcci\u00f3n y tribunal<\/h3>\n<ul>\n<li><strong>Director de la tesis<\/strong>\n<ul>\n<li>Josep M. Nolla Brufau<\/li>\n<\/ul>\n<\/li>\n<li><strong>Tribunal<\/strong>\n<ul>\n<li>Presidente del tribunal: isabel Rod\u00ed\u00a0 de llanza <\/li>\n<li>joaquim Tremoleda trilla (vocal)<\/li>\n<li>joaquim Pera isern (vocal)<\/li>\n<li>pere Castanyer masoliver (vocal)<\/li>\n<\/ul>\n<\/li>\n<\/ul>\n<p>&nbsp;<\/p>\n","protected":false},"excerpt":{"rendered":"<p>Tesis doctoral de Jordi Sagrera Aradilla El trabajo analiza las distintas cer\u00e1micas de producci\u00f3n ib\u00e9rica halladas en el poblado de [&hellip;]<\/p>\n","protected":false},"author":1,"featured_media":0,"comment_status":"open","ping_status":"open","sticky":false,"template":"","format":"standard","meta":{"site-sidebar-layout":"default","site-content-layout":"","ast-site-content-layout":"","site-content-style":"default","site-sidebar-style":"default","ast-global-header-display":"","ast-banner-title-visibility":"","ast-main-header-display":"","ast-hfb-above-header-display":"","ast-hfb-below-header-display":"","ast-hfb-mobile-header-display":"","site-post-title":"","ast-breadcrumbs-content":"","ast-featured-img":"","footer-sml-layout":"","theme-transparent-header-meta":"","adv-header-id-meta":"","stick-header-meta":"","header-above-stick-meta":"","header-main-stick-meta":"","header-below-stick-meta":"","astra-migrate-meta-layouts":"default","ast-page-background-enabled":"default","ast-page-background-meta":{"desktop":{"background-color":"var(--ast-global-color-4)","background-image":"","background-repeat":"repeat","background-position":"center center","background-size":"auto","background-attachment":"scroll","background-type":"","background-media":"","overlay-type":"","overlay-color":"","overlay-gradient":""},"tablet":{"background-color":"","background-image":"","background-repeat":"repeat","background-position":"center center","background-size":"auto","background-attachment":"scroll","background-type":"","background-media":"","overlay-type":"","overlay-color":"","overlay-gradient":""},"mobile":{"background-color":"","background-image":"","background-repeat":"repeat","background-position":"center center","background-size":"auto","background-attachment":"scroll","background-type":"","background-media":"","overlay-type":"","overlay-color":"","overlay-gradient":""}},"ast-content-background-meta":{"desktop":{"background-color":"var(--ast-global-color-5)","background-image":"","background-repeat":"repeat","background-position":"center center","background-size":"auto","background-attachment":"scroll","background-type":"","background-media":"","overlay-type":"","overlay-color":"","overlay-gradient":""},"tablet":{"background-color":"var(--ast-global-color-5)","background-image":"","background-repeat":"repeat","background-position":"center center","background-size":"auto","background-attachment":"scroll","background-type":"","background-media":"","overlay-type":"","overlay-color":"","overlay-gradient":""},"mobile":{"background-color":"var(--ast-global-color-5)","background-image":"","background-repeat":"repeat","background-position":"center center","background-size":"auto","background-attachment":"scroll","background-type":"","background-media":"","overlay-type":"","overlay-color":"","overlay-gradient":""}},"footnotes":""},"categories":[1623,19465,1624,50328,18809,104,569,220],"tags":[15282,50331,50330,50329,20385,50332],"class_list":["post-15840","post","type-post","status-publish","format-standard","hentry","category-arqueologia","category-ceramologia","category-ciencias-auxiliares-de-la-historia","category-estratigrafia-historica","category-girona","category-historia","category-historia-antigua","category-historia-por-epocas","tag-isabel-rodi-de-llanza","tag-joaquim-pera-isern","tag-joaquim-tremoleda-trilla","tag-jordi-sagrera-aradilla","tag-josep-m-nolla-brufau","tag-pere-castanyer-masoliver"],"_links":{"self":[{"href":"https:\/\/www.deberes.net\/tesis\/wp-json\/wp\/v2\/posts\/15840","targetHints":{"allow":["GET"]}}],"collection":[{"href":"https:\/\/www.deberes.net\/tesis\/wp-json\/wp\/v2\/posts"}],"about":[{"href":"https:\/\/www.deberes.net\/tesis\/wp-json\/wp\/v2\/types\/post"}],"author":[{"embeddable":true,"href":"https:\/\/www.deberes.net\/tesis\/wp-json\/wp\/v2\/users\/1"}],"replies":[{"embeddable":true,"href":"https:\/\/www.deberes.net\/tesis\/wp-json\/wp\/v2\/comments?post=15840"}],"version-history":[{"count":0,"href":"https:\/\/www.deberes.net\/tesis\/wp-json\/wp\/v2\/posts\/15840\/revisions"}],"wp:attachment":[{"href":"https:\/\/www.deberes.net\/tesis\/wp-json\/wp\/v2\/media?parent=15840"}],"wp:term":[{"taxonomy":"category","embeddable":true,"href":"https:\/\/www.deberes.net\/tesis\/wp-json\/wp\/v2\/categories?post=15840"},{"taxonomy":"post_tag","embeddable":true,"href":"https:\/\/www.deberes.net\/tesis\/wp-json\/wp\/v2\/tags?post=15840"}],"curies":[{"name":"wp","href":"https:\/\/api.w.org\/{rel}","templated":true}]}}