{"id":15861,"date":"2002-01-03T00:00:00","date_gmt":"2002-01-03T00:00:00","guid":{"rendered":"https:\/\/www.deberes.net\/tesis\/sin-categoria\/organizacion-del-espacio-y-poblamiento-en-la-tierra-de-roa-burgos-siglos-v-a-xiii\/"},"modified":"2002-01-03T00:00:00","modified_gmt":"2002-01-03T00:00:00","slug":"organizacion-del-espacio-y-poblamiento-en-la-tierra-de-roa-burgos-siglos-v-a-xiii","status":"publish","type":"post","link":"https:\/\/www.deberes.net\/tesis\/historia\/organizacion-del-espacio-y-poblamiento-en-la-tierra-de-roa-burgos-siglos-v-a-xiii\/","title":{"rendered":"Organizaci\u00f3n del espacio y poblamiento en la tierra de roa (burgos) siglos v a xiii."},"content":{"rendered":"<h2>Tesis doctoral de <strong>  Escudero Chico Juan  Salvador <\/strong><\/h2>\n<p>Este estudio sobre la evoluci\u00f3n del poblamiento en la comarca en la ribera del duero cuestiona arqueol\u00f3gicamente el concepto de \u00abdespoblaci\u00f3n\u00bb y aporta nuevos matices a la idea de \u00abrepoblaci\u00f3n\u00bb.  nos basamos en t\u00e9cnicas de prospecci\u00f3n intensiva, completadas con procesos inform\u00e1ticos y estad\u00edsticos en la clasificaci\u00f3n de restos materiales y de los prototipos de asentamientos. El uso conjunto de arqueolog\u00eda y toponimia ha redefinido, como perteneciente a periodos anteriores, la dataci\u00f3n de los top\u00f3nimos del fuero (1.143), al mismo tiempo que apoya la idea de continuidad del poblamiento.  hemos identificado una serie de fases de ocupaci\u00f3n con transformaciones graduales entre ellos:  -en el periodo tardorromano, se inicia la dispersi\u00f3n de los puntos del poblamiento rural, que en la fase visigoda aparecen como modelo de un \u00abpoblamiento diferenciado\u00bb, que perdurar\u00e1 hasta el siglo x.  -del siglo x al xi se inicia una fase denominada \u00abpolinuclear\u00bb, caracterizada por la presencia de nuevos pobladores, que se unen a los ya existentes, redefinen las caracteristicas de ocupaci\u00f3n del espacio:  1\u00c2\u00ba corta reocupaci\u00f3n de lo puntos estrat\u00e9gicos en los espigones del p\u00e1ramo.  2\u00c2\u00ba consolidaci\u00f3n del h\u00e1bitat antiguo en torno a puntos alomados y desaparici\u00f3n de los peque\u00f1os asentamientos en llano. La resultante es a\u00fan un n\u00famero importante de n\u00facleos. A partir de estos puntos aglutinadores cristaliza el tipo de h\u00e1bitat definido como aldea. Esta presenta como rasgo com\u00fan: un asentamiento en suave ladera, cuya loma o reborde de terraza, est\u00e1 coronada por una peque\u00f1a mota o punto de control de escasa altura. Este espacio, posteriormente ser\u00e1 sacralizado.  -en los siglos xii-xiii, se inicia un proceso de \u00abreajuste\u00bb de las aldeas mencionadas en el fuero de roa, donde frente a la idea de comunidades de villa y tierra consolidada, nos encontramos con un espacio compartido por varios poderes territoriales: se\u00f1oriales, eclesi\u00e1stico<\/p>\n<p>&nbsp;<\/p>\n<h3>Datos acad\u00e9micos de la tesis doctoral \u00ab<strong>Organizaci\u00f3n del espacio y poblamiento en la tierra de roa (burgos) siglos v a xiii.<\/strong>\u00ab<\/h3>\n<ul>\n<li><strong>T\u00edtulo de la tesis:<\/strong>\u00a0 Organizaci\u00f3n del espacio y poblamiento en la tierra de roa (burgos) siglos v a xiii. <\/li>\n<li><strong>Autor:<\/strong>\u00a0  Escudero Chico Juan  Salvador <\/li>\n<li><strong>Universidad:<\/strong>\u00a0 Valladolid<\/li>\n<li><strong>Fecha de lectura de la tesis:<\/strong>\u00a0 01\/03\/2002<\/li>\n<\/ul>\n<p>&nbsp;<\/p>\n<h3>Direcci\u00f3n y tribunal<\/h3>\n<ul>\n<li><strong>Director de la tesis<\/strong>\n<ul>\n<li>Pascual Mart\u00ednez Sopena<\/li>\n<\/ul>\n<\/li>\n<li><strong>Tribunal<\/strong>\n<ul>\n<li>Presidente del tribunal: julio Valde\u00f3n baruque <\/li>\n<li>Jos\u00e9 Antonio Ab\u00e1solo \u00e1lvarez (vocal)<\/li>\n<li>Jos\u00e9 \u00e1ngel Garc\u00eda de cort\u00e1zar ruiz de aguirre (vocal)<\/li>\n<li>Francisco Javier Fern\u00e1ndez conde (vocal)<\/li>\n<\/ul>\n<\/li>\n<\/ul>\n<p>&nbsp;<\/p>\n","protected":false},"excerpt":{"rendered":"<p>Tesis doctoral de Escudero Chico Juan Salvador Este estudio sobre la evoluci\u00f3n del poblamiento en la comarca en la ribera [&hellip;]<\/p>\n","protected":false},"author":1,"featured_media":0,"comment_status":"open","ping_status":"open","sticky":false,"template":"","format":"standard","meta":{"site-sidebar-layout":"default","site-content-layout":"","ast-site-content-layout":"","site-content-style":"default","site-sidebar-style":"default","ast-global-header-display":"","ast-banner-title-visibility":"","ast-main-header-display":"","ast-hfb-above-header-display":"","ast-hfb-below-header-display":"","ast-hfb-mobile-header-display":"","site-post-title":"","ast-breadcrumbs-content":"","ast-featured-img":"","footer-sml-layout":"","theme-transparent-header-meta":"","adv-header-id-meta":"","stick-header-meta":"","header-above-stick-meta":"","header-main-stick-meta":"","header-below-stick-meta":"","astra-migrate-meta-layouts":"default","ast-page-background-enabled":"default","ast-page-background-meta":{"desktop":{"background-color":"var(--ast-global-color-4)","background-image":"","background-repeat":"repeat","background-position":"center center","background-size":"auto","background-attachment":"scroll","background-type":"","background-media":"","overlay-type":"","overlay-color":"","overlay-gradient":""},"tablet":{"background-color":"","background-image":"","background-repeat":"repeat","background-position":"center center","background-size":"auto","background-attachment":"scroll","background-type":"","background-media":"","overlay-type":"","overlay-color":"","overlay-gradient":""},"mobile":{"background-color":"","background-image":"","background-repeat":"repeat","background-position":"center center","background-size":"auto","background-attachment":"scroll","background-type":"","background-media":"","overlay-type":"","overlay-color":"","overlay-gradient":""}},"ast-content-background-meta":{"desktop":{"background-color":"var(--ast-global-color-5)","background-image":"","background-repeat":"repeat","background-position":"center center","background-size":"auto","background-attachment":"scroll","background-type":"","background-media":"","overlay-type":"","overlay-color":"","overlay-gradient":""},"tablet":{"background-color":"var(--ast-global-color-5)","background-image":"","background-repeat":"repeat","background-position":"center center","background-size":"auto","background-attachment":"scroll","background-type":"","background-media":"","overlay-type":"","overlay-color":"","overlay-gradient":""},"mobile":{"background-color":"var(--ast-global-color-5)","background-image":"","background-repeat":"repeat","background-position":"center center","background-size":"auto","background-attachment":"scroll","background-type":"","background-media":"","overlay-type":"","overlay-color":"","overlay-gradient":""}},"footnotes":""},"categories":[1623,1624,9374,1399,1401,104,119,220,12451],"tags":[50380,2818,642,8284,12714,41764],"class_list":["post-15861","post","type-post","status-publish","format-standard","hentry","category-arqueologia","category-ciencias-auxiliares-de-la-historia","category-demogeografia","category-geografia","category-geografia-humana","category-historia","category-historia-medieval","category-historia-por-epocas","category-valladolid","tag-escudero-chico-juan-salvador","tag-francisco-javier-fernandez-conde","tag-jose-angel-garcia-de-cortazar-ruiz-de-aguirre","tag-jose-antonio-abasolo-alvarez","tag-julio-valdeon-baruque","tag-pascual-Martinez-sopena"],"_links":{"self":[{"href":"https:\/\/www.deberes.net\/tesis\/wp-json\/wp\/v2\/posts\/15861","targetHints":{"allow":["GET"]}}],"collection":[{"href":"https:\/\/www.deberes.net\/tesis\/wp-json\/wp\/v2\/posts"}],"about":[{"href":"https:\/\/www.deberes.net\/tesis\/wp-json\/wp\/v2\/types\/post"}],"author":[{"embeddable":true,"href":"https:\/\/www.deberes.net\/tesis\/wp-json\/wp\/v2\/users\/1"}],"replies":[{"embeddable":true,"href":"https:\/\/www.deberes.net\/tesis\/wp-json\/wp\/v2\/comments?post=15861"}],"version-history":[{"count":0,"href":"https:\/\/www.deberes.net\/tesis\/wp-json\/wp\/v2\/posts\/15861\/revisions"}],"wp:attachment":[{"href":"https:\/\/www.deberes.net\/tesis\/wp-json\/wp\/v2\/media?parent=15861"}],"wp:term":[{"taxonomy":"category","embeddable":true,"href":"https:\/\/www.deberes.net\/tesis\/wp-json\/wp\/v2\/categories?post=15861"},{"taxonomy":"post_tag","embeddable":true,"href":"https:\/\/www.deberes.net\/tesis\/wp-json\/wp\/v2\/tags?post=15861"}],"curies":[{"name":"wp","href":"https:\/\/api.w.org\/{rel}","templated":true}]}}