{"id":15872,"date":"2002-01-03T00:00:00","date_gmt":"2002-01-03T00:00:00","guid":{"rendered":"https:\/\/www.deberes.net\/tesis\/sin-categoria\/la-proteccion-de-la-funcion-jurisdiccional-en-el-ordenamiento-penal-espanol\/"},"modified":"2002-01-03T00:00:00","modified_gmt":"2002-01-03T00:00:00","slug":"la-proteccion-de-la-funcion-jurisdiccional-en-el-ordenamiento-penal-espanol","status":"publish","type":"post","link":"https:\/\/www.deberes.net\/tesis\/ciencias-juridicas-y-derecho\/la-proteccion-de-la-funcion-jurisdiccional-en-el-ordenamiento-penal-espanol\/","title":{"rendered":"La protecci\u00f3n de la funci\u00f3n jurisdiccional en el ordenamiento penal espa\u00f1ol."},"content":{"rendered":"<h2>Tesis doctoral de <strong> Juan a L\u00f3pez Moreno <\/strong><\/h2>\n<p>El objeto del trabajo es analizar si nuestro ordenamiento penal otorga una protecci\u00f3n adecuada a lo que se denomina genericamente \u00abfunci\u00f3n jurisdiccional\u00bb, analizandos por primera vez de forma conjunta dicha funci\u00f3n jurisdiccional, desde el punto de vista de su protecci\u00f3n penal y no de forma aislada en consideraci\u00f3n a un tipo concreto.  se analiza la funci\u00f3n de juzgar,la articulaci\u00f3n de poder judicial dentro de los poderes del estado, as\u00ed como la cuesti\u00f3n relativa a la existencia de un bien jur\u00eddico denominado ejercicio de la funci\u00f3n jurisiccional, examinando cada uno de los tipos comprendidos en el t\u00edtulo xx  del c\u00f3digo penal de 1995, as\u00ed como otros ubicados fuera del mismo que tienen relaci\u00f3n con el bien jur\u00eddico protegido.  el estudio anterior se completa con un resumen estad\u00edstico de los delitos contra la administraci\u00f3n de justicia en los \u00faltimos a\u00f1os de vigencia del c\u00f3digo penal de 1973 y los cinco primeros a\u00f1os del c\u00f3digo penal de 1995, terminando con amplias conclusional y propuestas de lege ferenda sobre algunos puntos concretos.<\/p>\n<p>&nbsp;<\/p>\n<h3>Datos acad\u00e9micos de la tesis doctoral \u00ab<strong>La protecci\u00f3n de la funci\u00f3n jurisdiccional en el ordenamiento penal espa\u00f1ol.<\/strong>\u00ab<\/h3>\n<ul>\n<li><strong>T\u00edtulo de la tesis:<\/strong>\u00a0 La protecci\u00f3n de la funci\u00f3n jurisdiccional en el ordenamiento penal espa\u00f1ol. <\/li>\n<li><strong>Autor:<\/strong>\u00a0 Juan a L\u00f3pez Moreno <\/li>\n<li><strong>Universidad:<\/strong>\u00a0 Nacional de educaci\u00f3n a distancia<\/li>\n<li><strong>Fecha de lectura de la tesis:<\/strong>\u00a0 01\/03\/2002<\/li>\n<\/ul>\n<p>&nbsp;<\/p>\n<h3>Direcci\u00f3n y tribunal<\/h3>\n<ul>\n<li><strong>Director de la tesis<\/strong>\n<ul>\n<li>Alfonso Serrano Maillo<\/li>\n<\/ul>\n<\/li>\n<li><strong>Tribunal<\/strong>\n<ul>\n<li>Presidente del tribunal:  Higuera guimera Juan  felipe <\/li>\n<li>pablo Mrenilla allard (vocal)<\/li>\n<li>alfonso Serrano gomez (vocal)<\/li>\n<li>Antonio Gonz\u00e1lez-cuellar Garc\u00eda (vocal)<\/li>\n<\/ul>\n<\/li>\n<\/ul>\n<p>&nbsp;<\/p>\n","protected":false},"excerpt":{"rendered":"<p>Tesis doctoral de Juan a L\u00f3pez Moreno El objeto del trabajo es analizar si nuestro ordenamiento penal otorga una protecci\u00f3n [&hellip;]<\/p>\n","protected":false},"author":1,"featured_media":0,"comment_status":"open","ping_status":"open","sticky":false,"template":"","format":"standard","meta":{"site-sidebar-layout":"default","site-content-layout":"","ast-site-content-layout":"","site-content-style":"default","site-sidebar-style":"default","ast-global-header-display":"","ast-banner-title-visibility":"","ast-main-header-display":"","ast-hfb-above-header-display":"","ast-hfb-below-header-display":"","ast-hfb-mobile-header-display":"","site-post-title":"","ast-breadcrumbs-content":"","ast-featured-img":"","footer-sml-layout":"","theme-transparent-header-meta":"","adv-header-id-meta":"","stick-header-meta":"","header-above-stick-meta":"","header-main-stick-meta":"","header-below-stick-meta":"","astra-migrate-meta-layouts":"default","ast-page-background-enabled":"default","ast-page-background-meta":{"desktop":{"background-color":"var(--ast-global-color-4)","background-image":"","background-repeat":"repeat","background-position":"center center","background-size":"auto","background-attachment":"scroll","background-type":"","background-media":"","overlay-type":"","overlay-color":"","overlay-gradient":""},"tablet":{"background-color":"","background-image":"","background-repeat":"repeat","background-position":"center center","background-size":"auto","background-attachment":"scroll","background-type":"","background-media":"","overlay-type":"","overlay-color":"","overlay-gradient":""},"mobile":{"background-color":"","background-image":"","background-repeat":"repeat","background-position":"center center","background-size":"auto","background-attachment":"scroll","background-type":"","background-media":"","overlay-type":"","overlay-color":"","overlay-gradient":""}},"ast-content-background-meta":{"desktop":{"background-color":"var(--ast-global-color-5)","background-image":"","background-repeat":"repeat","background-position":"center center","background-size":"auto","background-attachment":"scroll","background-type":"","background-media":"","overlay-type":"","overlay-color":"","overlay-gradient":""},"tablet":{"background-color":"var(--ast-global-color-5)","background-image":"","background-repeat":"repeat","background-position":"center center","background-size":"auto","background-attachment":"scroll","background-type":"","background-media":"","overlay-type":"","overlay-color":"","overlay-gradient":""},"mobile":{"background-color":"var(--ast-global-color-5)","background-image":"","background-repeat":"repeat","background-position":"center center","background-size":"auto","background-attachment":"scroll","background-type":"","background-media":"","overlay-type":"","overlay-color":"","overlay-gradient":""}},"footnotes":""},"categories":[612,613,979,17070,3621],"tags":[5166,50413,50415,11235,50412,50414],"class_list":["post-15872","post","type-post","status-publish","format-standard","hentry","category-ciencias-juridicas-y-derecho","category-derecho-penal","category-derecho-y-legislacion-nacionales","category-nacional-de-educacion-a-distancia","category-organizacion-juridica","tag-alfonso-serrano-gomez","tag-alfonso-serrano-maillo","tag-antonio-gonzalez-cuellar-garcia","tag-higuera-guimera-juan-felipe","tag-juan-a-lopez-moreno","tag-pablo-mrenilla-allard"],"_links":{"self":[{"href":"https:\/\/www.deberes.net\/tesis\/wp-json\/wp\/v2\/posts\/15872","targetHints":{"allow":["GET"]}}],"collection":[{"href":"https:\/\/www.deberes.net\/tesis\/wp-json\/wp\/v2\/posts"}],"about":[{"href":"https:\/\/www.deberes.net\/tesis\/wp-json\/wp\/v2\/types\/post"}],"author":[{"embeddable":true,"href":"https:\/\/www.deberes.net\/tesis\/wp-json\/wp\/v2\/users\/1"}],"replies":[{"embeddable":true,"href":"https:\/\/www.deberes.net\/tesis\/wp-json\/wp\/v2\/comments?post=15872"}],"version-history":[{"count":0,"href":"https:\/\/www.deberes.net\/tesis\/wp-json\/wp\/v2\/posts\/15872\/revisions"}],"wp:attachment":[{"href":"https:\/\/www.deberes.net\/tesis\/wp-json\/wp\/v2\/media?parent=15872"}],"wp:term":[{"taxonomy":"category","embeddable":true,"href":"https:\/\/www.deberes.net\/tesis\/wp-json\/wp\/v2\/categories?post=15872"},{"taxonomy":"post_tag","embeddable":true,"href":"https:\/\/www.deberes.net\/tesis\/wp-json\/wp\/v2\/tags?post=15872"}],"curies":[{"name":"wp","href":"https:\/\/api.w.org\/{rel}","templated":true}]}}