{"id":15877,"date":"2002-01-03T00:00:00","date_gmt":"2002-01-03T00:00:00","guid":{"rendered":"https:\/\/www.deberes.net\/tesis\/sin-categoria\/el-tratamiento-en-prensa-de-la-plastica-realista-madrilena\/"},"modified":"2002-01-03T00:00:00","modified_gmt":"2002-01-03T00:00:00","slug":"el-tratamiento-en-prensa-de-la-plastica-realista-madrilena","status":"publish","type":"post","link":"https:\/\/www.deberes.net\/tesis\/ciencias-de-las-artes-y-las-letras\/el-tratamiento-en-prensa-de-la-plastica-realista-madrilena\/","title":{"rendered":"El tratamiento en prensa de la pl\u00e1stica realista madrile\u00f1a"},"content":{"rendered":"<h2>Tesis doctoral de <strong> Susana Dominguez Quintas <\/strong><\/h2>\n<p>Estudio y an\u00e1lisis de la informaci\u00f3n cultural sobre arte en medios de comunicaci\u00f3n impresos (abc, el pa\u00eds y algunas revistas especializadas), en relaci\u00f3n grupo de artistas (pintores y escultores) reconocidos como realistas marile\u00f1os.<\/p>\n<p>&nbsp;<\/p>\n<h3>Datos acad\u00e9micos de la tesis doctoral \u00ab<strong>El tratamiento en prensa de la pl\u00e1stica realista madrile\u00f1a<\/strong>\u00ab<\/h3>\n<ul>\n<li><strong>T\u00edtulo de la tesis:<\/strong>\u00a0 El tratamiento en prensa de la pl\u00e1stica realista madrile\u00f1a <\/li>\n<li><strong>Autor:<\/strong>\u00a0 Susana Dominguez Quintas <\/li>\n<li><strong>Universidad:<\/strong>\u00a0 Vigo<\/li>\n<li><strong>Fecha de lectura de la tesis:<\/strong>\u00a0 01\/03\/2002<\/li>\n<\/ul>\n<p>&nbsp;<\/p>\n<h3>Direcci\u00f3n y tribunal<\/h3>\n<ul>\n<li><strong>Director de la tesis<\/strong>\n<ul>\n<li>Daniel Mart\u00ed Pell\u00f3n<\/li>\n<\/ul>\n<\/li>\n<li><strong>Tribunal<\/strong>\n<ul>\n<li>Presidente del tribunal: manuel Fernandez areal <\/li>\n<li>montserrat Quesada perez (vocal)<\/li>\n<li>Javier Fern\u00e1ndez del moral (vocal)<\/li>\n<li>Jos\u00e9 ignacio Armentia vizuete (vocal)<\/li>\n<\/ul>\n<\/li>\n<\/ul>\n<p>&nbsp;<\/p>\n","protected":false},"excerpt":{"rendered":"<p>Tesis doctoral de Susana Dominguez Quintas Estudio y an\u00e1lisis de la informaci\u00f3n cultural sobre arte en medios de comunicaci\u00f3n impresos [&hellip;]<\/p>\n","protected":false},"author":1,"featured_media":0,"comment_status":"open","ping_status":"open","sticky":false,"template":"","format":"standard","meta":{"site-sidebar-layout":"default","site-content-layout":"","ast-site-content-layout":"","site-content-style":"default","site-sidebar-style":"default","ast-global-header-display":"","ast-banner-title-visibility":"","ast-main-header-display":"","ast-hfb-above-header-display":"","ast-hfb-below-header-display":"","ast-hfb-mobile-header-display":"","site-post-title":"","ast-breadcrumbs-content":"","ast-featured-img":"","footer-sml-layout":"","theme-transparent-header-meta":"","adv-header-id-meta":"","stick-header-meta":"","header-above-stick-meta":"","header-main-stick-meta":"","header-below-stick-meta":"","astra-migrate-meta-layouts":"default","ast-page-background-enabled":"default","ast-page-background-meta":{"desktop":{"background-color":"var(--ast-global-color-4)","background-image":"","background-repeat":"repeat","background-position":"center center","background-size":"auto","background-attachment":"scroll","background-type":"","background-media":"","overlay-type":"","overlay-color":"","overlay-gradient":""},"tablet":{"background-color":"","background-image":"","background-repeat":"repeat","background-position":"center center","background-size":"auto","background-attachment":"scroll","background-type":"","background-media":"","overlay-type":"","overlay-color":"","overlay-gradient":""},"mobile":{"background-color":"","background-image":"","background-repeat":"repeat","background-position":"center center","background-size":"auto","background-attachment":"scroll","background-type":"","background-media":"","overlay-type":"","overlay-color":"","overlay-gradient":""}},"ast-content-background-meta":{"desktop":{"background-color":"var(--ast-global-color-5)","background-image":"","background-repeat":"repeat","background-position":"center center","background-size":"auto","background-attachment":"scroll","background-type":"","background-media":"","overlay-type":"","overlay-color":"","overlay-gradient":""},"tablet":{"background-color":"var(--ast-global-color-5)","background-image":"","background-repeat":"repeat","background-position":"center center","background-size":"auto","background-attachment":"scroll","background-type":"","background-media":"","overlay-type":"","overlay-color":"","overlay-gradient":""},"mobile":{"background-color":"var(--ast-global-color-5)","background-image":"","background-repeat":"repeat","background-position":"center center","background-size":"auto","background-attachment":"scroll","background-type":"","background-media":"","overlay-type":"","overlay-color":"","overlay-gradient":""}},"footnotes":""},"categories":[838,147,4363,4840,23661,3806,4841,4073,1111,18657],"tags":[50425,13217,45481,26106,5212,50424],"class_list":["post-15877","post","type-post","status-publish","format-standard","hentry","category-ciencia-politica","category-ciencias-de-las-artes-y-las-letras","category-escultura","category-opinion-publica","category-organizaciones-internacionales","category-pintura","category-prensa","category-relaciones-internacionales","category-teoria-analisis-y-critica-de-las-bellas-artes","category-vigo","tag-daniel-marti-pellon","tag-javier-fernandez-del-moral","tag-jose-ignacio-armentia-vizuete","tag-manuel-fernandez-areal","tag-montserrat-quesada-perez","tag-susana-dominguez-quintas"],"_links":{"self":[{"href":"https:\/\/www.deberes.net\/tesis\/wp-json\/wp\/v2\/posts\/15877","targetHints":{"allow":["GET"]}}],"collection":[{"href":"https:\/\/www.deberes.net\/tesis\/wp-json\/wp\/v2\/posts"}],"about":[{"href":"https:\/\/www.deberes.net\/tesis\/wp-json\/wp\/v2\/types\/post"}],"author":[{"embeddable":true,"href":"https:\/\/www.deberes.net\/tesis\/wp-json\/wp\/v2\/users\/1"}],"replies":[{"embeddable":true,"href":"https:\/\/www.deberes.net\/tesis\/wp-json\/wp\/v2\/comments?post=15877"}],"version-history":[{"count":0,"href":"https:\/\/www.deberes.net\/tesis\/wp-json\/wp\/v2\/posts\/15877\/revisions"}],"wp:attachment":[{"href":"https:\/\/www.deberes.net\/tesis\/wp-json\/wp\/v2\/media?parent=15877"}],"wp:term":[{"taxonomy":"category","embeddable":true,"href":"https:\/\/www.deberes.net\/tesis\/wp-json\/wp\/v2\/categories?post=15877"},{"taxonomy":"post_tag","embeddable":true,"href":"https:\/\/www.deberes.net\/tesis\/wp-json\/wp\/v2\/tags?post=15877"}],"curies":[{"name":"wp","href":"https:\/\/api.w.org\/{rel}","templated":true}]}}