{"id":15925,"date":"2002-06-03T00:00:00","date_gmt":"2002-06-03T00:00:00","guid":{"rendered":"https:\/\/www.deberes.net\/tesis\/sin-categoria\/los-recursos-humanos-de-las-bibliotecas-universitarias-exigencias-conflictos-y-necesidades-de-formacion\/"},"modified":"2002-06-03T00:00:00","modified_gmt":"2002-06-03T00:00:00","slug":"los-recursos-humanos-de-las-bibliotecas-universitarias-exigencias-conflictos-y-necesidades-de-formacion","status":"publish","type":"post","link":"https:\/\/www.deberes.net\/tesis\/sociologia\/los-recursos-humanos-de-las-bibliotecas-universitarias-exigencias-conflictos-y-necesidades-de-formacion\/","title":{"rendered":"Los recursos humanos de las bibliotecas universitarias: exigencias, conflictos y necesidades de formaci\u00f3n"},"content":{"rendered":"<h2>Tesis doctoral de <strong>  Matus Sep\u00falveda Gladys Carmen <\/strong><\/h2>\n<p>La educaci\u00f3n superior ha manifestado grandes cambios en las \u00faltimas d\u00e9cadas en su funci\u00f3n de docencia e investigaci\u00f3n y una de las entidades que tienen un mayor impacto sobre los resultados globales de las instituciones de educaci\u00f3n superior, son las bibliotecas universitarias, especialmente porque han retomado su papel en las funciones de ense\u00f1anza y aprendizaje.  dentro de ellas, sus recursos humanos representan un elemento decisivo en su organizaci\u00f3n. Se analizan aqu\u00ed cu\u00e1les son las exigencias de la comunidad universitaria para el personal de biblioteca, cu\u00e1les son los conflictos m\u00e1s comunes que se originan y principalmente las necesidades de formaci\u00f3n del medio. Se describe el valor educativo de esta organizaci\u00f3n y de sus miembros y las competencias necesarias para realizar las nuevas funciones que les exige esta sociedad de la informaci\u00f3n.  para esto se ha elegido una metodolog\u00eda cualitativa con un dise\u00f1o basado en dos t\u00e9cnicas: el m\u00e9todo delphi, por el cual se ha consultado a 21 expertos de argentina, brasil, chile, colombia, cuba, espa\u00f1a y per\u00fa, entre los cuales se incluy\u00f3 a directores de bibliotecas, bibliotec\u00f3logos docentes de facultades de bibliotecolog\u00eda, ingenieros inform\u00e1ticos y acad\u00e9micos, todos ellos con vasta experiencia en bibliotecas universitarias.  se realiz\u00f3 esta consulta por medio de tres rondas utilizando el correo electr\u00f3nico. La otra t\u00e9cnica empleada es una combinaci\u00f3n de grupos triangulares y grupos de discusi\u00f3n, que se desarroll\u00f3 en la universidad de lleida (espa\u00f1a), participando en ella, personal de biblioteca, docentes y alumnos. En torno a los resultados se extraen conclusiones donde se plantean, entre otros puntos, la urgencia de los cambios en la formaci\u00f3n inicial de bibliotecarios, la necesidad de que realicen post-grados y de que las universidades posean una pol\u00edtica clara de educaci\u00f3n continua con los presupuestos adecuados, se establece tambi\u00e9n el imperativo de cont<\/p>\n<p>&nbsp;<\/p>\n<h3>Datos acad\u00e9micos de la tesis doctoral \u00ab<strong>Los recursos humanos de las bibliotecas universitarias: exigencias, conflictos y necesidades de formaci\u00f3n<\/strong>\u00ab<\/h3>\n<ul>\n<li><strong>T\u00edtulo de la tesis:<\/strong>\u00a0 Los recursos humanos de las bibliotecas universitarias: exigencias, conflictos y necesidades de formaci\u00f3n <\/li>\n<li><strong>Autor:<\/strong>\u00a0  Matus Sep\u00falveda Gladys Carmen <\/li>\n<li><strong>Universidad:<\/strong>\u00a0 Lleida<\/li>\n<li><strong>Fecha de lectura de la tesis:<\/strong>\u00a0 06\/03\/2002<\/li>\n<\/ul>\n<p>&nbsp;<\/p>\n<h3>Direcci\u00f3n y tribunal<\/h3>\n<ul>\n<li><strong>Director de la tesis<\/strong>\n<ul>\n<li>Jos\u00e9 Fidel Molina Luque<\/li>\n<\/ul>\n<\/li>\n<li><strong>Tribunal<\/strong>\n<ul>\n<li>Presidente del tribunal: josep Mar\u00eda Terricabras nogueras <\/li>\n<li>sof\u00eda Isus barado (vocal)<\/li>\n<li>josep Mar\u00eda Rotger  cerd\u00ed\u00a0 (vocal)<\/li>\n<li>celia Mar\u00eda Chain navarro (vocal)<\/li>\n<\/ul>\n<\/li>\n<\/ul>\n<p>&nbsp;<\/p>\n","protected":false},"excerpt":{"rendered":"<p>Tesis doctoral de Matus Sep\u00falveda Gladys Carmen La educaci\u00f3n superior ha manifestado grandes cambios en las \u00faltimas d\u00e9cadas en su [&hellip;]<\/p>\n","protected":false},"author":1,"featured_media":0,"comment_status":"open","ping_status":"open","sticky":false,"template":"","format":"standard","meta":{"site-sidebar-layout":"default","site-content-layout":"","ast-site-content-layout":"","site-content-style":"default","site-sidebar-style":"default","ast-global-header-display":"","ast-banner-title-visibility":"","ast-main-header-display":"","ast-hfb-above-header-display":"","ast-hfb-below-header-display":"","ast-hfb-mobile-header-display":"","site-post-title":"","ast-breadcrumbs-content":"","ast-featured-img":"","footer-sml-layout":"","theme-transparent-header-meta":"","adv-header-id-meta":"","stick-header-meta":"","header-above-stick-meta":"","header-main-stick-meta":"","header-below-stick-meta":"","astra-migrate-meta-layouts":"default","ast-page-background-enabled":"default","ast-page-background-meta":{"desktop":{"background-color":"var(--ast-global-color-4)","background-image":"","background-repeat":"repeat","background-position":"center center","background-size":"auto","background-attachment":"scroll","background-type":"","background-media":"","overlay-type":"","overlay-color":"","overlay-gradient":""},"tablet":{"background-color":"","background-image":"","background-repeat":"repeat","background-position":"center center","background-size":"auto","background-attachment":"scroll","background-type":"","background-media":"","overlay-type":"","overlay-color":"","overlay-gradient":""},"mobile":{"background-color":"","background-image":"","background-repeat":"repeat","background-position":"center center","background-size":"auto","background-attachment":"scroll","background-type":"","background-media":"","overlay-type":"","overlay-color":"","overlay-gradient":""}},"ast-content-background-meta":{"desktop":{"background-color":"var(--ast-global-color-5)","background-image":"","background-repeat":"repeat","background-position":"center center","background-size":"auto","background-attachment":"scroll","background-type":"","background-media":"","overlay-type":"","overlay-color":"","overlay-gradient":""},"tablet":{"background-color":"var(--ast-global-color-5)","background-image":"","background-repeat":"repeat","background-position":"center center","background-size":"auto","background-attachment":"scroll","background-type":"","background-media":"","overlay-type":"","overlay-color":"","overlay-gradient":""},"mobile":{"background-color":"var(--ast-global-color-5)","background-image":"","background-repeat":"repeat","background-position":"center center","background-size":"auto","background-attachment":"scroll","background-type":"","background-media":"","overlay-type":"","overlay-color":"","overlay-gradient":""}},"footnotes":""},"categories":[18842,269,1495,1496],"tags":[46668,50540,41413,44170,50539,50541],"class_list":["post-15925","post","type-post","status-publish","format-standard","hentry","category-lleida","category-sociologia","category-sociologia-de-la-educacion","category-sociologia-del-trabajo","tag-celia-maria-chain-navarro","tag-jose-fidel-molina-luque","tag-josep-maria-rotger-cerdi","tag-josep-maria-terricabras-nogueras","tag-matus-sepulveda-gladys-carmen","tag-sofia-isus-barado"],"_links":{"self":[{"href":"https:\/\/www.deberes.net\/tesis\/wp-json\/wp\/v2\/posts\/15925","targetHints":{"allow":["GET"]}}],"collection":[{"href":"https:\/\/www.deberes.net\/tesis\/wp-json\/wp\/v2\/posts"}],"about":[{"href":"https:\/\/www.deberes.net\/tesis\/wp-json\/wp\/v2\/types\/post"}],"author":[{"embeddable":true,"href":"https:\/\/www.deberes.net\/tesis\/wp-json\/wp\/v2\/users\/1"}],"replies":[{"embeddable":true,"href":"https:\/\/www.deberes.net\/tesis\/wp-json\/wp\/v2\/comments?post=15925"}],"version-history":[{"count":0,"href":"https:\/\/www.deberes.net\/tesis\/wp-json\/wp\/v2\/posts\/15925\/revisions"}],"wp:attachment":[{"href":"https:\/\/www.deberes.net\/tesis\/wp-json\/wp\/v2\/media?parent=15925"}],"wp:term":[{"taxonomy":"category","embeddable":true,"href":"https:\/\/www.deberes.net\/tesis\/wp-json\/wp\/v2\/categories?post=15925"},{"taxonomy":"post_tag","embeddable":true,"href":"https:\/\/www.deberes.net\/tesis\/wp-json\/wp\/v2\/tags?post=15925"}],"curies":[{"name":"wp","href":"https:\/\/api.w.org\/{rel}","templated":true}]}}