{"id":15944,"date":"2002-07-03T00:00:00","date_gmt":"2002-07-03T00:00:00","guid":{"rendered":"https:\/\/www.deberes.net\/tesis\/sin-categoria\/valores-de-ultrasonografa%c2%ada-osea-en-las-falanges-proximales-de-la-mano-de-ninos-y-adolescentes-normales\/"},"modified":"2002-07-03T00:00:00","modified_gmt":"2002-07-03T00:00:00","slug":"valores-de-ultrasonografa%c2%ada-osea-en-las-falanges-proximales-de-la-mano-de-ninos-y-adolescentes-normales","status":"publish","type":"post","link":"https:\/\/www.deberes.net\/tesis\/fisica\/valores-de-ultrasonografa%c2%ada-osea-en-las-falanges-proximales-de-la-mano-de-ninos-y-adolescentes-normales\/","title":{"rendered":"Valores de ultrasonograf\u00eda\u00f3sea en las falanges proximales de la mano de ni\u00f1os y adolescentes normales"},"content":{"rendered":"<h2>Tesis doctoral de <strong> Amelia Castro Fornieles <\/strong><\/h2>\n<p>El pico de masa \u00f3sea se adquiere en la infancia y adolescencia y determinar\u00e1 el riesgo de fractura en la edad adulta lo que condiciona en ocasiones la necesidad de medir la masa \u00f3sea en la poblaci\u00f3n infantil.  el m\u00e9todo actual es la densitometr\u00eda por dxa, pero tenemos la posibilidad de usar los ultrasonidos, un m\u00e9todo cada vez m\u00e1s extendido en los adultos, un m\u00e9todo accesible, barato, reproductible, carente de radiaci\u00f3n que precisa de estudios en sujetos sanos por su aplicabilidad en los que tienen patolog\u00eda \u00f3sea.  para comprobar la hip\u00f3tesis de que mediante la medici\u00f3n por ultrasonidos en la falange proximal de los dedos de la mano se detectan los cambios madurativos del tejido \u00f3seo en ni\u00f1os y adolescentes, se ha planteado el estudio descriptivo de una poblaci\u00f3n pedi\u00e1trica normal y la relaci\u00f3n entre sus caracter\u00edsticas antropom\u00e9tricas y de otras variables que se relacionan con la adquisici\u00f3n de la masa \u00f3sea (ingesta de l\u00e1cteos, ejercicio f\u00edsico, \u00edndice de ca\/creat) con la variable obtenida del promedio de la medici\u00f3n de los cuatro dedos que es la velocidad del sonido dependiente de la amplitud ad-sis, que se denomina vmto en m\/s.  tras analizar los resultados se comprueba que existe una correlaci\u00f3n positiva entre los valores antropom\u00e9tricos como la edad, talla, peso, estadio sexual de tanner con la variable vmto en ambos sexos con diferencias entre sexos en la edad de 12-14 a\u00f1os y en las agrupaciones de peso de 40-50 kg y de talla 145-160 cm, en donde es superior en el sexo femenino. Cambios con la edad atribuidos a un aumento del grosor del \u00e1rea cortical m\u00e1s que a un aumento de la densidad, comprobado por tomograf\u00eda computerizada cuantificada del hueso. Las diferencias entre sexos a una determinada edad, viene condicionada por los estr\u00f3genos que de forma m\u00e1s precoz ponen hueso en el \u00e1rea endostal, a diferencias del sexo masculino que posteriormente s\u00f3lo lo hace en el \u00e1rea exostal. Estas diferencia<\/p>\n<p>&nbsp;<\/p>\n<h3>Datos acad\u00e9micos de la tesis doctoral \u00ab<strong>Valores de ultrasonograf\u00eda\u00f3sea en las falanges proximales de la mano de ni\u00f1os y adolescentes normales<\/strong>\u00ab<\/h3>\n<ul>\n<li><strong>T\u00edtulo de la tesis:<\/strong>\u00a0 Valores de ultrasonograf\u00eda\u00f3sea en las falanges proximales de la mano de ni\u00f1os y adolescentes normales <\/li>\n<li><strong>Autor:<\/strong>\u00a0 Amelia Castro Fornieles <\/li>\n<li><strong>Universidad:<\/strong>\u00a0 Miguel hern\u00e1ndez de elche<\/li>\n<li><strong>Fecha de lectura de la tesis:<\/strong>\u00a0 07\/03\/2002<\/li>\n<\/ul>\n<p>&nbsp;<\/p>\n<h3>Direcci\u00f3n y tribunal<\/h3>\n<ul>\n<li><strong>Director de la tesis<\/strong>\n<ul>\n<li>Francisco Carratala Marco<\/li>\n<\/ul>\n<\/li>\n<li><strong>Tribunal<\/strong>\n<ul>\n<li>Presidente del tribunal: manuel Moya benavent <\/li>\n<li> Pajar\u00f3n de ahumada Manuel (vocal)<\/li>\n<li>ildefonso Hernandez aguado (vocal)<\/li>\n<li>Emilio Borrajo (vocal)<\/li>\n<\/ul>\n<\/li>\n<\/ul>\n<p>&nbsp;<\/p>\n","protected":false},"excerpt":{"rendered":"<p>Tesis doctoral de Amelia Castro Fornieles El pico de masa \u00f3sea se adquiere en la infancia y adolescencia y determinar\u00e1 [&hellip;]<\/p>\n","protected":false},"author":1,"featured_media":0,"comment_status":"open","ping_status":"open","sticky":false,"template":"","format":"standard","meta":{"site-sidebar-layout":"default","site-content-layout":"","ast-site-content-layout":"","site-content-style":"default","site-sidebar-style":"default","ast-global-header-display":"","ast-banner-title-visibility":"","ast-main-header-display":"","ast-hfb-above-header-display":"","ast-hfb-below-header-display":"","ast-hfb-mobile-header-display":"","site-post-title":"","ast-breadcrumbs-content":"","ast-featured-img":"","footer-sml-layout":"","theme-transparent-header-meta":"","adv-header-id-meta":"","stick-header-meta":"","header-above-stick-meta":"","header-main-stick-meta":"","header-below-stick-meta":"","astra-migrate-meta-layouts":"default","ast-page-background-enabled":"default","ast-page-background-meta":{"desktop":{"background-color":"var(--ast-global-color-4)","background-image":"","background-repeat":"repeat","background-position":"center center","background-size":"auto","background-attachment":"scroll","background-type":"","background-media":"","overlay-type":"","overlay-color":"","overlay-gradient":""},"tablet":{"background-color":"","background-image":"","background-repeat":"repeat","background-position":"center center","background-size":"auto","background-attachment":"scroll","background-type":"","background-media":"","overlay-type":"","overlay-color":"","overlay-gradient":""},"mobile":{"background-color":"","background-image":"","background-repeat":"repeat","background-position":"center center","background-size":"auto","background-attachment":"scroll","background-type":"","background-media":"","overlay-type":"","overlay-color":"","overlay-gradient":""}},"ast-content-background-meta":{"desktop":{"background-color":"var(--ast-global-color-5)","background-image":"","background-repeat":"repeat","background-position":"center center","background-size":"auto","background-attachment":"scroll","background-type":"","background-media":"","overlay-type":"","overlay-color":"","overlay-gradient":""},"tablet":{"background-color":"var(--ast-global-color-5)","background-image":"","background-repeat":"repeat","background-position":"center center","background-size":"auto","background-attachment":"scroll","background-type":"","background-media":"","overlay-type":"","overlay-color":"","overlay-gradient":""},"mobile":{"background-color":"var(--ast-global-color-5)","background-image":"","background-repeat":"repeat","background-position":"center center","background-size":"auto","background-attachment":"scroll","background-type":"","background-media":"","overlay-type":"","overlay-color":"","overlay-gradient":""}},"footnotes":""},"categories":[5190,44609,4696,1066,199,37169,5189],"tags":[50590,50593,50591,19297,8628,50592],"class_list":["post-15944","post","type-post","status-publish","format-standard","hentry","category-acustica","category-caracteristicas-biologicas-de-la-poblacion","category-caracteristicas-de-la-poblacion","category-demografia","category-fisica","category-miguel-hernandez-de-elche","category-ultrasonidos","tag-amelia-castro-fornieles","tag-emilio-borrajo","tag-francisco-carratala-marco","tag-ildefonso-hernandez-aguado","tag-manuel-moya-benavent","tag-pajaron-de-ahumada-manuel"],"_links":{"self":[{"href":"https:\/\/www.deberes.net\/tesis\/wp-json\/wp\/v2\/posts\/15944","targetHints":{"allow":["GET"]}}],"collection":[{"href":"https:\/\/www.deberes.net\/tesis\/wp-json\/wp\/v2\/posts"}],"about":[{"href":"https:\/\/www.deberes.net\/tesis\/wp-json\/wp\/v2\/types\/post"}],"author":[{"embeddable":true,"href":"https:\/\/www.deberes.net\/tesis\/wp-json\/wp\/v2\/users\/1"}],"replies":[{"embeddable":true,"href":"https:\/\/www.deberes.net\/tesis\/wp-json\/wp\/v2\/comments?post=15944"}],"version-history":[{"count":0,"href":"https:\/\/www.deberes.net\/tesis\/wp-json\/wp\/v2\/posts\/15944\/revisions"}],"wp:attachment":[{"href":"https:\/\/www.deberes.net\/tesis\/wp-json\/wp\/v2\/media?parent=15944"}],"wp:term":[{"taxonomy":"category","embeddable":true,"href":"https:\/\/www.deberes.net\/tesis\/wp-json\/wp\/v2\/categories?post=15944"},{"taxonomy":"post_tag","embeddable":true,"href":"https:\/\/www.deberes.net\/tesis\/wp-json\/wp\/v2\/tags?post=15944"}],"curies":[{"name":"wp","href":"https:\/\/api.w.org\/{rel}","templated":true}]}}