{"id":15945,"date":"2002-08-03T00:00:00","date_gmt":"2002-08-03T00:00:00","guid":{"rendered":"https:\/\/www.deberes.net\/tesis\/sin-categoria\/la-ordenacion-del-territorio-de-la-peninsula-iberica-y-el-nuevo-contexto-de-la-estrategia-territorial-europea\/"},"modified":"2002-08-03T00:00:00","modified_gmt":"2002-08-03T00:00:00","slug":"la-ordenacion-del-territorio-de-la-peninsula-iberica-y-el-nuevo-contexto-de-la-estrategia-territorial-europea","status":"publish","type":"post","link":"https:\/\/www.deberes.net\/tesis\/extremadura\/la-ordenacion-del-territorio-de-la-peninsula-iberica-y-el-nuevo-contexto-de-la-estrategia-territorial-europea\/","title":{"rendered":"La ordenaci\u00f3n del territorio de la peninsula ib\u00e9rica y el nuevo contexto de la estrategia territorial europea"},"content":{"rendered":"<h2>Tesis doctoral de <strong>  Reis Condesso Fernando Dos <\/strong><\/h2>\n<p>Se analiza el funcionamiento de los territorios peninsulares desde el punto de vista normativo, pol\u00edtico, econ\u00f3mico y socio-cultural, para confrontar en que medida son necesarias nuevas reorientaciones en espa\u00f1a y portugal, para desde una metodolog\u00eda conjunta puedan ser abordados nuevos escenarios dise\u00f1ados en el nuevo puzzle comunitario a trav\u00e9s de un instrumento tan valorado como la estrat\u00e9gia territorial europea.  al final se hace una propuesta integrada transnacional de ordenaci\u00f3n del territorio para superar las barreras geogr\u00e1ficas y administrativas que condicionan el actual modelo de desarrollo de amboas paises.<\/p>\n<p>&nbsp;<\/p>\n<h3>Datos acad\u00e9micos de la tesis doctoral \u00ab<strong>La ordenaci\u00f3n del territorio de la peninsula ib\u00e9rica y el nuevo contexto de la estrategia territorial europea<\/strong>\u00ab<\/h3>\n<ul>\n<li><strong>T\u00edtulo de la tesis:<\/strong>\u00a0 La ordenaci\u00f3n del territorio de la peninsula ib\u00e9rica y el nuevo contexto de la estrategia territorial europea <\/li>\n<li><strong>Autor:<\/strong>\u00a0  Reis Condesso Fernando Dos <\/li>\n<li><strong>Universidad:<\/strong>\u00a0 Extremadura<\/li>\n<li><strong>Fecha de lectura de la tesis:<\/strong>\u00a0 08\/03\/2002<\/li>\n<\/ul>\n<p>&nbsp;<\/p>\n<h3>Direcci\u00f3n y tribunal<\/h3>\n<ul>\n<li><strong>Director de la tesis<\/strong>\n<ul>\n<li>Julian Mora Aliseda<\/li>\n<\/ul>\n<\/li>\n<li><strong>Tribunal<\/strong>\n<ul>\n<li>Presidente del tribunal: Antonio -jos\u00e9 Campesino fern\u00e1ndez <\/li>\n<li>Rafael Mata olmo (vocal)<\/li>\n<li>castor D\u00edaz barrado (vocal)<\/li>\n<li> Pardella de blas xulio (vocal)<\/li>\n<\/ul>\n<\/li>\n<\/ul>\n<p>&nbsp;<\/p>\n","protected":false},"excerpt":{"rendered":"<p>Tesis doctoral de Reis Condesso Fernando Dos Se analiza el funcionamiento de los territorios peninsulares desde el punto de vista [&hellip;]<\/p>\n","protected":false},"author":1,"featured_media":0,"comment_status":"open","ping_status":"open","sticky":false,"template":"","format":"standard","meta":{"site-sidebar-layout":"default","site-content-layout":"","ast-site-content-layout":"","site-content-style":"default","site-sidebar-style":"default","ast-global-header-display":"","ast-banner-title-visibility":"","ast-main-header-display":"","ast-hfb-above-header-display":"","ast-hfb-below-header-display":"","ast-hfb-mobile-header-display":"","site-post-title":"","ast-breadcrumbs-content":"","ast-featured-img":"","footer-sml-layout":"","theme-transparent-header-meta":"","adv-header-id-meta":"","stick-header-meta":"","header-above-stick-meta":"","header-main-stick-meta":"","header-below-stick-meta":"","astra-migrate-meta-layouts":"default","ast-page-background-enabled":"default","ast-page-background-meta":{"desktop":{"background-color":"var(--ast-global-color-4)","background-image":"","background-repeat":"repeat","background-position":"center center","background-size":"auto","background-attachment":"scroll","background-type":"","background-media":"","overlay-type":"","overlay-color":"","overlay-gradient":""},"tablet":{"background-color":"","background-image":"","background-repeat":"repeat","background-position":"center center","background-size":"auto","background-attachment":"scroll","background-type":"","background-media":"","overlay-type":"","overlay-color":"","overlay-gradient":""},"mobile":{"background-color":"","background-image":"","background-repeat":"repeat","background-position":"center center","background-size":"auto","background-attachment":"scroll","background-type":"","background-media":"","overlay-type":"","overlay-color":"","overlay-gradient":""}},"ast-content-background-meta":{"desktop":{"background-color":"var(--ast-global-color-5)","background-image":"","background-repeat":"repeat","background-position":"center center","background-size":"auto","background-attachment":"scroll","background-type":"","background-media":"","overlay-type":"","overlay-color":"","overlay-gradient":""},"tablet":{"background-color":"var(--ast-global-color-5)","background-image":"","background-repeat":"repeat","background-position":"center center","background-size":"auto","background-attachment":"scroll","background-type":"","background-media":"","overlay-type":"","overlay-color":"","overlay-gradient":""},"mobile":{"background-color":"var(--ast-global-color-5)","background-image":"","background-repeat":"repeat","background-position":"center center","background-size":"auto","background-attachment":"scroll","background-type":"","background-media":"","overlay-type":"","overlay-color":"","overlay-gradient":""}},"footnotes":""},"categories":[949,1399,11756,3091,1401,1400,5990],"tags":[9378,36438,50595,50596,14950,50594],"class_list":["post-15945","post","type-post","status-publish","format-standard","hentry","category-extremadura","category-geografia","category-geografia-del-desarrollo-regional","category-geografia-economica","category-geografia-humana","category-geografia-politica","category-geografia-social","tag-antonio-jose-campesino-fernandez","tag-castor-diaz-barrado","tag-julian-mora-aliseda","tag-pardella-de-blas-xulio","tag-rafael-mata-olmo","tag-reis-condesso-fernando-dos"],"_links":{"self":[{"href":"https:\/\/www.deberes.net\/tesis\/wp-json\/wp\/v2\/posts\/15945","targetHints":{"allow":["GET"]}}],"collection":[{"href":"https:\/\/www.deberes.net\/tesis\/wp-json\/wp\/v2\/posts"}],"about":[{"href":"https:\/\/www.deberes.net\/tesis\/wp-json\/wp\/v2\/types\/post"}],"author":[{"embeddable":true,"href":"https:\/\/www.deberes.net\/tesis\/wp-json\/wp\/v2\/users\/1"}],"replies":[{"embeddable":true,"href":"https:\/\/www.deberes.net\/tesis\/wp-json\/wp\/v2\/comments?post=15945"}],"version-history":[{"count":0,"href":"https:\/\/www.deberes.net\/tesis\/wp-json\/wp\/v2\/posts\/15945\/revisions"}],"wp:attachment":[{"href":"https:\/\/www.deberes.net\/tesis\/wp-json\/wp\/v2\/media?parent=15945"}],"wp:term":[{"taxonomy":"category","embeddable":true,"href":"https:\/\/www.deberes.net\/tesis\/wp-json\/wp\/v2\/categories?post=15945"},{"taxonomy":"post_tag","embeddable":true,"href":"https:\/\/www.deberes.net\/tesis\/wp-json\/wp\/v2\/tags?post=15945"}],"curies":[{"name":"wp","href":"https:\/\/api.w.org\/{rel}","templated":true}]}}