{"id":15987,"date":"2002-09-03T00:00:00","date_gmt":"2002-09-03T00:00:00","guid":{"rendered":"https:\/\/www.deberes.net\/tesis\/sin-categoria\/la-alteracion-de-las-hormonas-tiroideas-en-el-infarto-agudo-de-miocardio\/"},"modified":"2002-09-03T00:00:00","modified_gmt":"2002-09-03T00:00:00","slug":"la-alteracion-de-las-hormonas-tiroideas-en-el-infarto-agudo-de-miocardio","status":"publish","type":"post","link":"https:\/\/www.deberes.net\/tesis\/ciencias-medicas\/la-alteracion-de-las-hormonas-tiroideas-en-el-infarto-agudo-de-miocardio\/","title":{"rendered":"La alteraci\u00f3n de las hormonas tiroideas en el infarto agudo de miocardio"},"content":{"rendered":"<h2>Tesis doctoral de <strong> Eva Trevi\u00f1o Pe\u00f1a <\/strong><\/h2>\n<p>Los cambios en el eje hipot\u00e1lamo-hipofisario-tiroideo son comunes en los pacientes con enfermedades no tiroideas y se ha denominado s\u00edndrome del enfermo eutiroideo.  el objetivo de esta tesis ha sido valorar las alteraciones de las hormonas tiroideas en los pacientes con infarto agudo de miocardio y analizar la asociaci\u00f3n hormonal con la mortalidad.  para ello realizamos un estudio prospectivo y secuencial sobre un total de 37 pacientes con el diagn\u00f3stico de iam ingresados en la unidad de cuidados intensivos del hospital insular de gran canaria. Realizamos siete determinaciones hormonales durante un periodo de seguimiento de cinco d\u00edas. Estudiamos las hormonas tsh, ft4, t3 y rt3. Comparamos las medias de los valores hormonales al ingreso entre los pacientes que sobrevivieron y los que fallecieron. por \u00faltimo analizamos la evoluci\u00f3n hormonal sobre la supervivencia.  el resultado que obtuvimos fue que para una misma edad, cuanto mayor era el valor de la ft4 al ingreso y menor el de rt3, mayor era el riesgo de mortalidad.<\/p>\n<p>&nbsp;<\/p>\n<h3>Datos acad\u00e9micos de la tesis doctoral \u00ab<strong>La alteraci\u00f3n de las hormonas tiroideas en el infarto agudo de miocardio<\/strong>\u00ab<\/h3>\n<ul>\n<li><strong>T\u00edtulo de la tesis:<\/strong>\u00a0 La alteraci\u00f3n de las hormonas tiroideas en el infarto agudo de miocardio <\/li>\n<li><strong>Autor:<\/strong>\u00a0 Eva Trevi\u00f1o Pe\u00f1a <\/li>\n<li><strong>Universidad:<\/strong>\u00a0 Palmas de gran canaria<\/li>\n<li><strong>Fecha de lectura de la tesis:<\/strong>\u00a0 09\/03\/2002<\/li>\n<\/ul>\n<p>&nbsp;<\/p>\n<h3>Direcci\u00f3n y tribunal<\/h3>\n<ul>\n<li><strong>Director de la tesis<\/strong>\n<ul>\n<li>Francisco Javier Novoa Mogoll\u00f3n<\/li>\n<\/ul>\n<\/li>\n<li><strong>Tribunal<\/strong>\n<ul>\n<li>Presidente del tribunal: Jos\u00e9 Luis Perez arellano <\/li>\n<li>v\u00edctor Puigdevall gallego (vocal)<\/li>\n<li>Luis Morcillo herrera (vocal)<\/li>\n<li>vicente Nieto lago (vocal)<\/li>\n<\/ul>\n<\/li>\n<\/ul>\n<p>&nbsp;<\/p>\n","protected":false},"excerpt":{"rendered":"<p>Tesis doctoral de Eva Trevi\u00f1o Pe\u00f1a Los cambios en el eje hipot\u00e1lamo-hipofisario-tiroideo son comunes en los pacientes con enfermedades no [&hellip;]<\/p>\n","protected":false},"author":1,"featured_media":0,"comment_status":"open","ping_status":"open","sticky":false,"template":"","format":"standard","meta":{"site-sidebar-layout":"default","site-content-layout":"","ast-site-content-layout":"","site-content-style":"default","site-sidebar-style":"default","ast-global-header-display":"","ast-banner-title-visibility":"","ast-main-header-display":"","ast-hfb-above-header-display":"","ast-hfb-below-header-display":"","ast-hfb-mobile-header-display":"","site-post-title":"","ast-breadcrumbs-content":"","ast-featured-img":"","footer-sml-layout":"","theme-transparent-header-meta":"","adv-header-id-meta":"","stick-header-meta":"","header-above-stick-meta":"","header-main-stick-meta":"","header-below-stick-meta":"","astra-migrate-meta-layouts":"default","ast-page-background-enabled":"default","ast-page-background-meta":{"desktop":{"background-color":"var(--ast-global-color-4)","background-image":"","background-repeat":"repeat","background-position":"center center","background-size":"auto","background-attachment":"scroll","background-type":"","background-media":"","overlay-type":"","overlay-color":"","overlay-gradient":""},"tablet":{"background-color":"","background-image":"","background-repeat":"repeat","background-position":"center center","background-size":"auto","background-attachment":"scroll","background-type":"","background-media":"","overlay-type":"","overlay-color":"","overlay-gradient":""},"mobile":{"background-color":"","background-image":"","background-repeat":"repeat","background-position":"center center","background-size":"auto","background-attachment":"scroll","background-type":"","background-media":"","overlay-type":"","overlay-color":"","overlay-gradient":""}},"ast-content-background-meta":{"desktop":{"background-color":"var(--ast-global-color-5)","background-image":"","background-repeat":"repeat","background-position":"center center","background-size":"auto","background-attachment":"scroll","background-type":"","background-media":"","overlay-type":"","overlay-color":"","overlay-gradient":""},"tablet":{"background-color":"var(--ast-global-color-5)","background-image":"","background-repeat":"repeat","background-position":"center center","background-size":"auto","background-attachment":"scroll","background-type":"","background-media":"","overlay-type":"","overlay-color":"","overlay-gradient":""},"mobile":{"background-color":"var(--ast-global-color-5)","background-image":"","background-repeat":"repeat","background-position":"center center","background-size":"auto","background-attachment":"scroll","background-type":"","background-media":"","overlay-type":"","overlay-color":"","overlay-gradient":""}},"footnotes":""},"categories":[932,9,851,139,16629],"tags":[50722,16770,9186,10124,16768,50723],"class_list":["post-15987","post","type-post","status-publish","format-standard","hentry","category-cardiologia","category-ciencias-medicas","category-endocrinologia","category-medicina-interna","category-palmas-de-gran-canaria","tag-eva-trevino-pena","tag-francisco-javier-novoa-mogollon","tag-jose-luis-perez-arellano","tag-luis-morcillo-herrera","tag-vicente-nieto-lago","tag-victor-puigdevall-gallego"],"_links":{"self":[{"href":"https:\/\/www.deberes.net\/tesis\/wp-json\/wp\/v2\/posts\/15987","targetHints":{"allow":["GET"]}}],"collection":[{"href":"https:\/\/www.deberes.net\/tesis\/wp-json\/wp\/v2\/posts"}],"about":[{"href":"https:\/\/www.deberes.net\/tesis\/wp-json\/wp\/v2\/types\/post"}],"author":[{"embeddable":true,"href":"https:\/\/www.deberes.net\/tesis\/wp-json\/wp\/v2\/users\/1"}],"replies":[{"embeddable":true,"href":"https:\/\/www.deberes.net\/tesis\/wp-json\/wp\/v2\/comments?post=15987"}],"version-history":[{"count":0,"href":"https:\/\/www.deberes.net\/tesis\/wp-json\/wp\/v2\/posts\/15987\/revisions"}],"wp:attachment":[{"href":"https:\/\/www.deberes.net\/tesis\/wp-json\/wp\/v2\/media?parent=15987"}],"wp:term":[{"taxonomy":"category","embeddable":true,"href":"https:\/\/www.deberes.net\/tesis\/wp-json\/wp\/v2\/categories?post=15987"},{"taxonomy":"post_tag","embeddable":true,"href":"https:\/\/www.deberes.net\/tesis\/wp-json\/wp\/v2\/tags?post=15987"}],"curies":[{"name":"wp","href":"https:\/\/api.w.org\/{rel}","templated":true}]}}