{"id":16004,"date":"2002-11-03T00:00:00","date_gmt":"2002-11-03T00:00:00","guid":{"rendered":"https:\/\/www.deberes.net\/tesis\/sin-categoria\/la-liberalizacion-del-sector-electrico-espanol-efectos-del-cambio-regulatorio-en-el-reparto-de-rentas-entre-los-grupos-de-interes\/"},"modified":"2002-11-03T00:00:00","modified_gmt":"2002-11-03T00:00:00","slug":"la-liberalizacion-del-sector-electrico-espanol-efectos-del-cambio-regulatorio-en-el-reparto-de-rentas-entre-los-grupos-de-interes","status":"publish","type":"post","link":"https:\/\/www.deberes.net\/tesis\/ciencias-economicas\/la-liberalizacion-del-sector-electrico-espanol-efectos-del-cambio-regulatorio-en-el-reparto-de-rentas-entre-los-grupos-de-interes\/","title":{"rendered":"La liberalizaci\u00f3n del sector electrico espa\u00f1ol: efectos del cambio regulatorio en el reparto de rentas entre los grupos de interes"},"content":{"rendered":"<h2>Tesis doctoral de <strong> Yolanda Garc\u00eda Mezquita <\/strong><\/h2>\n<p>El objetivo de la tesis es analizar c\u00f3mo ha influido el cambio regulatorio en el poder econ\u00f3mico de los grupos de inter\u00e9s del sector el\u00e9ctrico: accionistas, trabajadores y consumidores.  el an\u00e1lisis abarca el periodo 1988-2000. Se inicia con la introducci\u00f3n de la \u00faltima medida fuertemente intervencionista (marco legal estable) y finaliza en el a\u00f1o 2000 (\u00faltimo a\u00f1o que se dispone informaci\u00f3n).  en el proceso de liberalizaci\u00f3n del sector el\u00e9ctrico espa\u00f1ol se produce un cambio en el reparto de rentas entre los grupos de inter\u00e9s, resultando beneficiados principalmente los consumidores.<\/p>\n<p>&nbsp;<\/p>\n<h3>Datos acad\u00e9micos de la tesis doctoral \u00ab<strong>La liberalizaci\u00f3n del sector electrico espa\u00f1ol: efectos del cambio regulatorio en el reparto de rentas entre los grupos de interes<\/strong>\u00ab<\/h3>\n<ul>\n<li><strong>T\u00edtulo de la tesis:<\/strong>\u00a0 La liberalizaci\u00f3n del sector electrico espa\u00f1ol: efectos del cambio regulatorio en el reparto de rentas entre los grupos de interes <\/li>\n<li><strong>Autor:<\/strong>\u00a0 Yolanda Garc\u00eda Mezquita <\/li>\n<li><strong>Universidad:<\/strong>\u00a0 Aut\u00f3noma de Madrid<\/li>\n<li><strong>Fecha de lectura de la tesis:<\/strong>\u00a0 11\/03\/2002<\/li>\n<\/ul>\n<p>&nbsp;<\/p>\n<h3>Direcci\u00f3n y tribunal<\/h3>\n<ul>\n<li><strong>Director de la tesis<\/strong>\n<ul>\n<li> Garc\u00eda De La Cruz Jos\u00e9 Manuel<\/li>\n<\/ul>\n<\/li>\n<li><strong>Tribunal<\/strong>\n<ul>\n<li>Presidente del tribunal: santos m Ruesga benito <\/li>\n<li> De quinto romero Javier (vocal)<\/li>\n<li>Fernando Becker zuazua (vocal)<\/li>\n<li>Jos\u00e9 Juan Toharia cort\u00e9s (vocal)<\/li>\n<\/ul>\n<\/li>\n<\/ul>\n<p>&nbsp;<\/p>\n","protected":false},"excerpt":{"rendered":"<p>Tesis doctoral de Yolanda Garc\u00eda Mezquita El objetivo de la tesis es analizar c\u00f3mo ha influido el cambio regulatorio en [&hellip;]<\/p>\n","protected":false},"author":1,"featured_media":0,"comment_status":"open","ping_status":"open","sticky":false,"template":"","format":"standard","meta":{"site-sidebar-layout":"default","site-content-layout":"","ast-site-content-layout":"","site-content-style":"default","site-sidebar-style":"default","ast-global-header-display":"","ast-banner-title-visibility":"","ast-main-header-display":"","ast-hfb-above-header-display":"","ast-hfb-below-header-display":"","ast-hfb-mobile-header-display":"","site-post-title":"","ast-breadcrumbs-content":"","ast-featured-img":"","footer-sml-layout":"","theme-transparent-header-meta":"","adv-header-id-meta":"","stick-header-meta":"","header-above-stick-meta":"","header-main-stick-meta":"","header-below-stick-meta":"","astra-migrate-meta-layouts":"default","ast-page-background-enabled":"default","ast-page-background-meta":{"desktop":{"background-color":"var(--ast-global-color-4)","background-image":"","background-repeat":"repeat","background-position":"center center","background-size":"auto","background-attachment":"scroll","background-type":"","background-media":"","overlay-type":"","overlay-color":"","overlay-gradient":""},"tablet":{"background-color":"","background-image":"","background-repeat":"repeat","background-position":"center center","background-size":"auto","background-attachment":"scroll","background-type":"","background-media":"","overlay-type":"","overlay-color":"","overlay-gradient":""},"mobile":{"background-color":"","background-image":"","background-repeat":"repeat","background-position":"center center","background-size":"auto","background-attachment":"scroll","background-type":"","background-media":"","overlay-type":"","overlay-color":"","overlay-gradient":""}},"ast-content-background-meta":{"desktop":{"background-color":"var(--ast-global-color-5)","background-image":"","background-repeat":"repeat","background-position":"center center","background-size":"auto","background-attachment":"scroll","background-type":"","background-media":"","overlay-type":"","overlay-color":"","overlay-gradient":""},"tablet":{"background-color":"var(--ast-global-color-5)","background-image":"","background-repeat":"repeat","background-position":"center center","background-size":"auto","background-attachment":"scroll","background-type":"","background-media":"","overlay-type":"","overlay-color":"","overlay-gradient":""},"mobile":{"background-color":"var(--ast-global-color-5)","background-image":"","background-repeat":"repeat","background-position":"center center","background-size":"auto","background-attachment":"scroll","background-type":"","background-media":"","overlay-type":"","overlay-color":"","overlay-gradient":""}},"footnotes":""},"categories":[82,963,13009,2825,15533],"tags":[50770,47360,14993,45435,6449,50769],"class_list":["post-16004","post","type-post","status-publish","format-standard","hentry","category-ciencias-economicas","category-economia-sectorial","category-estructura-de-mercado","category-organizacion-industrial-y-sector-publico","category-sector-de-la-energia","tag-de-quinto-romero-javier","tag-fernando-becker-zuazua","tag-garcia-de-la-cruz-jose-manuel","tag-jose-juan-toharia-cortes","tag-santos-m-ruesga-benito","tag-yolanda-garcia-mezquita"],"_links":{"self":[{"href":"https:\/\/www.deberes.net\/tesis\/wp-json\/wp\/v2\/posts\/16004","targetHints":{"allow":["GET"]}}],"collection":[{"href":"https:\/\/www.deberes.net\/tesis\/wp-json\/wp\/v2\/posts"}],"about":[{"href":"https:\/\/www.deberes.net\/tesis\/wp-json\/wp\/v2\/types\/post"}],"author":[{"embeddable":true,"href":"https:\/\/www.deberes.net\/tesis\/wp-json\/wp\/v2\/users\/1"}],"replies":[{"embeddable":true,"href":"https:\/\/www.deberes.net\/tesis\/wp-json\/wp\/v2\/comments?post=16004"}],"version-history":[{"count":0,"href":"https:\/\/www.deberes.net\/tesis\/wp-json\/wp\/v2\/posts\/16004\/revisions"}],"wp:attachment":[{"href":"https:\/\/www.deberes.net\/tesis\/wp-json\/wp\/v2\/media?parent=16004"}],"wp:term":[{"taxonomy":"category","embeddable":true,"href":"https:\/\/www.deberes.net\/tesis\/wp-json\/wp\/v2\/categories?post=16004"},{"taxonomy":"post_tag","embeddable":true,"href":"https:\/\/www.deberes.net\/tesis\/wp-json\/wp\/v2\/tags?post=16004"}],"curies":[{"name":"wp","href":"https:\/\/api.w.org\/{rel}","templated":true}]}}