{"id":16062,"date":"2018-03-09T09:03:30","date_gmt":"2018-03-09T09:03:30","guid":{"rendered":"https:\/\/www.deberes.net\/tesis\/sin-categoria\/la-intervencion-de-la-va%c2%adctima-en-el-proceso-penal-espanol-especial-referencia-a-la-accion-civil\/"},"modified":"2018-03-09T09:03:30","modified_gmt":"2018-03-09T09:03:30","slug":"la-intervencion-de-la-va%c2%adctima-en-el-proceso-penal-espanol-especial-referencia-a-la-accion-civil","status":"publish","type":"post","link":"https:\/\/www.deberes.net\/tesis\/ciencias-juridicas-y-derecho\/la-intervencion-de-la-va%c2%adctima-en-el-proceso-penal-espanol-especial-referencia-a-la-accion-civil\/","title":{"rendered":"La intervenci\u00f3n de la v\u00edctima en el proceso penal espa\u00f1ol. especial referencia a la acci\u00f3n civil"},"content":{"rendered":"<h2>Tesis doctoral de <strong> M. Dolores Fern\u00e1ndez Fustes <\/strong><\/h2>\n<p>Tradicionalmente el legislador espa\u00f1ol se ha preocupado, cas\u00ed de forma exclusiva, del sujeto activo del delito. Sin embargo, ha dejado pr\u00e1cticamente en el olvido a la v\u00edctima, hasta tal punto que, en nuestras leyes tan s\u00f3lo encontramos alguna referencia anecd\u00f3tica a la misma. Por ello, en la actualidad es necesario reforzar la posici\u00f3n de la v\u00edctima en el proceso y proceder a una adecuada armonizaci\u00f3n entre sus derechos y los de los delincuentes. el trabajo de tesis doctoral se ha estructurado en siete cap\u00edtulos. El primer de ellos se centra en el estudio de las partes activas o acusadoras. para ello ha sido necesario deferenciar entre las figuras del ofendido y del perjudicado, debido a que precisamente esta cualidad de ofendido y perjudicado es la que determina la legitimaci\u00f3n activa para intervenir en el proceso. Adem\u00e1s, se analiza de modo especial la legitimaci\u00f3n para ejercitar la acci\u00f3n civil en aquellos supuestos en los que como consecuencia del delito se produce la muerte. En el siguiente cap\u00edtulo se aborda el estudio de las partes pasivas o acusadas, con un obligado an\u00e1lisis de las reformas introducidas por el c\u00f3digo penal de partes pasivas o acusadas, con un obligado an\u00e1lisis de las reformas introducidas por el c\u00f3digo penal de 1995 en la figura de los responsables civiles, tanto directos como subsidiarios. se ha analizado con especial detenimiento el papel que puede jugar la v\u00edctima en la iniciaci\u00f3n del proceso penal. As\u00ed, el cap\u00edtulo tercero, se centra en la importancia de la denuncia necesaria en los delitos semip\u00fablicos, como presupuesto para que se inicie v\u00e1lidamente el proceso, y en las peculiaridades de la querella privada. Adem\u00e1s, result\u00f3 fundamental el estudio del ofrecimiento de acciones. El cap\u00edtulo cuarto se dedica al an\u00e1lisis de la acci\u00f3n civil acumulada a la penal. As\u00ed, por una parte se aborda la cuesti\u00f3n de la naturaleza jur\u00eddica de la responsabilidad civil ex delicto y por otra, las ve<\/p>\n<p>&nbsp;<\/p>\n<h3>Datos acad\u00e9micos de la tesis doctoral \u00ab<strong>La intervenci\u00f3n de la v\u00edctima en el proceso penal espa\u00f1ol. especial referencia a la acci\u00f3n civil<\/strong>\u00ab<\/h3>\n<ul>\n<li><strong>T\u00edtulo de la tesis:<\/strong>\u00a0 La intervenci\u00f3n de la v\u00edctima en el proceso penal espa\u00f1ol. especial referencia a la acci\u00f3n civil <\/li>\n<li><strong>Autor:<\/strong>\u00a0 M. Dolores Fern\u00e1ndez Fustes <\/li>\n<li><strong>Universidad:<\/strong>\u00a0 Vigo<\/li>\n<li><strong>Fecha de lectura de la tesis:<\/strong>\u00a0 14\/03\/2002<\/li>\n<\/ul>\n<p>&nbsp;<\/p>\n<h3>Direcci\u00f3n y tribunal<\/h3>\n<ul>\n<li><strong>Director de la tesis<\/strong>\n<ul>\n<li> Villa G\u00f3mez Cebri\u00e1n Marco<\/li>\n<\/ul>\n<\/li>\n<li><strong>Tribunal<\/strong>\n<ul>\n<li>Presidente del tribunal: victor Moreno catena <\/li>\n<li>Juan Dami\u00e1n moreno (vocal)<\/li>\n<li>Juan  Luis Gomez colomer (vocal)<\/li>\n<li>eduardo Font serra (vocal)<\/li>\n<\/ul>\n<\/li>\n<\/ul>\n<p>&nbsp;<\/p>\n","protected":false},"excerpt":{"rendered":"<p>Tesis doctoral de M. Dolores Fern\u00e1ndez Fustes Tradicionalmente el legislador espa\u00f1ol se ha preocupado, cas\u00ed de forma exclusiva, del sujeto [&hellip;]<\/p>\n","protected":false},"author":1,"featured_media":0,"comment_status":"open","ping_status":"open","sticky":false,"template":"","format":"standard","meta":{"site-sidebar-layout":"default","site-content-layout":"","ast-site-content-layout":"","site-content-style":"default","site-sidebar-style":"default","ast-global-header-display":"","ast-banner-title-visibility":"","ast-main-header-display":"","ast-hfb-above-header-display":"","ast-hfb-below-header-display":"","ast-hfb-mobile-header-display":"","site-post-title":"","ast-breadcrumbs-content":"","ast-featured-img":"","footer-sml-layout":"","theme-transparent-header-meta":"","adv-header-id-meta":"","stick-header-meta":"","header-above-stick-meta":"","header-main-stick-meta":"","header-below-stick-meta":"","astra-migrate-meta-layouts":"default","ast-page-background-enabled":"default","ast-page-background-meta":{"desktop":{"background-color":"var(--ast-global-color-4)","background-image":"","background-repeat":"repeat","background-position":"center center","background-size":"auto","background-attachment":"scroll","background-type":"","background-media":"","overlay-type":"","overlay-color":"","overlay-gradient":""},"tablet":{"background-color":"","background-image":"","background-repeat":"repeat","background-position":"center center","background-size":"auto","background-attachment":"scroll","background-type":"","background-media":"","overlay-type":"","overlay-color":"","overlay-gradient":""},"mobile":{"background-color":"","background-image":"","background-repeat":"repeat","background-position":"center center","background-size":"auto","background-attachment":"scroll","background-type":"","background-media":"","overlay-type":"","overlay-color":"","overlay-gradient":""}},"ast-content-background-meta":{"desktop":{"background-color":"var(--ast-global-color-5)","background-image":"","background-repeat":"repeat","background-position":"center center","background-size":"auto","background-attachment":"scroll","background-type":"","background-media":"","overlay-type":"","overlay-color":"","overlay-gradient":""},"tablet":{"background-color":"var(--ast-global-color-5)","background-image":"","background-repeat":"repeat","background-position":"center center","background-size":"auto","background-attachment":"scroll","background-type":"","background-media":"","overlay-type":"","overlay-color":"","overlay-gradient":""},"mobile":{"background-color":"var(--ast-global-color-5)","background-image":"","background-repeat":"repeat","background-position":"center center","background-size":"auto","background-attachment":"scroll","background-type":"","background-media":"","overlay-type":"","overlay-color":"","overlay-gradient":""}},"footnotes":""},"categories":[612,613,3620,979,3621,18657],"tags":[41120,13553,18730,50925,11249,50926],"class_list":["post-16062","post","type-post","status-publish","format-standard","hentry","category-ciencias-juridicas-y-derecho","category-derecho-penal","category-derecho-procesal","category-derecho-y-legislacion-nacionales","category-organizacion-juridica","category-vigo","tag-eduardo-font-serra","tag-juan-damian-moreno","tag-juan-luis-gomez-colomer","tag-m-dolores-fernandez-fustes","tag-victor-moreno-catena","tag-villa-gomez-cebrian-marco"],"_links":{"self":[{"href":"https:\/\/www.deberes.net\/tesis\/wp-json\/wp\/v2\/posts\/16062","targetHints":{"allow":["GET"]}}],"collection":[{"href":"https:\/\/www.deberes.net\/tesis\/wp-json\/wp\/v2\/posts"}],"about":[{"href":"https:\/\/www.deberes.net\/tesis\/wp-json\/wp\/v2\/types\/post"}],"author":[{"embeddable":true,"href":"https:\/\/www.deberes.net\/tesis\/wp-json\/wp\/v2\/users\/1"}],"replies":[{"embeddable":true,"href":"https:\/\/www.deberes.net\/tesis\/wp-json\/wp\/v2\/comments?post=16062"}],"version-history":[{"count":0,"href":"https:\/\/www.deberes.net\/tesis\/wp-json\/wp\/v2\/posts\/16062\/revisions"}],"wp:attachment":[{"href":"https:\/\/www.deberes.net\/tesis\/wp-json\/wp\/v2\/media?parent=16062"}],"wp:term":[{"taxonomy":"category","embeddable":true,"href":"https:\/\/www.deberes.net\/tesis\/wp-json\/wp\/v2\/categories?post=16062"},{"taxonomy":"post_tag","embeddable":true,"href":"https:\/\/www.deberes.net\/tesis\/wp-json\/wp\/v2\/tags?post=16062"}],"curies":[{"name":"wp","href":"https:\/\/api.w.org\/{rel}","templated":true}]}}