{"id":16063,"date":"2018-03-09T09:03:30","date_gmt":"2018-03-09T09:03:30","guid":{"rendered":"https:\/\/www.deberes.net\/tesis\/sin-categoria\/la-cooperacion-reforzada-en-la-union-europea-concepto-naturaleza-y-regimen-jura%c2%addico\/"},"modified":"2018-03-09T09:03:30","modified_gmt":"2018-03-09T09:03:30","slug":"la-cooperacion-reforzada-en-la-union-europea-concepto-naturaleza-y-regimen-jura%c2%addico","status":"publish","type":"post","link":"https:\/\/www.deberes.net\/tesis\/ciencias-juridicas-y-derecho\/la-cooperacion-reforzada-en-la-union-europea-concepto-naturaleza-y-regimen-jura%c2%addico\/","title":{"rendered":"La cooperaci\u00f3n reforzada en la uni\u00f3n europea: concepto, naturaleza y r\u00e9gimen jur\u00eddico"},"content":{"rendered":"<h2>Tesis doctoral de <strong> Mariola Urrea Corres <\/strong><\/h2>\n<p>La presente tesis doctoral titulada \u00abla cooperaci\u00f3n reforzada en la uni\u00f3n europea: concepto, naturaleza y r\u00e9gimen jur\u00eddico\u00bb se articula en tres partes:  la primera de ellas aborda un estudio hist\u00f3rico y conceptual de los fen\u00f3menos de flexibilidad existentes a lo largo del proceso de integraci\u00f3n europea tanto en los tratados como el margen de los mismos (cap\u00edtulo 1), as\u00ed como la ex\u00e9gesis del nacimiento de la cl\u00e1usula de cooperaci\u00f3n reforzada en el tratado de amsterdam y su posterior modificaci\u00f3n en niza (cap\u00edtulo 2).  el n\u00facleo del trabajo se contiene en los nueve cap\u00edtulos que conforman la segunda parte. En ella se aborda adem\u00e1s de la naturaleza jur\u00eddica de la cooperaci\u00f3n reforzada (cap\u00edtulo 3), su r\u00e9gimen jur\u00eddico compuesto por una reglamentaci\u00f3n general u horizonal (cap\u00edtulos 4 y 5) y sendas reglamentaciones especiales en funci\u00f3n del \u00e1mbito en el que surjan las cooperaciones reforzadas: primer pilar (cap\u00edtulos 6 y 7), tercer pilar (cap\u00edtulo 8) y, tras el tratado de niza, tambi\u00e9n segundo pilar (cap\u00edtulo 9). Asimismo, esta segunda parte del trabajo analiza las relaciones que la puesta en marcha de un mecanismo de integraci\u00f3n diferenciada genera tanto respecto a los estados, participantes o no, en un proyecto de cooperaci\u00f3n reforzada (cap\u00edtulo 10), como las relaciones que se articulan en torno a los diferentes ordenamientos jur\u00eddicos, a saber, el ordenamiento jur\u00eddico de derecho comunitario \u00abgeneral\u00bb, el que pueda surgir en el marco de las cooperaciones reforzadas y, en su caso, el de los estados miembros de la uni\u00f3n europea (cap\u00edtulo 11).  la tercera parte del trabajo se centra, finalmente, en el an\u00e1lisis de otras t\u00e9cnicas de flexibilidad (distintas a la cl\u00e1sula de cooperaci\u00f3n reforzada) que el tratado de amsterdam ha incorporado en el \u00e1mbito de la pesc (cap\u00edtulo 12) y del espacio de libertad, seguridad y justicia (cap\u00edtulo 13).<\/p>\n<p>&nbsp;<\/p>\n<h3>Datos acad\u00e9micos de la tesis doctoral \u00ab<strong>La cooperaci\u00f3n reforzada en la uni\u00f3n europea: concepto, naturaleza y r\u00e9gimen jur\u00eddico<\/strong>\u00ab<\/h3>\n<ul>\n<li><strong>T\u00edtulo de la tesis:<\/strong>\u00a0 La cooperaci\u00f3n reforzada en la uni\u00f3n europea: concepto, naturaleza y r\u00e9gimen jur\u00eddico <\/li>\n<li><strong>Autor:<\/strong>\u00a0 Mariola Urrea Corres <\/li>\n<li><strong>Universidad:<\/strong>\u00a0 Rioja<\/li>\n<li><strong>Fecha de lectura de la tesis:<\/strong>\u00a0 14\/03\/2002<\/li>\n<\/ul>\n<p>&nbsp;<\/p>\n<h3>Direcci\u00f3n y tribunal<\/h3>\n<ul>\n<li><strong>Director de la tesis<\/strong>\n<ul>\n<li>Araceli Mangas Martin<\/li>\n<\/ul>\n<\/li>\n<li><strong>Tribunal<\/strong>\n<ul>\n<li>Presidente del tribunal: Francisco Aldecoa luzarraga <\/li>\n<li>Jos\u00e9 Manuel Sobrino heredia (vocal)<\/li>\n<li>romualdo Bermejo Garc\u00eda (vocal)<\/li>\n<li>Javier Rold\u00e1n barbero (vocal)<\/li>\n<\/ul>\n<\/li>\n<\/ul>\n<p>&nbsp;<\/p>\n","protected":false},"excerpt":{"rendered":"<p>Tesis doctoral de Mariola Urrea Corres La presente tesis doctoral titulada \u00abla cooperaci\u00f3n reforzada en la uni\u00f3n europea: concepto, naturaleza [&hellip;]<\/p>\n","protected":false},"author":1,"featured_media":0,"comment_status":"open","ping_status":"open","sticky":false,"template":"","format":"standard","meta":{"site-sidebar-layout":"default","site-content-layout":"","ast-site-content-layout":"","site-content-style":"default","site-sidebar-style":"default","ast-global-header-display":"","ast-banner-title-visibility":"","ast-main-header-display":"","ast-hfb-above-header-display":"","ast-hfb-below-header-display":"","ast-hfb-mobile-header-display":"","site-post-title":"","ast-breadcrumbs-content":"","ast-featured-img":"","footer-sml-layout":"","theme-transparent-header-meta":"","adv-header-id-meta":"","stick-header-meta":"","header-above-stick-meta":"","header-main-stick-meta":"","header-below-stick-meta":"","astra-migrate-meta-layouts":"default","ast-page-background-enabled":"default","ast-page-background-meta":{"desktop":{"background-color":"var(--ast-global-color-4)","background-image":"","background-repeat":"repeat","background-position":"center center","background-size":"auto","background-attachment":"scroll","background-type":"","background-media":"","overlay-type":"","overlay-color":"","overlay-gradient":""},"tablet":{"background-color":"","background-image":"","background-repeat":"repeat","background-position":"center center","background-size":"auto","background-attachment":"scroll","background-type":"","background-media":"","overlay-type":"","overlay-color":"","overlay-gradient":""},"mobile":{"background-color":"","background-image":"","background-repeat":"repeat","background-position":"center center","background-size":"auto","background-attachment":"scroll","background-type":"","background-media":"","overlay-type":"","overlay-color":"","overlay-gradient":""}},"ast-content-background-meta":{"desktop":{"background-color":"var(--ast-global-color-5)","background-image":"","background-repeat":"repeat","background-position":"center center","background-size":"auto","background-attachment":"scroll","background-type":"","background-media":"","overlay-type":"","overlay-color":"","overlay-gradient":""},"tablet":{"background-color":"var(--ast-global-color-5)","background-image":"","background-repeat":"repeat","background-position":"center center","background-size":"auto","background-attachment":"scroll","background-type":"","background-media":"","overlay-type":"","overlay-color":"","overlay-gradient":""},"mobile":{"background-color":"var(--ast-global-color-5)","background-image":"","background-repeat":"repeat","background-position":"center center","background-size":"auto","background-attachment":"scroll","background-type":"","background-media":"","overlay-type":"","overlay-color":"","overlay-gradient":""}},"footnotes":""},"categories":[612,1211,6334,18890],"tags":[9750,4621,36827,13836,50927,23390],"class_list":["post-16063","post","type-post","status-publish","format-standard","hentry","category-ciencias-juridicas-y-derecho","category-derecho-internacional","category-derecho-internacional-publico","category-rioja","tag-araceli-mangas-martin","tag-francisco-aldecoa-luzarraga","tag-javier-roldan-barbero","tag-jose-manuel-sobrino-heredia","tag-mariola-urrea-corres","tag-romualdo-bermejo-garcia"],"_links":{"self":[{"href":"https:\/\/www.deberes.net\/tesis\/wp-json\/wp\/v2\/posts\/16063","targetHints":{"allow":["GET"]}}],"collection":[{"href":"https:\/\/www.deberes.net\/tesis\/wp-json\/wp\/v2\/posts"}],"about":[{"href":"https:\/\/www.deberes.net\/tesis\/wp-json\/wp\/v2\/types\/post"}],"author":[{"embeddable":true,"href":"https:\/\/www.deberes.net\/tesis\/wp-json\/wp\/v2\/users\/1"}],"replies":[{"embeddable":true,"href":"https:\/\/www.deberes.net\/tesis\/wp-json\/wp\/v2\/comments?post=16063"}],"version-history":[{"count":0,"href":"https:\/\/www.deberes.net\/tesis\/wp-json\/wp\/v2\/posts\/16063\/revisions"}],"wp:attachment":[{"href":"https:\/\/www.deberes.net\/tesis\/wp-json\/wp\/v2\/media?parent=16063"}],"wp:term":[{"taxonomy":"category","embeddable":true,"href":"https:\/\/www.deberes.net\/tesis\/wp-json\/wp\/v2\/categories?post=16063"},{"taxonomy":"post_tag","embeddable":true,"href":"https:\/\/www.deberes.net\/tesis\/wp-json\/wp\/v2\/tags?post=16063"}],"curies":[{"name":"wp","href":"https:\/\/api.w.org\/{rel}","templated":true}]}}