{"id":16065,"date":"2018-03-09T09:03:31","date_gmt":"2018-03-09T09:03:31","guid":{"rendered":"https:\/\/www.deberes.net\/tesis\/sin-categoria\/estres-laboral-insatisfaccion-laboral-y-burnout-en-los-profesionales-de-la-salud-un-estudio-empa%c2%adrico\/"},"modified":"2018-03-09T09:03:31","modified_gmt":"2018-03-09T09:03:31","slug":"estres-laboral-insatisfaccion-laboral-y-burnout-en-los-profesionales-de-la-salud-un-estudio-empa%c2%adrico","status":"publish","type":"post","link":"https:\/\/www.deberes.net\/tesis\/psicologia\/estres-laboral-insatisfaccion-laboral-y-burnout-en-los-profesionales-de-la-salud-un-estudio-empa%c2%adrico\/","title":{"rendered":"Estr\u00e9s laboral, insatisfacci\u00f3n laboral y burnout en los profesionales de la salud: un estudio emp\u00edrico"},"content":{"rendered":"<h2>Tesis doctoral de <strong> Victoria C\u00e1ceres Lema <\/strong><\/h2>\n<p>Las consecuencias negativas derivadas del \u00e1mbito laboral, ya sea bajo la r\u00fabica de estr\u00e9s laboral, de insatisfacci\u00f3n laboral o de burnout, se han convertido en las \u00faltimas d\u00e9cadas en uno de los temas socio-sanitarios que mayor inter\u00e9s ha generado entre los miembros de la comunidad cient\u00edfica interesados en el campo de la salud. Sin embargo, cabe rese\u00f1ar que esta \u00e1rea de trabajo ha tenido un devenir irregular y espasm\u00f3dico, con una acusada proliferaci\u00f3n de estudios que, mediatizados en gran medida por la urgencia temporal de proporcionar respuestas r\u00e1pidas a este fen\u00f3meno, arrojaron una ingente cantidad de datos: en ocasiones irrelevantes dada su naturaleza descriptiva y, con frecuencia, poco satisfactorios. Exist\u00edan, a este respecto, distintos factores que parec\u00edan \u00abdinamitar\u00bb cualquier tentativa de conocimiento acumulativo (por ejemplo, la pluralidad sem\u00e1ntica y la ambig\u00ed\u00bcedad conceptual -estr\u00e9s, bournout, insatisfacci\u00f3n laboral- parec\u00edan competir para buscar su hueco explicativo-, los problemas de medida, la diversidad de muestras analizadas, y un largo etc\u00e9tera). El resultado fue una notable diseminaci\u00f3n de resultados, un campo calificado de fragmentaci\u00f3n, una evidencia confusa y contradictoria y, en definitiva, una falta de coherencia global del \u00e1rea de estudio. Pero, entre el complejo entramado de resultados y consiguientes diatribas, un hallazgo emergi\u00f3 con fuerza inusitada: los profesionales de la salud constitu\u00edan una poblaci\u00f3n de \u00abalto riesgo\u00bb y, como no podr\u00eda ser de otro modo, un objetivo \u00abfocal\u00bb de la investigaci\u00f3n.  este trabajo supone planteamiento actualizado del malestar laboral (o, m\u00e1s espec\u00edficamente, sus manifestaciones: estr\u00e9s, insatisfacci\u00f3n, burnout) en los profesionales de la salud, incorporando planteamientos te\u00f3ricos contempor\u00e1neos y desde una perspectiva integradora. Con este prop\u00f3sito, se ha dividido esta investigaci\u00f3n en dos partes claramente diferenciadas:  en la primera, q<\/p>\n<p>&nbsp;<\/p>\n<h3>Datos acad\u00e9micos de la tesis doctoral \u00ab<strong>Estr\u00e9s laboral, insatisfacci\u00f3n laboral y burnout en los profesionales de la salud: un estudio emp\u00edrico<\/strong>\u00ab<\/h3>\n<ul>\n<li><strong>T\u00edtulo de la tesis:<\/strong>\u00a0 Estr\u00e9s laboral, insatisfacci\u00f3n laboral y burnout en los profesionales de la salud: un estudio emp\u00edrico <\/li>\n<li><strong>Autor:<\/strong>\u00a0 Victoria C\u00e1ceres Lema <\/li>\n<li><strong>Universidad:<\/strong>\u00a0 Santiago de compostela<\/li>\n<li><strong>Fecha de lectura de la tesis:<\/strong>\u00a0 15\/03\/2002<\/li>\n<\/ul>\n<p>&nbsp;<\/p>\n<h3>Direcci\u00f3n y tribunal<\/h3>\n<ul>\n<li><strong>Director de la tesis<\/strong>\n<ul>\n<li> Otero L\u00f3pez Jos\u00e9 Manuel<\/li>\n<\/ul>\n<\/li>\n<li><strong>Tribunal<\/strong>\n<ul>\n<li>Presidente del tribunal:  Veira veira Jos\u00e9 Luis <\/li>\n<li>Mar\u00eda Lameiras fern\u00e1ndez (vocal)<\/li>\n<li> \u00e1lvarez prechous angel Jos\u00e9 carmelo (vocal)<\/li>\n<li>lourdes Mir\u00f3n  redondo (vocal)<\/li>\n<\/ul>\n<\/li>\n<\/ul>\n<p>&nbsp;<\/p>\n","protected":false},"excerpt":{"rendered":"<p>Tesis doctoral de Victoria C\u00e1ceres Lema Las consecuencias negativas derivadas del \u00e1mbito laboral, ya sea bajo la r\u00fabica de estr\u00e9s [&hellip;]<\/p>\n","protected":false},"author":1,"featured_media":0,"comment_status":"open","ping_status":"open","sticky":false,"template":"","format":"standard","meta":{"site-sidebar-layout":"default","site-content-layout":"","ast-site-content-layout":"","site-content-style":"default","site-sidebar-style":"default","ast-global-header-display":"","ast-banner-title-visibility":"","ast-main-header-display":"","ast-hfb-above-header-display":"","ast-hfb-below-header-display":"","ast-hfb-mobile-header-display":"","site-post-title":"","ast-breadcrumbs-content":"","ast-featured-img":"","footer-sml-layout":"","theme-transparent-header-meta":"","adv-header-id-meta":"","stick-header-meta":"","header-above-stick-meta":"","header-main-stick-meta":"","header-below-stick-meta":"","astra-migrate-meta-layouts":"default","ast-page-background-enabled":"default","ast-page-background-meta":{"desktop":{"background-color":"var(--ast-global-color-4)","background-image":"","background-repeat":"repeat","background-position":"center center","background-size":"auto","background-attachment":"scroll","background-type":"","background-media":"","overlay-type":"","overlay-color":"","overlay-gradient":""},"tablet":{"background-color":"","background-image":"","background-repeat":"repeat","background-position":"center center","background-size":"auto","background-attachment":"scroll","background-type":"","background-media":"","overlay-type":"","overlay-color":"","overlay-gradient":""},"mobile":{"background-color":"","background-image":"","background-repeat":"repeat","background-position":"center center","background-size":"auto","background-attachment":"scroll","background-type":"","background-media":"","overlay-type":"","overlay-color":"","overlay-gradient":""}},"ast-content-background-meta":{"desktop":{"background-color":"var(--ast-global-color-5)","background-image":"","background-repeat":"repeat","background-position":"center center","background-size":"auto","background-attachment":"scroll","background-type":"","background-media":"","overlay-type":"","overlay-color":"","overlay-gradient":""},"tablet":{"background-color":"var(--ast-global-color-5)","background-image":"","background-repeat":"repeat","background-position":"center center","background-size":"auto","background-attachment":"scroll","background-type":"","background-media":"","overlay-type":"","overlay-color":"","overlay-gradient":""},"mobile":{"background-color":"var(--ast-global-color-5)","background-image":"","background-repeat":"repeat","background-position":"center center","background-size":"auto","background-attachment":"scroll","background-type":"","background-media":"","overlay-type":"","overlay-color":"","overlay-gradient":""}},"footnotes":""},"categories":[32400,7071,6025,7125,6894,324,961,7126,977],"tags":[50932,46868,2872,40273,5500,50931],"class_list":["post-16065","post","type-post","status-publish","format-standard","hentry","category-desarrollo-de-la-personalidad","category-desordenes-del-comportamiento","category-estudio-psicologico-de-cuestiones-sociales","category-motivacion-laboral-y-actitudes","category-personalidad","category-psicologia","category-psicologia-de-la-anormalidad","category-psicologia-industrial","category-santiago-de-compostela","tag-alvarez-prechous-angel-jose-carmelo","tag-lourdes-miron-redondo","tag-maria-lameiras-fernandez","tag-otero-lopez-jose-manuel","tag-veira-veira-jose-luis","tag-victoria-caceres-lema"],"_links":{"self":[{"href":"https:\/\/www.deberes.net\/tesis\/wp-json\/wp\/v2\/posts\/16065","targetHints":{"allow":["GET"]}}],"collection":[{"href":"https:\/\/www.deberes.net\/tesis\/wp-json\/wp\/v2\/posts"}],"about":[{"href":"https:\/\/www.deberes.net\/tesis\/wp-json\/wp\/v2\/types\/post"}],"author":[{"embeddable":true,"href":"https:\/\/www.deberes.net\/tesis\/wp-json\/wp\/v2\/users\/1"}],"replies":[{"embeddable":true,"href":"https:\/\/www.deberes.net\/tesis\/wp-json\/wp\/v2\/comments?post=16065"}],"version-history":[{"count":0,"href":"https:\/\/www.deberes.net\/tesis\/wp-json\/wp\/v2\/posts\/16065\/revisions"}],"wp:attachment":[{"href":"https:\/\/www.deberes.net\/tesis\/wp-json\/wp\/v2\/media?parent=16065"}],"wp:term":[{"taxonomy":"category","embeddable":true,"href":"https:\/\/www.deberes.net\/tesis\/wp-json\/wp\/v2\/categories?post=16065"},{"taxonomy":"post_tag","embeddable":true,"href":"https:\/\/www.deberes.net\/tesis\/wp-json\/wp\/v2\/tags?post=16065"}],"curies":[{"name":"wp","href":"https:\/\/api.w.org\/{rel}","templated":true}]}}