{"id":16067,"date":"2018-03-09T09:03:31","date_gmt":"2018-03-09T09:03:31","guid":{"rendered":"https:\/\/www.deberes.net\/tesis\/sin-categoria\/evaristo-correa-calderon-na-literatura-galega-contemporanea-vangardismo-e-galeguismo\/"},"modified":"2018-03-09T09:03:31","modified_gmt":"2018-03-09T09:03:31","slug":"evaristo-correa-calderon-na-literatura-galega-contemporanea-vangardismo-e-galeguismo","status":"publish","type":"post","link":"https:\/\/www.deberes.net\/tesis\/historia\/evaristo-correa-calderon-na-literatura-galega-contemporanea-vangardismo-e-galeguismo\/","title":{"rendered":"Evaristo correa calder\u00f3n na literatura galega contemporanea. vangardismo e galeguismo"},"content":{"rendered":"<h2>Tesis doctoral de <strong> Xulio Pardo De Neyra Fernandez Couso <\/strong><\/h2>\n<p>El trabajo trata de desvelar la doble vertiente de la actividad de evaristo correa calder\u00f3n (1899-1986) en la literatura gallega anterior a la guerra civil: por una parte su pionera introducci\u00f3n en el galleguismo emergente de comienzos del siglo xx, por la otra su inmersi\u00f3n en el temprano sistema de vanguardistas de la literatura espa\u00f1ola. Esto posibilit\u00f3 que ensayase con los teoremas de los ismos y que, a continuaci\u00f3n, crease los primeros documentos vanguardistas de la poesia gallega, los \u00abpoemas sinxelos\u00bb, que entre 1917 y 1921 vieron la luz en a nosa terra.  por medio de un viaje bio-bibliografico y academico-profesional se intenta presentar a correa como uno de los primeros escritores afiliados al vanguardismo peninsular, como el autor del primer cuento infantil de la literatura gallega, el primer escritor que inici\u00f3 una revista de vanguardia, uno de los pilares b\u00e1sicos del acercamiento cultural con el mundo portugues y, por eso, uno de los primeros reintegraciones del siglo xx y, m\u00e1s tarde, uno de los gallegos que m\u00e1s rapidamente comulgaron con el franquismo, sistema al que contribuyo con significadas colaboraciones publicadas en arriba o escorial.<\/p>\n<p>&nbsp;<\/p>\n<h3>Datos acad\u00e9micos de la tesis doctoral \u00ab<strong>Evaristo correa calder\u00f3n na literatura galega contemporanea. vangardismo e galeguismo<\/strong>\u00ab<\/h3>\n<ul>\n<li><strong>T\u00edtulo de la tesis:<\/strong>\u00a0 Evaristo correa calder\u00f3n na literatura galega contemporanea. vangardismo e galeguismo <\/li>\n<li><strong>Autor:<\/strong>\u00a0 Xulio Pardo De Neyra Fernandez Couso <\/li>\n<li><strong>Universidad:<\/strong>\u00a0 Santiago de compostela<\/li>\n<li><strong>Fecha de lectura de la tesis:<\/strong>\u00a0 15\/03\/2002<\/li>\n<\/ul>\n<p>&nbsp;<\/p>\n<h3>Direcci\u00f3n y tribunal<\/h3>\n<ul>\n<li><strong>Director de la tesis<\/strong>\n<ul>\n<li>Anxo Tarr\u00edo Varela<\/li>\n<\/ul>\n<\/li>\n<li><strong>Tribunal<\/strong>\n<ul>\n<li>Presidente del tribunal:  Fernandez del riego Francisco <\/li>\n<li>arcadio Lopez casanova (vocal)<\/li>\n<li>xesus Alonso montero (vocal)<\/li>\n<li>pilar Vazquez cuesta (vocal)<\/li>\n<\/ul>\n<\/li>\n<\/ul>\n<p>&nbsp;<\/p>\n","protected":false},"excerpt":{"rendered":"<p>Tesis doctoral de Xulio Pardo De Neyra Fernandez Couso El trabajo trata de desvelar la doble vertiente de la actividad [&hellip;]<\/p>\n","protected":false},"author":1,"featured_media":0,"comment_status":"open","ping_status":"open","sticky":false,"template":"","format":"standard","meta":{"site-sidebar-layout":"default","site-content-layout":"","ast-site-content-layout":"","site-content-style":"default","site-sidebar-style":"default","ast-global-header-display":"","ast-banner-title-visibility":"","ast-main-header-display":"","ast-hfb-above-header-display":"","ast-hfb-below-header-display":"","ast-hfb-mobile-header-display":"","site-post-title":"","ast-breadcrumbs-content":"","ast-featured-img":"","footer-sml-layout":"","theme-transparent-header-meta":"","adv-header-id-meta":"","stick-header-meta":"","header-above-stick-meta":"","header-main-stick-meta":"","header-below-stick-meta":"","astra-migrate-meta-layouts":"default","ast-page-background-enabled":"default","ast-page-background-meta":{"desktop":{"background-color":"var(--ast-global-color-4)","background-image":"","background-repeat":"repeat","background-position":"center center","background-size":"auto","background-attachment":"scroll","background-type":"","background-media":"","overlay-type":"","overlay-color":"","overlay-gradient":""},"tablet":{"background-color":"","background-image":"","background-repeat":"repeat","background-position":"center center","background-size":"auto","background-attachment":"scroll","background-type":"","background-media":"","overlay-type":"","overlay-color":"","overlay-gradient":""},"mobile":{"background-color":"","background-image":"","background-repeat":"repeat","background-position":"center center","background-size":"auto","background-attachment":"scroll","background-type":"","background-media":"","overlay-type":"","overlay-color":"","overlay-gradient":""}},"ast-content-background-meta":{"desktop":{"background-color":"var(--ast-global-color-5)","background-image":"","background-repeat":"repeat","background-position":"center center","background-size":"auto","background-attachment":"scroll","background-type":"","background-media":"","overlay-type":"","overlay-color":"","overlay-gradient":""},"tablet":{"background-color":"var(--ast-global-color-5)","background-image":"","background-repeat":"repeat","background-position":"center center","background-size":"auto","background-attachment":"scroll","background-type":"","background-media":"","overlay-type":"","overlay-color":"","overlay-gradient":""},"mobile":{"background-color":"var(--ast-global-color-5)","background-image":"","background-repeat":"repeat","background-position":"center center","background-size":"auto","background-attachment":"scroll","background-type":"","background-media":"","overlay-type":"","overlay-color":"","overlay-gradient":""}},"footnotes":""},"categories":[2965,104,5812,222,977],"tags":[3161,46012,50936,19046,3320,50935],"class_list":["post-16067","post","type-post","status-publish","format-standard","hentry","category-estilo-y-estetica-literarios","category-historia","category-historia-del-periodismo","category-historias-especializadas","category-santiago-de-compostela","tag-anxo-tarrio-varela","tag-arcadio-lopez-casanova","tag-fernandez-del-riego-francisco","tag-pilar-vazquez-cuesta","tag-xesus-alonso-montero","tag-xulio-pardo-de-neyra-fernandez-couso"],"_links":{"self":[{"href":"https:\/\/www.deberes.net\/tesis\/wp-json\/wp\/v2\/posts\/16067","targetHints":{"allow":["GET"]}}],"collection":[{"href":"https:\/\/www.deberes.net\/tesis\/wp-json\/wp\/v2\/posts"}],"about":[{"href":"https:\/\/www.deberes.net\/tesis\/wp-json\/wp\/v2\/types\/post"}],"author":[{"embeddable":true,"href":"https:\/\/www.deberes.net\/tesis\/wp-json\/wp\/v2\/users\/1"}],"replies":[{"embeddable":true,"href":"https:\/\/www.deberes.net\/tesis\/wp-json\/wp\/v2\/comments?post=16067"}],"version-history":[{"count":0,"href":"https:\/\/www.deberes.net\/tesis\/wp-json\/wp\/v2\/posts\/16067\/revisions"}],"wp:attachment":[{"href":"https:\/\/www.deberes.net\/tesis\/wp-json\/wp\/v2\/media?parent=16067"}],"wp:term":[{"taxonomy":"category","embeddable":true,"href":"https:\/\/www.deberes.net\/tesis\/wp-json\/wp\/v2\/categories?post=16067"},{"taxonomy":"post_tag","embeddable":true,"href":"https:\/\/www.deberes.net\/tesis\/wp-json\/wp\/v2\/tags?post=16067"}],"curies":[{"name":"wp","href":"https:\/\/api.w.org\/{rel}","templated":true}]}}